{"id":18911,"date":"2025-05-19T08:30:47","date_gmt":"2025-05-19T06:30:47","guid":{"rendered":"https:\/\/serveiseducatius.xtec.cat\/altmaresme\/?p=18911"},"modified":"2025-02-11T13:51:45","modified_gmt":"2025-02-11T12:51:45","slug":"les-xarxes-socials-la-missatgeria-instantania-etc-estan-modificant-la-manera-de-comunicar-nos-de-treballar-de-generar-informacio-i-de-compartir-el-coneixement","status":"publish","type":"post","link":"https:\/\/serveiseducatius.xtec.cat\/altmaresme\/portada\/les-xarxes-socials-la-missatgeria-instantania-etc-estan-modificant-la-manera-de-comunicar-nos-de-treballar-de-generar-informacio-i-de-compartir-el-coneixement\/","title":{"rendered":"Les xarxes socials, la missatgeria instant\u00e0nia, etc. estan modificant la manera de comunicar-nos, de treballar, de generar informaci\u00f3 i de compartir el coneixement."},"content":{"rendered":"<p>Vivim en un m\u00f3n on la informaci\u00f3 \u00e9s poder i tenim a la nostra disposici\u00f3 un volum de dades immens. Aquest nou entorn de treball genera la necessitat de generar i establir criteris i sistemes de selecci\u00f3 d&#8217;informaci\u00f3 per poder destriar la informaci\u00f3 real, fiable i de qualitat d&#8217;aquella que no ho \u00e9s.\u00a0Aix\u00f2 incideix, de manera molt directa, en la biblioteca. Fins fa relativament poc, el coneixement estava &#8220;monopolitzat&#8221; pels centres d&#8217;informaci\u00f3 i documentaci\u00f3. La informaci\u00f3 s&#8217;acumulava en edificis i el seu acc\u00e9s era limitat, per\u00f2 amb l&#8217;aparici\u00f3 d&#8217;internet el m\u00f3n es capgira fent que la cultura es democratitzi i surti d&#8217;aquests espais circulant lliurement. Aix\u00ed, davant l\u2019allau d\u2019informaci\u00f3, sorgeix una nova necessitat que \u00e9s la de formar-se en capacitats i habilitats per navegar en aquest entorn; el pensament cr\u00edtic \u00e9s essencial: comparar, contrastar, verificar s\u00f3n verbs que han d&#8217;estar molt presents en el pensament de l&#8217;alumne. Aix\u00f2 fa que la biblioteca i el bibliotecari adquireixin noves funcions.<\/p>\n<p>El <a href=\"https:\/\/ateneu.xtec.cat\/wikiform\/wikiexport\/cmd\/bib\/dir\/index\">BESCAT<\/a>(biblioteques escolars) ofereix els materials de formaci\u00f3 per introduir i treballar conceptes bibliotecaris a la comunitat educativa a l&#8217;espai Ateneu d&#8217;Odissea de manera oberta.<\/p>\n<p><a href=\"https:\/\/serveiseducatius.xtec.cat\/altmaresme\/wp-content\/uploads\/usu1140\/2025\/02\/be-ateneu.png\"><img loading=\"lazy\" decoding=\"async\" class=\"alignnone size-full wp-image-18895\" src=\"https:\/\/serveiseducatius.xtec.cat\/altmaresme\/wp-content\/uploads\/usu1140\/2025\/02\/be-ateneu.png\" alt=\"\" width=\"840\" height=\"194\" srcset=\"https:\/\/serveiseducatius.xtec.cat\/altmaresme\/wp-content\/uploads\/usu1140\/2025\/02\/be-ateneu.png 840w, https:\/\/serveiseducatius.xtec.cat\/altmaresme\/wp-content\/uploads\/usu1140\/2025\/02\/be-ateneu-300x69.png 300w, https:\/\/serveiseducatius.xtec.cat\/altmaresme\/wp-content\/uploads\/usu1140\/2025\/02\/be-ateneu-768x177.png 768w\" sizes=\"auto, (max-width: 840px) 100vw, 840px\" \/><\/a><\/p>\n<p>Avui us animem a tafanejar el material que fa refer\u00e8ncia a aspectes digitals.<\/p>\n<ul class=\"fix-media-list-overlap\">\n<li class=\"level1\">\n<div class=\"li\"><a class=\"wikilink1\" title=\"cmd:bib:bami:index\" href=\"https:\/\/ateneu.xtec.cat\/wikiform\/wikiexport\/cmd\/bib\/bami\/index\">BAMI: Biblioteca escolar i alfabetitzaci\u00f3 medi\u00e0tica i informacional<\/a>. <span style=\"font-family: inherit; font-size: 1em;\">L&#8217;impacte de la tecnologia dins de la societat i, especialment, en el sector educatiu, ha generat la necessitat de desenvolupar compet\u00e8ncies i destreses que ajudin a l&#8217;alumnat a moure&#8217;s de manera aut\u00f2noma i \u00e0gil en un entorn divers i canviant. <\/span><span style=\"font-family: inherit; font-size: 1em;\">La finalitat d&#8217;aquest curs \u00e9s con\u00e8ixer en profunditat quines s\u00f3n les caracter\u00edstiques principals de la realitat informacional que vivim, la necessitat de generar uns criteris de cerca, selecci\u00f3 i tractament de la informaci\u00f3 ferms que facin que la gesti\u00f3 dels materials i recursos posteriors sigui diligent i \u00e0gil.<\/span>No podem oblidar que aquests aspectes t\u00e8cnics han d&#8217;anar associats a una finalitat did\u00e0ctica, pel que es fa necessari con\u00e8ixer metodologies i propostes did\u00e0ctiques que afavoreixin la seva integraci\u00f3. Els m\u00f2duls que conformen aquest curs s\u00f3n:<\/p>\n<ul class=\"fix-media-list-overlap\">\n<li class=\"level1\">\n<div class=\"li\">M\u00f2dul 1:\u00a0La biblioteca escolar en la societat de la informaci\u00f3.<\/div>\n<\/li>\n<li class=\"level2\">\n<div class=\"li\">M\u00f2dul 2:\u00a0El proc\u00e9s de recerca i investigaci\u00f3.<\/div>\n<\/li>\n<li class=\"level2\">\n<div class=\"li\">M\u00f2dul 3:\u00a0Tractament de la informaci\u00f3 i comunicaci\u00f3 del coneixement.<\/div>\n<\/li>\n<li class=\"level2\">\n<div class=\"li\">M\u00f2dul 4:\u00a0La biblioteca escolar com a espai de formaci\u00f3.<\/div>\n<\/li>\n<\/ul>\n<\/div>\n<\/li>\n<\/ul>\n<div class=\"li\">\n<ul>\n<li class=\"level1\">\n<div class=\"li\"><a class=\"wikilink1\" title=\"cmd:bib:berc:index\" href=\"https:\/\/ateneu.xtec.cat\/wikiform\/wikiexport\/cmd\/bib\/berc\/index\">BERI: Biblioteca escolar i recursos d&#8217;informaci\u00f3<\/a>. El curs pret\u00e9n acompanyar en l&#8217;an\u00e0lisi, reflexi\u00f3, disseny i implementaci\u00f3 tant de l&#8217;eina tecnol\u00f2gica com de les fonts a triar. Per aix\u00f2 es presenten alguns models de centres educatius que estan actualment implementant la seva biblioteca digital. Cal, per\u00f2, introduir i con\u00e8ixer alguns conceptes bibliotecon\u00f2mics vinculats a la cerca i a la recuperaci\u00f3 de la informaci\u00f3 en el marc escolar. Finalment, dediquem un m\u00f2dul a la dimensi\u00f3 i l&#8217;oportunitat formativa d&#8217;aquest espai digital. <span style=\"font-family: inherit; font-size: 1em;\">Els objectius que es proposen en aquest curs s\u00f3n:<\/span><\/p>\n<ul class=\"fix-media-list-overlap\">\n<li class=\"level1\">\n<div class=\"li\">Crear la biblioteca digital del centre educatiu amb criteris de qualitat.<\/div>\n<\/li>\n<li class=\"level1\">\n<div class=\"li\">Coneixer els conceptes basics de la biblioteconomia, pedagogia i tecnologia necessaris per a la creaci\u00f3 de la biblioteca digital del centre educatiu..<\/div>\n<\/li>\n<li class=\"level1\">\n<div class=\"li\">Identificar i explorar diferents recursos i fonts d&#8217;informaci\u00f3 en l\u00ednia adients a l&#8217;usuari escolar.<\/div>\n<\/li>\n<li class=\"level1\">\n<div class=\"li\">Familiaritzar-se amb les interf\u00edcies de consulta de diferents fonts d&#8217;informaci\u00f3.<\/div>\n<\/li>\n<li class=\"level1\">\n<div class=\"li\">Dissenyar activitats formatives.<\/div>\n<\/li>\n<\/ul>\n<\/div>\n<\/li>\n<li><a class=\"wikilink1\" title=\"cmd:bib:beea:index\" href=\"https:\/\/ateneu.xtec.cat\/wikiform\/wikiexport\/cmd\/bib\/beea\/index\">BEMD: Biblioteca escolar en el m\u00f3n digital<\/a>. <span style=\"font-family: inherit; font-size: 1em;\">La biblioteca escolar, com a CRAE (Centre de Recursos per a l\u2019Aprenentatge i l\u2019Ensenyament), ha d\u2019oferir recursos i formaci\u00f3 al conjunt de la comunitat educativa. <\/span>La finalitat d&#8217;aquest curs \u00e9s oferir els coneixements b\u00e0sics per construir i desenvolupar els espais digitals de la biblioteca escolar; aquests espais han de donar suport a l&#8217;acci\u00f3 docent, als alumnes en les seves accions acad\u00e8miques, oferir productes digitals educatius de qualitat i posar-los a l&#8217;abast de la comunitat educativa. La creaci\u00f3 d&#8217;aquests espais i recursos aniran associats al desenvolupament d&#8217;un pla d&#8217;acci\u00f3 digital que determinar\u00e0 les accions priorit\u00e0ries i m\u00e9s necess\u00e0ries pel desenvolupament d&#8217;aquests espais.\u00a0<span style=\"font-family: inherit; font-size: 1em;\">Els objectius del curs s\u00f3n:<\/span><\/li>\n<\/ul>\n<div class=\"level2\">\n<ol class=\"fix-media-list-overlap\">\n<li class=\"level1\">\n<div class=\"li\">Familiaritzar-se amb el concepte de \u201cWeb 2.0\u201d, con\u00e8ixer les seves caracter\u00edstiques i la seva aplicaci\u00f3 a l\u2019entorn educatiu.<\/div>\n<\/li>\n<li class=\"level1\">\n<div class=\"li\">Valorar la necessitat de digitalitzaci\u00f3 de la biblioteca escolar.<\/div>\n<\/li>\n<li class=\"level1\">\n<div class=\"li\">Utilitzar eines digitals per a millorar la difusi\u00f3 i la gesti\u00f3 de la biblioteca escolar a la xarxa, aix\u00ed com per treballar amb la informaci\u00f3.<\/div>\n<\/li>\n<li class=\"level1\">\n<div class=\"li\">Utilitzar eines digitals per a crear i compartir coneixement des de la biblioteca escolar.<\/div>\n<\/li>\n<li class=\"level1\">\n<div class=\"li\">Elaborar una proposta de digitalitzaci\u00f3 de la biblioteca escolar (Pla d&#8217;acci\u00f3 2.0) en el marc del projecte de la biblioteca del centre.<\/div>\n<\/li>\n<\/ol>\n<\/div>\n<\/div>\n<div class=\"level3\">\n<div class=\"li\">\n<ul class=\"fix-media-list-overlap\">\n<li class=\"level1\">\n<div class=\"li\"><a class=\"wikilink1\" title=\"cmd:bib:bebl:index\" href=\"https:\/\/ateneu.xtec.cat\/wikiform\/wikiexport\/cmd\/bib\/bebl\/index\">BEBL: El blog de la biblioteca escolar<\/a>. <span style=\"font-family: inherit; font-size: 1em;\">La finalitat d\u2019aquest curs \u00e9s proporcionar els coneixements b\u00e0sics que permetin, al llarg dels diversos m\u00f2duls, la creaci\u00f3, el disseny i el manteniment d\u2019un blog per a la biblioteca escolar com a porta d&#8217;entrada al m\u00f3n digital. <\/span><span style=\"font-family: inherit; font-size: 1em;\">Els objectius del curs s\u00f3n:<\/span><\/div>\n<\/li>\n<\/ul>\n<div class=\"li\">\n<ol class=\"fix-media-list-overlap\">\n<li class=\"level1\">\n<div class=\"li\">Iniciar-se en la creaci\u00f3 i el disseny d\u2019un blog per a la biblioteca escolar.<\/div>\n<\/li>\n<li class=\"level1\">\n<div class=\"li\">Planificar i dissenyar l&#8217;estructura formal i els continguts que ha de tenir.<\/div>\n<\/li>\n<li class=\"level1\">\n<div class=\"li\">Aprendre a configurar, administrar i usar la plataforma triada pel centre com a gestor de continguts d&#8217;entre les que ofereix el curs: Nodes o XTECBlocs.<\/div>\n<\/li>\n<li class=\"level1\">\n<div class=\"li\">Adquirir estrat\u00e8gies de m\u00e0rqueting digital per fer m\u00e9s atractiva la publicaci\u00f3 de continguts.<\/div>\n<\/li>\n<li class=\"level1\">\n<div class=\"li\">Con\u00e8ixer exemples reeixits d\u2019alguns blogs de biblioteca escolar.<\/div>\n<\/li>\n<li class=\"level1\">\n<div class=\"li\">Planificar les tasques de manteniment del blog de la biblioteca escolar.<\/div>\n<\/li>\n<\/ol>\n<\/div>\n<\/div>\n<\/div>\n<div>\n<ul class=\"fix-media-list-overlap\">\n<li class=\"level1\">\n<div class=\"li\"><a class=\"wikilink1\" title=\"cmd:bib:tbbe:index\" href=\"https:\/\/ateneu.xtec.cat\/wikiform\/wikiexport\/cmd\/bib\/tbbe\/index\">BETB: Tutorials per a la creaci\u00f3 de la secci\u00f3 o del blog de la biblioteca<\/a>. Aquests tutorials s\u00f3n una separata del curs de formaci\u00f3\u00a0<a class=\"urlextern\" title=\"http:\/\/ateneu.xtec.cat\/wikiform\/wikiexport\/cmd\/bib\/bebl\/index\" href=\"http:\/\/ateneu.xtec.cat\/wikiform\/wikiexport\/cmd\/bib\/bebl\/index\" target=\"_blank\" rel=\"nofollow noopener\">BEB1- El blog de la biblioteca escolar 1: estructura i continguts<\/a>\u00a0on els tutorials per crear la secci\u00f3 o el blog de la biblioteca estan distribu\u00efts al llarg de tot el curs.Cada m\u00f2dul est\u00e0 dedicat a una de les plataformes: Nodes, XTECBlocs i Blogger i la seva estructura, id\u00e8ntica per a cadascun, es divideix en 6 temes que responen a les fases de creaci\u00f3 d&#8217;un blog, i que intenten mostrar pas a pas el proc\u00e9s t\u00e8cnic a seguir per crear, estructurar la informaci\u00f3 i introduir-hi els continguts. La finalitat d&#8217;oferir els tutorials per separat \u00e9s per facilitar la consulta posterior un cop acabat el curs, aix\u00ed com facilitar el seguiment dels tutorials, en forma d&#8217;autoaprenentatge, d&#8217;aquells centres que tenen prou habilitats digitals.<\/div>\n<\/li>\n<\/ul>\n<\/div>\n<div class=\"level3\">\n<div class=\"li\"><span style=\"font-family: inherit; font-size: 1em;\">Aquest i altres recursos i informaci\u00f3 en refer\u00e8ncia a la biblioteca escolar i el foment de la lectura <\/span><a style=\"font-family: inherit; font-size: 1em;\" href=\"https:\/\/serveiseducatius.xtec.cat\/altmaresme\/dinamitzacio\/bibliotecaescolar\/\">a la nostra p\u00e0gina tem\u00e0tica<\/a><span style=\"font-family: inherit; font-size: 1em;\">.<\/span><\/div>\n<\/div>\n","protected":false},"excerpt":{"rendered":"<p>Vivim en un m\u00f3n on la informaci\u00f3 \u00e9s poder i tenim a la nostra disposici\u00f3 un volum de dades immens. Aquest nou entorn de treball genera la necessitat de generar i establir criteris i sistemes de selecci\u00f3 d&#8217;informaci\u00f3 per poder destriar la informaci\u00f3 real, fiable&hellip;  <a href=\"https:\/\/serveiseducatius.xtec.cat\/altmaresme\/portada\/les-xarxes-socials-la-missatgeria-instantania-etc-estan-modificant-la-manera-de-comunicar-nos-de-treballar-de-generar-informacio-i-de-compartir-el-coneixement\/\" title=\"Read Les xarxes socials, la missatgeria instant\u00e0nia, etc. estan modificant la manera de comunicar-nos, de treballar, de generar informaci\u00f3 i de compartir el coneixement.\">Llegeix m\u00e9s\u00bb<\/a><\/p>\n","protected":false},"author":137,"featured_media":18919,"comment_status":"open","ping_status":"closed","sticky":false,"template":"","format":"standard","meta":{"_bbp_topic_count":0,"_bbp_reply_count":0,"_bbp_total_topic_count":0,"_bbp_total_reply_count":0,"_bbp_voice_count":0,"_bbp_anonymous_reply_count":0,"_bbp_topic_count_hidden":0,"_bbp_reply_count_hidden":0,"_bbp_forum_subforum_count":0,"footnotes":""},"categories":[81,1215,29,1046,1207,1045],"tags":[],"class_list":["post-18911","post","type-post","status-publish","format-standard","has-post-thumbnail","hentry","category-biblioteca-escolar","category-plamib","category-portada","category-primaria","category-qedling","category-secundaria"],"post_mailing_queue_ids":[],"_links":{"self":[{"href":"https:\/\/serveiseducatius.xtec.cat\/altmaresme\/wp-json\/wp\/v2\/posts\/18911","targetHints":{"allow":["GET"]}}],"collection":[{"href":"https:\/\/serveiseducatius.xtec.cat\/altmaresme\/wp-json\/wp\/v2\/posts"}],"about":[{"href":"https:\/\/serveiseducatius.xtec.cat\/altmaresme\/wp-json\/wp\/v2\/types\/post"}],"author":[{"embeddable":true,"href":"https:\/\/serveiseducatius.xtec.cat\/altmaresme\/wp-json\/wp\/v2\/users\/137"}],"replies":[{"embeddable":true,"href":"https:\/\/serveiseducatius.xtec.cat\/altmaresme\/wp-json\/wp\/v2\/comments?post=18911"}],"version-history":[{"count":4,"href":"https:\/\/serveiseducatius.xtec.cat\/altmaresme\/wp-json\/wp\/v2\/posts\/18911\/revisions"}],"predecessor-version":[{"id":18923,"href":"https:\/\/serveiseducatius.xtec.cat\/altmaresme\/wp-json\/wp\/v2\/posts\/18911\/revisions\/18923"}],"wp:featuredmedia":[{"embeddable":true,"href":"https:\/\/serveiseducatius.xtec.cat\/altmaresme\/wp-json\/wp\/v2\/media\/18919"}],"wp:attachment":[{"href":"https:\/\/serveiseducatius.xtec.cat\/altmaresme\/wp-json\/wp\/v2\/media?parent=18911"}],"wp:term":[{"taxonomy":"category","embeddable":true,"href":"https:\/\/serveiseducatius.xtec.cat\/altmaresme\/wp-json\/wp\/v2\/categories?post=18911"},{"taxonomy":"post_tag","embeddable":true,"href":"https:\/\/serveiseducatius.xtec.cat\/altmaresme\/wp-json\/wp\/v2\/tags?post=18911"}],"curies":[{"name":"wp","href":"https:\/\/api.w.org\/{rel}","templated":true}]}}