{"id":18908,"date":"2025-04-23T11:00:13","date_gmt":"2025-04-23T09:00:13","guid":{"rendered":"https:\/\/serveiseducatius.xtec.cat\/altmaresme\/?p=18908"},"modified":"2025-02-11T13:37:20","modified_gmt":"2025-02-11T12:37:20","slug":"com-a-persones-mediadores-de-lectura-hem-destar-familiaritzades-amb-levolucio-de-la-literatura-per-a-infants-i-el-panorama-actual","status":"publish","type":"post","link":"https:\/\/serveiseducatius.xtec.cat\/altmaresme\/portada\/com-a-persones-mediadores-de-lectura-hem-destar-familiaritzades-amb-levolucio-de-la-literatura-per-a-infants-i-el-panorama-actual\/","title":{"rendered":"Com a persones mediadores de lectura, hem d&#8217;estar familiaritzades amb l&#8217;evoluci\u00f3 de la literatura per a infants i el panorama actual"},"content":{"rendered":"<p>&#8220;Per\u00f2 ben b\u00e9 qu\u00e8 \u00e9s la literatura infantil? Les respostes poden ser m\u00faltiples, i \u00e9s ben possible que cada nova resposta generi noves preguntes, obri altres interrogants. En principi podr\u00edem dir que la literatura infantil \u00e9s aquella que t\u00e9 com a destinatari l\u2019infant&#8221;.\u00a0 \u00a0 \u00a0 \u00a0 \u00a0 \u00a0 \u00a0 \u00a0 \u00a0 \u00a0 \u00a0 \u00a0 \u00a0 \u00a0VALRIU, C.\u00a0<em>Op. cit<\/em>.<\/p>\n<p>El <a href=\"https:\/\/ateneu.xtec.cat\/wikiform\/wikiexport\/cmd\/bib\/dir\/index\">BESCAT<\/a>(biblioteques escolars) ofereix els materials de formaci\u00f3 per introduir i treballar conceptes bibliotecaris a la comunitat educativa a l&#8217;espai Ateneu d&#8217;Odissea de manera oberta.<\/p>\n<p><a href=\"https:\/\/serveiseducatius.xtec.cat\/altmaresme\/wp-content\/uploads\/usu1140\/2025\/02\/be-ateneu.png\"><img loading=\"lazy\" decoding=\"async\" class=\"alignnone size-full wp-image-18895\" src=\"https:\/\/serveiseducatius.xtec.cat\/altmaresme\/wp-content\/uploads\/usu1140\/2025\/02\/be-ateneu.png\" alt=\"\" width=\"840\" height=\"194\" srcset=\"https:\/\/serveiseducatius.xtec.cat\/altmaresme\/wp-content\/uploads\/usu1140\/2025\/02\/be-ateneu.png 840w, https:\/\/serveiseducatius.xtec.cat\/altmaresme\/wp-content\/uploads\/usu1140\/2025\/02\/be-ateneu-300x69.png 300w, https:\/\/serveiseducatius.xtec.cat\/altmaresme\/wp-content\/uploads\/usu1140\/2025\/02\/be-ateneu-768x177.png 768w\" sizes=\"auto, (max-width: 840px) 100vw, 840px\" \/><\/a><\/p>\n<p>Avui us animem a tafanejar el material que fa refer\u00e8ncia a la literatura de 0-12 anys.<\/p>\n<h3 id=\"objectius\">Objectius<\/h3>\n<div class=\"level3\">\n<ul class=\"fix-media-list-overlap\">\n<li class=\"level1\">\n<div class=\"li\">Con\u00e8ixer el panorama hist\u00f2ric de la literatura infantil: de la literatura de tradici\u00f3 oral a la literatura i ficci\u00f3 contempor\u00e0nia.<\/div>\n<\/li>\n<li class=\"level1\">\n<div class=\"li\">Identificar els principals g\u00e8neres i tipologies per a cada etapa.<\/div>\n<\/li>\n<li class=\"level1\">\n<div class=\"li\">Aplicar criteris de selecci\u00f3 per escollir llibres a l\u2019escola, a la biblioteca i a casa.<\/div>\n<\/li>\n<li class=\"level1\">\n<div class=\"li\">Elaborar propostes did\u00e0ctiques que fomentin l\u2019educaci\u00f3 liter\u00e0ria.<\/div>\n<\/li>\n<\/ul>\n<\/div>\n<h3 id=\"continguts\">Continguts<\/h3>\n<div class=\"level3\">\n<ul class=\"fix-media-list-overlap\">\n<li class=\"level1\">\n<div class=\"li\">Patrimoni literari propi i universal.<\/div>\n<\/li>\n<li class=\"level1\">\n<div class=\"li\">Criteris de selecci\u00f3.<\/div>\n<\/li>\n<li class=\"level1\">\n<div class=\"li\">Arquitectura de les obres i elements literaris.<\/div>\n<\/li>\n<li class=\"level1\">\n<div class=\"li\">Educaci\u00f3 liter\u00e0ria.<\/div>\n<\/li>\n<li class=\"level1\">\n<div class=\"li\">El\/la docent com a mediador\/a literari\/a.<\/div>\n<\/li>\n<li class=\"level1\">\n<div class=\"li\">Lectura guiada i compartida.<\/div>\n<\/li>\n<li class=\"level1\">\n<div class=\"li\">Conversa liter\u00e0ria.<\/div>\n<\/li>\n<li class=\"level1\">\n<div class=\"li\">Pla lector i Pla de lectura de centre.<\/div>\n<\/li>\n<\/ul>\n<\/div>\n<div>Acc\u00e9s a tots els materials del curs:<\/div>\n<div><\/div>\n<h5><a href=\"https:\/\/ateneu.xtec.cat\/wikiform\/wikiexport\/cmd\/bib\/beli\/index\">Literatura 0-12 anys. Panorama hist\u00f2ric, criteris de selecci\u00f3 i pla lector a l&#8217;escola, a la biblioteca i a casa<\/a><\/h5>\n<div><\/div>\n<div class=\"level3\">\n<div class=\"li\"><span style=\"font-family: inherit; font-size: 1em;\">Aquest i altres recursos i informaci\u00f3 en refer\u00e8ncia a la biblioteca escolar i el foment de la lectura <\/span><a style=\"font-family: inherit; font-size: 1em;\" href=\"https:\/\/serveiseducatius.xtec.cat\/altmaresme\/dinamitzacio\/bibliotecaescolar\/\">a la nostra p\u00e0gina tem\u00e0tica<\/a><span style=\"font-family: inherit; font-size: 1em;\">.<\/span><\/div>\n<\/div>\n","protected":false},"excerpt":{"rendered":"<p>&#8220;Per\u00f2 ben b\u00e9 qu\u00e8 \u00e9s la literatura infantil? Les respostes poden ser m\u00faltiples, i \u00e9s ben possible que cada nova resposta generi noves preguntes, obri altres interrogants. En principi podr\u00edem dir que la literatura infantil \u00e9s aquella que t\u00e9 com a destinatari l\u2019infant&#8221;.\u00a0 \u00a0 \u00a0&hellip;  <a href=\"https:\/\/serveiseducatius.xtec.cat\/altmaresme\/portada\/com-a-persones-mediadores-de-lectura-hem-destar-familiaritzades-amb-levolucio-de-la-literatura-per-a-infants-i-el-panorama-actual\/\" title=\"Read Com a persones mediadores de lectura, hem d&#8217;estar familiaritzades amb l&#8217;evoluci\u00f3 de la literatura per a infants i el panorama actual\">Llegeix m\u00e9s\u00bb<\/a><\/p>\n","protected":false},"author":137,"featured_media":18909,"comment_status":"open","ping_status":"closed","sticky":false,"template":"","format":"standard","meta":{"_bbp_topic_count":0,"_bbp_reply_count":0,"_bbp_total_topic_count":0,"_bbp_total_reply_count":0,"_bbp_voice_count":0,"_bbp_anonymous_reply_count":0,"_bbp_topic_count_hidden":0,"_bbp_reply_count_hidden":0,"_bbp_forum_subforum_count":0,"footnotes":""},"categories":[81,1215,29,1046,1207],"tags":[],"class_list":["post-18908","post","type-post","status-publish","format-standard","has-post-thumbnail","hentry","category-biblioteca-escolar","category-plamib","category-portada","category-primaria","category-qedling"],"post_mailing_queue_ids":[],"_links":{"self":[{"href":"https:\/\/serveiseducatius.xtec.cat\/altmaresme\/wp-json\/wp\/v2\/posts\/18908","targetHints":{"allow":["GET"]}}],"collection":[{"href":"https:\/\/serveiseducatius.xtec.cat\/altmaresme\/wp-json\/wp\/v2\/posts"}],"about":[{"href":"https:\/\/serveiseducatius.xtec.cat\/altmaresme\/wp-json\/wp\/v2\/types\/post"}],"author":[{"embeddable":true,"href":"https:\/\/serveiseducatius.xtec.cat\/altmaresme\/wp-json\/wp\/v2\/users\/137"}],"replies":[{"embeddable":true,"href":"https:\/\/serveiseducatius.xtec.cat\/altmaresme\/wp-json\/wp\/v2\/comments?post=18908"}],"version-history":[{"count":4,"href":"https:\/\/serveiseducatius.xtec.cat\/altmaresme\/wp-json\/wp\/v2\/posts\/18908\/revisions"}],"predecessor-version":[{"id":18917,"href":"https:\/\/serveiseducatius.xtec.cat\/altmaresme\/wp-json\/wp\/v2\/posts\/18908\/revisions\/18917"}],"wp:featuredmedia":[{"embeddable":true,"href":"https:\/\/serveiseducatius.xtec.cat\/altmaresme\/wp-json\/wp\/v2\/media\/18909"}],"wp:attachment":[{"href":"https:\/\/serveiseducatius.xtec.cat\/altmaresme\/wp-json\/wp\/v2\/media?parent=18908"}],"wp:term":[{"taxonomy":"category","embeddable":true,"href":"https:\/\/serveiseducatius.xtec.cat\/altmaresme\/wp-json\/wp\/v2\/categories?post=18908"},{"taxonomy":"post_tag","embeddable":true,"href":"https:\/\/serveiseducatius.xtec.cat\/altmaresme\/wp-json\/wp\/v2\/tags?post=18908"}],"curies":[{"name":"wp","href":"https:\/\/api.w.org\/{rel}","templated":true}]}}