{"id":18806,"date":"2025-01-14T14:21:27","date_gmt":"2025-01-14T13:21:27","guid":{"rendered":"https:\/\/serveiseducatius.xtec.cat\/altmaresme\/?p=18806"},"modified":"2025-01-14T14:21:27","modified_gmt":"2025-01-14T13:21:27","slug":"tercera-sessio-de-la-xarxa-territorial-de-cultura-digital-xtcd-del-curs-2024-25","status":"publish","type":"post","link":"https:\/\/serveiseducatius.xtec.cat\/altmaresme\/portada\/tercera-sessio-de-la-xarxa-territorial-de-cultura-digital-xtcd-del-curs-2024-25\/","title":{"rendered":"Tercera sessi\u00f3 de la Xarxa territorial de Cultura Digital (XTCD) del curs 2024-25"},"content":{"rendered":"<div class=\"entry-content clear\">\n<p>El dijous 16.01.25, a les 17:30 es retransmetr\u00e0 la tercera sessi\u00f3 de la Xarxa Territorial de Cultura Digital (XTCD):<\/p>\n<ul>\n<li><strong>17:30<\/strong>\u00a0<a href=\"https:\/\/projectes.xtec.cat\/digital\/formacio-docent\/xtcd\/\" target=\"_blank\" rel=\"noreferrer noopener\">Part comuna<\/a>: Orientacions \u00das de pantalles \u2013 Plataforma per a l\u2019Educaci\u00f3 medi\u00e0tica de Catalunya (PEM)<\/li>\n<li><strong>18:00<\/strong>\u00a0<a href=\"https:\/\/projectes.xtec.cat\/digital\/formacio-docent\/xtcd\/subxarxa-de-la-comissio-digital-comd\/\" target=\"_blank\" rel=\"noreferrer noopener\">Subxarxa de la comissi\u00f3 digital de centre<\/a>\u00a0(COMD): Programaci\u00f3 per blocs.<\/li>\n<li><strong>18:00<\/strong>\u00a0<a href=\"https:\/\/projectes.xtec.cat\/digital\/formacio-docent\/xtcd\/subxarxa-de-la-coordinacio-digital-de-centre-cdc\/\" target=\"_blank\" rel=\"noreferrer noopener\">Subxarxa de la coordinaci\u00f3 digital de centre<\/a>\u00a0(CDC): Visibilitat grups de Google, Avaluaci\u00f3 \u00e0gil amb Moodle, Informaci\u00f3 de servei, etc.<\/li>\n<\/ul>\n<p>Membres de les comissions digitals, coordinadors i coordinadores digitals.<\/p>\n<\/div>\n","protected":false},"excerpt":{"rendered":"<p>El dijous 16.01.25, a les 17:30 es retransmetr\u00e0 la tercera sessi\u00f3 de la Xarxa Territorial de Cultura Digital (XTCD):<\/p>\n<ul>\n<li>17:30\u00a0<a href=\"https:\/\/projectes.xtec.cat\/digital\/formacio-docent\/xtcd\/\" target=\"_blank\" rel=\"noreferrer noopener\">Part comuna<\/a>: Orientacions \u00das de pantalles \u2013 Plataforma per a l\u2019Educaci\u00f3 medi\u00e0tica de Catalunya (PEM)<\/li>\n<li>18:00\u00a0<a href=\"https:\/\/projectes.xtec.cat\/digital\/formacio-docent\/xtcd\/subxarxa-de-la-comissio-digital-comd\/\" target=\"_blank\" rel=\"noreferrer noopener\">Subxarxa de la comissi\u00f3 digital&hellip;  <a href=\"https:\/\/serveiseducatius.xtec.cat\/altmaresme\/portada\/tercera-sessio-de-la-xarxa-territorial-de-cultura-digital-xtcd-del-curs-2024-25\/\" title=\"Read Tercera sessi\u00f3 de la Xarxa territorial de Cultura Digital (XTCD) del curs 2024-25\">Llegeix m\u00e9s\u00bb<\/a><br \/>\n","protected":false},"author":1,"featured_media":13444,"comment_status":"open","ping_status":"closed","sticky":false,"template":"","format":"standard","meta":{"_bbp_topic_count":0,"_bbp_reply_count":0,"_bbp_total_topic_count":0,"_bbp_total_reply_count":0,"_bbp_voice_count":0,"_bbp_anonymous_reply_count":0,"_bbp_topic_count_hidden":0,"_bbp_reply_count_hidden":0,"_bbp_forum_subforum_count":0,"footnotes":""},"categories":[500,1051,29,1046,1045],"tags":[],"class_list":["post-18806","post","type-post","status-publish","format-standard","has-post-thumbnail","hentry","category-culturadigital","category-formacio","category-portada","category-primaria","category-secundaria"],"post_mailing_queue_ids":[],"_links":{"self":[{"href":"https:\/\/serveiseducatius.xtec.cat\/altmaresme\/wp-json\/wp\/v2\/posts\/18806","targetHints":{"allow":["GET"]}}],"collection":[{"href":"https:\/\/serveiseducatius.xtec.cat\/altmaresme\/wp-json\/wp\/v2\/posts"}],"about":[{"href":"https:\/\/serveiseducatius.xtec.cat\/altmaresme\/wp-json\/wp\/v2\/types\/post"}],"author":[{"embeddable":true,"href":"https:\/\/serveiseducatius.xtec.cat\/altmaresme\/wp-json\/wp\/v2\/users\/1"}],"replies":[{"embeddable":true,"href":"https:\/\/serveiseducatius.xtec.cat\/altmaresme\/wp-json\/wp\/v2\/comments?post=18806"}],"version-history":[{"count":1,"href":"https:\/\/serveiseducatius.xtec.cat\/altmaresme\/wp-json\/wp\/v2\/posts\/18806\/revisions"}],"predecessor-version":[{"id":18807,"href":"https:\/\/serveiseducatius.xtec.cat\/altmaresme\/wp-json\/wp\/v2\/posts\/18806\/revisions\/18807"}],"wp:featuredmedia":[{"embeddable":true,"href":"https:\/\/serveiseducatius.xtec.cat\/altmaresme\/wp-json\/wp\/v2\/media\/13444"}],"wp:attachment":[{"href":"https:\/\/serveiseducatius.xtec.cat\/altmaresme\/wp-json\/wp\/v2\/media?parent=18806"}],"wp:term":[{"taxonomy":"category","embeddable":true,"href":"https:\/\/serveiseducatius.xtec.cat\/altmaresme\/wp-json\/wp\/v2\/categories?post=18806"},{"taxonomy":"post_tag","embeddable":true,"href":"https:\/\/serveiseducatius.xtec.cat\/altmaresme\/wp-json\/wp\/v2\/tags?post=18806"}],"curies":[{"name":"wp","href":"https:\/\/api.w.org\/{rel}","templated":true}]}}