{"id":18777,"date":"2025-01-10T08:55:23","date_gmt":"2025-01-10T07:55:23","guid":{"rendered":"https:\/\/serveiseducatius.xtec.cat\/altmaresme\/?p=18777"},"modified":"2025-03-24T09:35:55","modified_gmt":"2025-03-24T08:35:55","slug":"conferencia-de-lhector-ruiz-que-ens-diu-la-ciencia-sobre-com-aprenem-a-llegir","status":"publish","type":"post","link":"https:\/\/serveiseducatius.xtec.cat\/altmaresme\/general\/conferencia-de-lhector-ruiz-que-ens-diu-la-ciencia-sobre-com-aprenem-a-llegir\/","title":{"rendered":"Confer\u00e8ncia de l&#8217;H\u00e9ctor Ruiz: &#8220;Qu\u00e8 ens diu la ci\u00e8ncia sobre com aprenem a llegir?&#8221;"},"content":{"rendered":"<p>Us presentem la confer\u00e8ncia que estem organitzant a c\u00e0rrec de l&#8217;<strong>H\u00e9ctor Ruiz<\/strong> sobre <em>&#8220;Qu\u00e8 ens diu la ci\u00e8ncia sobre com aprenem a llegir?&#8221;<\/em> que tindr\u00e0 lloc el proper <strong>31 de mar\u00e7 <\/strong>de 17.00 a 19.00h en un espai per confirmar del municipi de Pineda de Mar. Les proves diagn\u00f2stiques ens han revelat que un ter\u00e7 de l&#8217;alumnat de 4t de prim\u00e0ria no assoleix una compet\u00e8ncia lectora al nivell desitjable per a la seva edat. Tot i que aquest \u00e9s un problema amb m\u00faltiples causes de fons, en aquesta sessi\u00f3 el ponent ens ajudar\u00e0 a descobrirem alguns dels <span style=\"text-decoration: underline;\">principis fonamentals que la psicologia i la neuroci\u00e8ncia han revelat sobre com els infants aprenen a llegir<\/span>, els quals resulten essencials per guiar l&#8217;ensenyament inicial de la lectura i contribuir aix\u00ed a que tot l&#8217;alumnat assoleixi una compet\u00e8ncia lectora adequada. L&#8217;H\u00e9ctor Ruiz \u00e9s actualment director de l&#8217;<b><span style=\"color: #0b5394;\">International Science Teaching Foundation,<\/span><\/b> investigador i divulgador cient\u00edfic en l&#8217;\u00e0mbit de la psicologia cognitiva de l&#8217;aprenentatge i referent important de l&#8217;educaci\u00f3 basada en evid\u00e8ncies.<\/p>\n<p>Les persones interessades a assistir a la confer\u00e8ncia podeu fer la inscripci\u00f3 en el seg\u00fcent enlla\u00e7:<\/p>\n<table border=\"0\" width=\"675\" cellspacing=\"2\" cellpadding=\"0\">\n<tbody>\n<tr>\n<td valign=\"TOP\"><img loading=\"lazy\" decoding=\"async\" src=\"https:\/\/aplicacions.gestioeducativa.gencat.cat\/est\/gafadm\/img\/ins_ok.gif\" alt=\"Inscripci\u00f3 oberta\" width=\"16\" height=\"16\" border=\"0\" \/><\/td>\n<td valign=\"TOP\"><span style=\"font-family: arial, helvetica, geneva; font-size: small;\">A100621A10<\/span><\/td>\n<td valign=\"TOP\"><span style=\"font-family: arial, helvetica, geneva; font-size: small;\"><b><a href=\"https:\/\/aplicacions.gestioeducativa.gencat.cat\/ords\/pls\/soloas\/pk_for_mod_ins.p_for_detall_activitat?p_header=Llista%20d%27activitats^pk_for_mod_ins.p_for_cons_activitats?p_crp=A10%26p_crp_txt=Maresme%20II.%20Pineda%20de%20Mar%26p_totes=S%26p_inici=51%26p_excloure_crp_rec=F&amp;p_codi=A100621A10&amp;p_curs=2024-2025&amp;p_excloure_crp_rec=F\">Qu\u00e8 ens diu la ci\u00e8ncia sobre com aprenem a llegir?<\/a><\/b><\/span><\/td>\n<\/tr>\n<\/tbody>\n<\/table>\n<p>Us animem a participar en aquest pon\u00e8ncia en la que l&#8217;H\u00e9ctor Ruiz compartir\u00e0 les seves <strong>experi\u00e8ncies en processos de millora i innovaci\u00f3 acompanyats de recerca<\/strong>. Us hi esperem!<\/p>\n","protected":false},"excerpt":{"rendered":"<p>Us presentem la confer\u00e8ncia que estem organitzant a c\u00e0rrec de l&#8217;H\u00e9ctor Ruiz sobre &#8220;Qu\u00e8 ens diu la ci\u00e8ncia sobre com aprenem a llegir?&#8221; que tindr\u00e0 lloc el proper 31 de mar\u00e7 de 17.00 a 19.00h en un espai per confirmar del municipi de Pineda de&hellip;  <a href=\"https:\/\/serveiseducatius.xtec.cat\/altmaresme\/general\/conferencia-de-lhector-ruiz-que-ens-diu-la-ciencia-sobre-com-aprenem-a-llegir\/\" title=\"Read Confer\u00e8ncia de l&#8217;H\u00e9ctor Ruiz: &#8220;Qu\u00e8 ens diu la ci\u00e8ncia sobre com aprenem a llegir?&#8221;\">Llegeix m\u00e9s\u00bb<\/a><\/p>\n","protected":false},"author":73,"featured_media":18783,"comment_status":"open","ping_status":"closed","sticky":false,"template":"","format":"standard","meta":{"_bbp_topic_count":0,"_bbp_reply_count":0,"_bbp_total_topic_count":0,"_bbp_total_reply_count":0,"_bbp_voice_count":0,"_bbp_anonymous_reply_count":0,"_bbp_topic_count_hidden":0,"_bbp_reply_count_hidden":0,"_bbp_forum_subforum_count":0,"footnotes":""},"categories":[1,1206,29,1046],"tags":[],"class_list":["post-18777","post","type-post","status-publish","format-standard","has-post-thumbnail","hentry","category-general","category-infantil","category-portada","category-primaria"],"post_mailing_queue_ids":[],"_links":{"self":[{"href":"https:\/\/serveiseducatius.xtec.cat\/altmaresme\/wp-json\/wp\/v2\/posts\/18777","targetHints":{"allow":["GET"]}}],"collection":[{"href":"https:\/\/serveiseducatius.xtec.cat\/altmaresme\/wp-json\/wp\/v2\/posts"}],"about":[{"href":"https:\/\/serveiseducatius.xtec.cat\/altmaresme\/wp-json\/wp\/v2\/types\/post"}],"author":[{"embeddable":true,"href":"https:\/\/serveiseducatius.xtec.cat\/altmaresme\/wp-json\/wp\/v2\/users\/73"}],"replies":[{"embeddable":true,"href":"https:\/\/serveiseducatius.xtec.cat\/altmaresme\/wp-json\/wp\/v2\/comments?post=18777"}],"version-history":[{"count":4,"href":"https:\/\/serveiseducatius.xtec.cat\/altmaresme\/wp-json\/wp\/v2\/posts\/18777\/revisions"}],"predecessor-version":[{"id":19056,"href":"https:\/\/serveiseducatius.xtec.cat\/altmaresme\/wp-json\/wp\/v2\/posts\/18777\/revisions\/19056"}],"wp:featuredmedia":[{"embeddable":true,"href":"https:\/\/serveiseducatius.xtec.cat\/altmaresme\/wp-json\/wp\/v2\/media\/18783"}],"wp:attachment":[{"href":"https:\/\/serveiseducatius.xtec.cat\/altmaresme\/wp-json\/wp\/v2\/media?parent=18777"}],"wp:term":[{"taxonomy":"category","embeddable":true,"href":"https:\/\/serveiseducatius.xtec.cat\/altmaresme\/wp-json\/wp\/v2\/categories?post=18777"},{"taxonomy":"post_tag","embeddable":true,"href":"https:\/\/serveiseducatius.xtec.cat\/altmaresme\/wp-json\/wp\/v2\/tags?post=18777"}],"curies":[{"name":"wp","href":"https:\/\/api.w.org\/{rel}","templated":true}]}}