{"id":18455,"date":"2024-10-09T14:48:19","date_gmt":"2024-10-09T12:48:19","guid":{"rendered":"https:\/\/serveiseducatius.xtec.cat\/altmaresme\/?p=18455"},"modified":"2024-10-09T14:48:19","modified_gmt":"2024-10-09T12:48:19","slug":"coneixeu-els-contes-de-la-laura-i-en-joan-viviu-los-en-1a-persona","status":"publish","type":"post","link":"https:\/\/serveiseducatius.xtec.cat\/altmaresme\/portada\/coneixeu-els-contes-de-la-laura-i-en-joan-viviu-los-en-1a-persona\/","title":{"rendered":"Coneixeu els contes de la Laura i en Joan?\u00a0Viviu-los en 1a persona!"},"content":{"rendered":"<p>La col\u00b7lecci\u00f3 de contes es troba <a href=\"https:\/\/recercaiuniversitats.gencat.cat\/ca\/03_ambits_dactuacio\/ciencia_i_societat\/la_ciencia_a_les_escoles\/els-contes-de-la-laura-i-en-joan\/colleccio-contes\/\"><strong>online<\/strong> <\/a>per\u00f2 tamb\u00e9 a les biblioteques i escoles de Catalunya.\u00a0El seu objectiu \u00e9s compartir amb la mainada (educaci\u00f3 prim\u00e0ria) en forma d\u2019aventura, la recerca que es fa a casa nostra, de manera que permeti a les noies i als nois descobrir quina finalitat t\u00e9 i fomentar les vocacions cient\u00edfic-tecnol\u00f2giques.<\/p>\n<p><strong>ACTIVITATS GRATU\u00cfTES!<\/strong><\/p>\n<p><strong>Vols que la Laura i en Joan visitin la teva escola? <\/strong>L\u2019activitat dels contacontes destinada a\u00a0<strong>4t i 5\u00e8 de prim\u00e0ria<\/strong>\u00a0s\u2019inspira en el contingut d\u2019un conte. Dura 90 minuts i consta d\u2019una posada en escena del conte i una part\u00a0<strong>experimental<\/strong>,\u00a0en qu\u00e8 l\u2019alumnat es converteix en investigadors i investigadores.<br \/>\nLes tem\u00e0tiques que hi ha disponibles s\u00f3n: Arqueologia, Fot\u00f2nica, Ling\u00fc\u00edstica, Nanotecnologia, Tecnologia dels aliments, Astronomia i Climatologia.\u00a0 <strong>Consulta\u00a0<\/strong><strong><a href=\"https:\/\/www.email-index.com\/click.php?L=nkpfSKc8922vF811UB4ELXJw&amp;J=67633t5do26yCVbWkLfkBHgiIO5BAI4qvDQ3XnR3ef00M&amp;C=5r0QAPmmS763lN0s8llo4892cA&amp;F=HKFRcCbcnmxmc4f43DJP5g\">aqu\u00ed<\/a><a href=\"https:\/\/www.email-index.com\/click.php?L=892Lflje0dkyJ763Y4kHmcPs6A&amp;J=67633t5do26yCVbWkLfkBHgiIO5BAI4qvDQ3XnR3ef00M&amp;C=5r0QAPmmS763lN0s8llo4892cA&amp;F=HKFRcCbcnmxmc4f43DJP5g\">\u00a0<\/a><\/strong><strong>el cat\u00e0leg.<\/strong><\/p>\n<p><strong>Vols con\u00e8ixer l&#8217;equilibri de les xarxes tr\u00f2fiques als nostres mars?\u00a0 \u00a0<\/strong>La\u00a0<strong>maleta, amb jocs i recursos pedag\u00f2gics<\/strong>, se centra en l\u2019equilibri a les xarxes tr\u00f2fiques en l\u2019\u00e0mbit mar\u00ed. Dona a con\u00e8ixer<strong>\u00a0l\u2019impacte ambiental i els efectes de la sobreexplotaci\u00f3<\/strong> d\u2019una esp\u00e8cie concreta, el mero, i destaca el paper de la recerca per aconseguir reproduir en captivitat aquesta esp\u00e8cie en perill d\u2019extinci\u00f3.\u00a0\u00a0<strong>M\u00e9s informaci\u00f3<\/strong><strong>\u00a0<\/strong><a href=\"https:\/\/www.email-index.com\/click.php?L=IFrDqxaTHYcOzddrYZEhJQ&amp;J=67633t5do26yCVbWkLfkBHgiIO5BAI4qvDQ3XnR3ef00M&amp;C=5r0QAPmmS763lN0s8llo4892cA&amp;F=HKFRcCbcnmxmc4f43DJP5g\" target=\"_blank\" rel=\"noopener\" data-saferedirecturl=\"https:\/\/www.google.com\/url?q=https:\/\/www.email-index.com\/click.php?L%3DIFrDqxaTHYcOzddrYZEhJQ%26J%3D67633t5do26yCVbWkLfkBHgiIO5BAI4qvDQ3XnR3ef00M%26C%3D5r0QAPmmS763lN0s8llo4892cA%26F%3DHKFRcCbcnmxmc4f43DJP5g&amp;source=gmail&amp;ust=1728560365198000&amp;usg=AOvVaw2PvTwd1KGzRPZiXTbDRE_x\"><strong>aqu\u00ed<\/strong><\/a><strong>.<\/strong><\/p>\n<p><strong>Mercaders i pirates de la Mediterr\u00e0nia medieval\u00a0<\/strong>Activitat l\u00fadica tipus\u00a0<strong>Escapebox<\/strong>\u00a0de 90 minuts, destinada a\u00a0<strong>5\u00e8 i 6\u00e8 de prim\u00e0ria<\/strong> i creada amb motiu de la commemoraci\u00f3 dels 750 anys dels Costums de Tortosa i els Costums del Mar.\u00a0\u00a0En aquesta activitat ens endinsem en les aventures dels mercaders i pirates de la Mediterr\u00e0nia medieval per descobrir el protagonisme de Catalunya en el comer\u00e7 mar\u00edtim medieval, la import\u00e0ncia del Consolat de Mar per a l\u2019actual dret mar\u00edtim i alguns conceptes relacionats amb la navegaci\u00f3 i l&#8217;orientaci\u00f3 mar\u00edtima. <strong>M\u00e9s informaci\u00f3\u00a0<\/strong><strong><a href=\"https:\/\/www.email-index.com\/click.php?L=Zs6Acw08kWwVz9IlvDYMaA&amp;J=67633t5do26yCVbWkLfkBHgiIO5BAI4qvDQ3XnR3ef00M&amp;C=5r0QAPmmS763lN0s8llo4892cA&amp;F=HKFRcCbcnmxmc4f43DJP5g\" target=\"_blank\" rel=\"noopener\" data-saferedirecturl=\"https:\/\/www.google.com\/url?q=https:\/\/www.email-index.com\/click.php?L%3DZs6Acw08kWwVz9IlvDYMaA%26J%3D67633t5do26yCVbWkLfkBHgiIO5BAI4qvDQ3XnR3ef00M%26C%3D5r0QAPmmS763lN0s8llo4892cA%26F%3DHKFRcCbcnmxmc4f43DJP5g&amp;source=gmail&amp;ust=1728560365198000&amp;usg=AOvVaw33D_8dDlkQRH0QR1NR_h9U\">aqu\u00ed<\/a><\/strong><strong>.\u00a0<\/strong><\/p>\n<p>Podeu inscriure-us i demanar m\u00e9s informaci\u00f3 enviant un correu electr\u00f2nic a contacontes.recercaiuniversitats@gencat.cat<\/p>\n<p>A la <strong><a href=\"https:\/\/www.email-index.com\/click.php?L=e2b7OPNAJ5nonGSQ3kw892vA&amp;J=67633t5do26yCVbWkLfkBHgiIO5BAI4qvDQ3XnR3ef00M&amp;C=5r0QAPmmS763lN0s8llo4892cA&amp;F=HKFRcCbcnmxmc4f43DJP5g\" target=\"_blank\" rel=\"noopener\" data-saferedirecturl=\"https:\/\/www.google.com\/url?q=https:\/\/www.email-index.com\/click.php?L%3De2b7OPNAJ5nonGSQ3kw892vA%26J%3D67633t5do26yCVbWkLfkBHgiIO5BAI4qvDQ3XnR3ef00M%26C%3D5r0QAPmmS763lN0s8llo4892cA%26F%3DHKFRcCbcnmxmc4f43DJP5g&amp;source=gmail&amp;ust=1728560365197000&amp;usg=AOvVaw1g1p403MmZzFIws1Kh87DM\">web del programa<\/a><\/strong> tamb\u00e9 trobareu altres iniciatives.<\/p>\n<p>Aquest i altres recursos i informaci\u00f3 en refer\u00e8ncia a la biblioteca escolar i el foment de la lectura <a href=\"https:\/\/serveiseducatius.xtec.cat\/altmaresme\/dinamitzacio\/bibliotecaescolar\/\">a la nostra p\u00e0gina tem\u00e0tica<\/a>.<\/p>\n","protected":false},"excerpt":{"rendered":"<p>La col\u00b7lecci\u00f3 de contes es troba <a href=\"https:\/\/recercaiuniversitats.gencat.cat\/ca\/03_ambits_dactuacio\/ciencia_i_societat\/la_ciencia_a_les_escoles\/els-contes-de-la-laura-i-en-joan\/colleccio-contes\/\">online <\/a>per\u00f2 tamb\u00e9 a les biblioteques i escoles de Catalunya.\u00a0El seu objectiu \u00e9s compartir amb la mainada (educaci\u00f3 prim\u00e0ria) en forma d\u2019aventura, la recerca que es fa a casa nostra, de manera que permeti a les noies i&hellip;  <a href=\"https:\/\/serveiseducatius.xtec.cat\/altmaresme\/portada\/coneixeu-els-contes-de-la-laura-i-en-joan-viviu-los-en-1a-persona\/\" title=\"Read Coneixeu els contes de la Laura i en Joan?\u00a0Viviu-los en 1a persona!\">Llegeix m\u00e9s\u00bb<\/a><\/p>\n","protected":false},"author":137,"featured_media":18456,"comment_status":"open","ping_status":"closed","sticky":false,"template":"","format":"standard","meta":{"_bbp_topic_count":0,"_bbp_reply_count":0,"_bbp_total_topic_count":0,"_bbp_total_reply_count":0,"_bbp_voice_count":0,"_bbp_anonymous_reply_count":0,"_bbp_topic_count_hidden":0,"_bbp_reply_count_hidden":0,"_bbp_forum_subforum_count":0,"footnotes":""},"categories":[1057,81,29,1046],"tags":[],"class_list":["post-18455","post","type-post","status-publish","format-standard","has-post-thumbnail","hentry","category-medi","category-biblioteca-escolar","category-portada","category-primaria"],"post_mailing_queue_ids":[],"_links":{"self":[{"href":"https:\/\/serveiseducatius.xtec.cat\/altmaresme\/wp-json\/wp\/v2\/posts\/18455","targetHints":{"allow":["GET"]}}],"collection":[{"href":"https:\/\/serveiseducatius.xtec.cat\/altmaresme\/wp-json\/wp\/v2\/posts"}],"about":[{"href":"https:\/\/serveiseducatius.xtec.cat\/altmaresme\/wp-json\/wp\/v2\/types\/post"}],"author":[{"embeddable":true,"href":"https:\/\/serveiseducatius.xtec.cat\/altmaresme\/wp-json\/wp\/v2\/users\/137"}],"replies":[{"embeddable":true,"href":"https:\/\/serveiseducatius.xtec.cat\/altmaresme\/wp-json\/wp\/v2\/comments?post=18455"}],"version-history":[{"count":1,"href":"https:\/\/serveiseducatius.xtec.cat\/altmaresme\/wp-json\/wp\/v2\/posts\/18455\/revisions"}],"predecessor-version":[{"id":18458,"href":"https:\/\/serveiseducatius.xtec.cat\/altmaresme\/wp-json\/wp\/v2\/posts\/18455\/revisions\/18458"}],"wp:featuredmedia":[{"embeddable":true,"href":"https:\/\/serveiseducatius.xtec.cat\/altmaresme\/wp-json\/wp\/v2\/media\/18456"}],"wp:attachment":[{"href":"https:\/\/serveiseducatius.xtec.cat\/altmaresme\/wp-json\/wp\/v2\/media?parent=18455"}],"wp:term":[{"taxonomy":"category","embeddable":true,"href":"https:\/\/serveiseducatius.xtec.cat\/altmaresme\/wp-json\/wp\/v2\/categories?post=18455"},{"taxonomy":"post_tag","embeddable":true,"href":"https:\/\/serveiseducatius.xtec.cat\/altmaresme\/wp-json\/wp\/v2\/tags?post=18455"}],"curies":[{"name":"wp","href":"https:\/\/api.w.org\/{rel}","templated":true}]}}