{"id":18449,"date":"2024-10-07T07:00:18","date_gmt":"2024-10-07T05:00:18","guid":{"rendered":"https:\/\/serveiseducatius.xtec.cat\/altmaresme\/?p=18449"},"modified":"2024-10-03T18:20:09","modified_gmt":"2024-10-03T16:20:09","slug":"physicat-concurs-de-fisica-virtual-4t-eso","status":"publish","type":"post","link":"https:\/\/serveiseducatius.xtec.cat\/altmaresme\/portada\/physicat-concurs-de-fisica-virtual-4t-eso\/","title":{"rendered":"PHYSICAT: Concurs de F\u00edsica virtual 4t ESO"},"content":{"rendered":"<p>Aquest curs us tornem a proposar el Physicat, el concurs de resoluci\u00f3 de problemes de<br \/>\nf\u00edsica en equip adre\u00e7at a l\u2019alumnat de 4t d\u2019ESO. Enguany ser\u00e0 la 7a edici\u00f3 d\u2019un concurs que<br \/>\nha anat creixent cada any amb l\u2019objectiu d\u2019engrescar l\u2019alumnat en la f\u00edsica.<br \/>\nPer aquest motiu us recomanem comen\u00e7ar la mat\u00e8ria de F\u00edsica i Qu\u00edmica per la f\u00edsica, aix\u00ed<br \/>\ncom haver vist tots els continguts per tal que l\u2019alumnat puguin participar-hi sense<br \/>\nentrebancs.<br \/>\nEl concurs es realitzar\u00e0 del dilluns 24 de mar\u00e7 al divendres 4 d\u2019abril de 2025. Com a<br \/>\ncada edici\u00f3, el concurs es realitzar\u00e0 a cada centre on-line, de manera que la participaci\u00f3 \u00e9s<br \/>\ngratu\u00efta.<br \/>\nLes inscripcions seran del 21 de febrer al 7 de mar\u00e7 de 2025. Ja us ho recordarem!<br \/>\nUs recomanem consultar tota la informaci\u00f3 del funcionament del concurs i veure l\u2019hist\u00f2ric de<br \/>\nproblemes al bloc:<br \/>\n\u25cf http:\/\/blocs.xtec.cat\/physicat\/<\/p>\n<p>El Grup de Treball Physicat i el Seminari de F\u00edsica en context de les comarques gironines<br \/>\nt\u2019animem a participar-hi amb el teu alumnat de 4t d\u2019ESO, perqu\u00e8 el format de concurs<br \/>\nresulta motivador, els alumnes poden treballar en grup i \u00e9s una experi\u00e8ncia molt enriquidora.<br \/>\nRecorda tamb\u00e9 de compartir aquesta proposta amb els teus companys\/es del seminari de<br \/>\nF\u00edsica i Qu\u00edmica.<br \/>\nAtentament,<\/p>\n<p>Equip Physicat<br \/>\nproblemesphysicat<span class=\"atwho-query\">@gmail.com<\/span><\/p>\n","protected":false},"excerpt":{"rendered":"<p>Aquest curs us tornem a proposar el Physicat, el concurs de resoluci\u00f3 de problemes de<br \/>\nf\u00edsica en equip adre\u00e7at a l\u2019alumnat de 4t d\u2019ESO. Enguany ser\u00e0 la 7a edici\u00f3 d\u2019un concurs que<br \/>\nha anat creixent cada any amb l\u2019objectiu d\u2019engrescar l\u2019alumnat en la f\u00edsica.<br \/>\nPer aquest motiu us&hellip;  <a href=\"https:\/\/serveiseducatius.xtec.cat\/altmaresme\/portada\/physicat-concurs-de-fisica-virtual-4t-eso\/\" title=\"Read PHYSICAT: Concurs de F\u00edsica virtual 4t ESO\">Llegeix m\u00e9s\u00bb<\/a><\/p>\n","protected":false},"author":1,"featured_media":15970,"comment_status":"open","ping_status":"closed","sticky":false,"template":"","format":"standard","meta":{"_bbp_topic_count":0,"_bbp_reply_count":0,"_bbp_total_topic_count":0,"_bbp_total_reply_count":0,"_bbp_voice_count":0,"_bbp_anonymous_reply_count":0,"_bbp_topic_count_hidden":0,"_bbp_reply_count_hidden":0,"_bbp_forum_subforum_count":0,"footnotes":""},"categories":[1057,1061,29,1045],"tags":[],"class_list":["post-18449","post","type-post","status-publish","format-standard","has-post-thumbnail","hentry","category-medi","category-competencies","category-portada","category-secundaria"],"post_mailing_queue_ids":[],"_links":{"self":[{"href":"https:\/\/serveiseducatius.xtec.cat\/altmaresme\/wp-json\/wp\/v2\/posts\/18449","targetHints":{"allow":["GET"]}}],"collection":[{"href":"https:\/\/serveiseducatius.xtec.cat\/altmaresme\/wp-json\/wp\/v2\/posts"}],"about":[{"href":"https:\/\/serveiseducatius.xtec.cat\/altmaresme\/wp-json\/wp\/v2\/types\/post"}],"author":[{"embeddable":true,"href":"https:\/\/serveiseducatius.xtec.cat\/altmaresme\/wp-json\/wp\/v2\/users\/1"}],"replies":[{"embeddable":true,"href":"https:\/\/serveiseducatius.xtec.cat\/altmaresme\/wp-json\/wp\/v2\/comments?post=18449"}],"version-history":[{"count":1,"href":"https:\/\/serveiseducatius.xtec.cat\/altmaresme\/wp-json\/wp\/v2\/posts\/18449\/revisions"}],"predecessor-version":[{"id":18450,"href":"https:\/\/serveiseducatius.xtec.cat\/altmaresme\/wp-json\/wp\/v2\/posts\/18449\/revisions\/18450"}],"wp:featuredmedia":[{"embeddable":true,"href":"https:\/\/serveiseducatius.xtec.cat\/altmaresme\/wp-json\/wp\/v2\/media\/15970"}],"wp:attachment":[{"href":"https:\/\/serveiseducatius.xtec.cat\/altmaresme\/wp-json\/wp\/v2\/media?parent=18449"}],"wp:term":[{"taxonomy":"category","embeddable":true,"href":"https:\/\/serveiseducatius.xtec.cat\/altmaresme\/wp-json\/wp\/v2\/categories?post=18449"},{"taxonomy":"post_tag","embeddable":true,"href":"https:\/\/serveiseducatius.xtec.cat\/altmaresme\/wp-json\/wp\/v2\/tags?post=18449"}],"curies":[{"name":"wp","href":"https:\/\/api.w.org\/{rel}","templated":true}]}}