{"id":18407,"date":"2024-09-26T10:22:45","date_gmt":"2024-09-26T08:22:45","guid":{"rendered":"https:\/\/serveiseducatius.xtec.cat\/altmaresme\/?p=18407"},"modified":"2024-09-26T10:22:45","modified_gmt":"2024-09-26T08:22:45","slug":"la-bici-de-la-lola-prevencio-de-les-violencies-sexuals-a-la-infancia","status":"publish","type":"post","link":"https:\/\/serveiseducatius.xtec.cat\/altmaresme\/portada\/la-bici-de-la-lola-prevencio-de-les-violencies-sexuals-a-la-infancia\/","title":{"rendered":"\u2018La bici de la Lola\u2019 &#8211; Prevenci\u00f3 de les viol\u00e8ncies sexuals a la inf\u00e0ncia"},"content":{"rendered":"<p>Si no vas poder assistir ahir a la sessi\u00f3 que vam fer al CRP, encara ets a temps de con\u00e8ixer aquest llibre i el seu rerefons de la m\u00e0 de les autores i il\u00b7lustradora.<\/p>\n<ul>\n<li>Dijous, 26 setembre 2024<\/li>\n<li>17:30\u00a0\u00a018:30<\/li>\n<li>C.C. Calisay\n<div>31 Riera del Pare FitaArenys de Mar, CT, 08350<\/div>\n<div><\/div>\n<div><img loading=\"lazy\" decoding=\"async\" class=\"CToWUd\" src=\"https:\/\/mail.google.com\/mail\/u\/0?ui=2&amp;ik=ca50c2d105&amp;attid=0.1&amp;permmsgid=msg-f:1811238019222108152&amp;th=1922cf61d36a77f8&amp;view=fimg&amp;fur=ip&amp;sz=s0-l75-ft&amp;attbid=ANGjdJ9N3w6QTo_3VaNqr86NTRMJLcmYyfsXLwxv9Q8noGGrlZXfdEjpIkZiMZ5P5lSU2THiNbloRzZQA8AgVsqXrXczEnUa6T_5IsKDoy_NJTcvYgXFaAfhGSMq9Xc&amp;disp=emb&amp;realattid=ii_m1iwckgq0\" alt=\"Unknown.jpeg\" width=\"268\" height=\"379\" data-image-whitelisted=\"\" data-bit=\"iit\" \/><\/div>\n<div>\n<p>Presentaci\u00f3 en directe de l\u2019\u00e0lbum il\u00b7lustrat \u2018<em>La bici de la Lola\u2019. <\/em>sobre prevenci\u00f3 de les viol\u00e8ncies sexuals a la inf\u00e0ncia, a c\u00e0rrec de les autores i la il\u00b7lustradora.<\/p>\n<p>Adre\u00e7at a la comunitat educativa i fam\u00edlies. Amb un servei de canguratge a la sala polivalent simultani mentre dura l&#8217;acte, a c\u00e0rrec del Servei Temps per Cures del Consell Comarcal del Maresme.\u00a0 Per aquest servei cal inscriure-s&#8217;hi a trav\u00e9s d&#8217;aquest <a title=\"Enlla\u00e7 extern\" href=\"https:\/\/docs.google.com\/forms\/d\/e\/1FAIpQLScMhw74RdhBLrmEabA-y0alzsUs-42GyfkylsyAmEFhTun-mw\/viewform\" target=\"_blank\" rel=\"noopener\" data-saferedirecturl=\"https:\/\/www.google.com\/url?q=https:\/\/docs.google.com\/forms\/d\/e\/1FAIpQLScMhw74RdhBLrmEabA-y0alzsUs-42GyfkylsyAmEFhTun-mw\/viewform&amp;source=gmail&amp;ust=1727419595991000&amp;usg=AOvVaw1qJlZbqsbIxGDKv1MuFoQL\">formulari<\/a>.<\/p>\n<\/div>\n<\/li>\n<\/ul>\n","protected":false},"excerpt":{"rendered":"<p>Si no vas poder assistir ahir a la sessi\u00f3 que vam fer al CRP, encara ets a temps de con\u00e8ixer aquest llibre i el seu rerefons de la m\u00e0 de les autores i il\u00b7lustradora.<\/p>\n<ul>\n<li>Dijous, 26 setembre 2024<\/li>\n<li>17:30\u00a0\u00a018:30<\/li>\n<li>C.C. Calisay<br \/>\n31 Riera del Pare FitaArenys de Mar, CT,&hellip;  <a href=\"https:\/\/serveiseducatius.xtec.cat\/altmaresme\/portada\/la-bici-de-la-lola-prevencio-de-les-violencies-sexuals-a-la-infancia\/\" title=\"Read \u2018La bici de la Lola\u2019 &#8211; Prevenci\u00f3 de les viol\u00e8ncies sexuals a la inf\u00e0ncia\">Llegeix m\u00e9s\u00bb<\/a><\/p>\n","protected":false},"author":137,"featured_media":17543,"comment_status":"open","ping_status":"closed","sticky":false,"template":"","format":"standard","meta":{"_bbp_topic_count":0,"_bbp_reply_count":0,"_bbp_total_topic_count":0,"_bbp_total_reply_count":0,"_bbp_voice_count":0,"_bbp_anonymous_reply_count":0,"_bbp_topic_count_hidden":0,"_bbp_reply_count_hidden":0,"_bbp_forum_subforum_count":0,"footnotes":""},"categories":[1206,1214,29,1046],"tags":[],"class_list":["post-18407","post","type-post","status-publish","format-standard","has-post-thumbnail","hentry","category-infantil","category-llars-infants","category-portada","category-primaria"],"post_mailing_queue_ids":[],"_links":{"self":[{"href":"https:\/\/serveiseducatius.xtec.cat\/altmaresme\/wp-json\/wp\/v2\/posts\/18407","targetHints":{"allow":["GET"]}}],"collection":[{"href":"https:\/\/serveiseducatius.xtec.cat\/altmaresme\/wp-json\/wp\/v2\/posts"}],"about":[{"href":"https:\/\/serveiseducatius.xtec.cat\/altmaresme\/wp-json\/wp\/v2\/types\/post"}],"author":[{"embeddable":true,"href":"https:\/\/serveiseducatius.xtec.cat\/altmaresme\/wp-json\/wp\/v2\/users\/137"}],"replies":[{"embeddable":true,"href":"https:\/\/serveiseducatius.xtec.cat\/altmaresme\/wp-json\/wp\/v2\/comments?post=18407"}],"version-history":[{"count":1,"href":"https:\/\/serveiseducatius.xtec.cat\/altmaresme\/wp-json\/wp\/v2\/posts\/18407\/revisions"}],"predecessor-version":[{"id":18408,"href":"https:\/\/serveiseducatius.xtec.cat\/altmaresme\/wp-json\/wp\/v2\/posts\/18407\/revisions\/18408"}],"wp:featuredmedia":[{"embeddable":true,"href":"https:\/\/serveiseducatius.xtec.cat\/altmaresme\/wp-json\/wp\/v2\/media\/17543"}],"wp:attachment":[{"href":"https:\/\/serveiseducatius.xtec.cat\/altmaresme\/wp-json\/wp\/v2\/media?parent=18407"}],"wp:term":[{"taxonomy":"category","embeddable":true,"href":"https:\/\/serveiseducatius.xtec.cat\/altmaresme\/wp-json\/wp\/v2\/categories?post=18407"},{"taxonomy":"post_tag","embeddable":true,"href":"https:\/\/serveiseducatius.xtec.cat\/altmaresme\/wp-json\/wp\/v2\/tags?post=18407"}],"curies":[{"name":"wp","href":"https:\/\/api.w.org\/{rel}","templated":true}]}}