{"id":18330,"date":"2024-09-12T09:00:19","date_gmt":"2024-09-12T07:00:19","guid":{"rendered":"https:\/\/serveiseducatius.xtec.cat\/altmaresme\/?p=18330"},"modified":"2024-09-10T13:40:12","modified_gmt":"2024-09-10T11:40:12","slug":"a-lalt-maresme-fem-dansa-una-situacio-daprenentatge-magnifica","status":"publish","type":"post","link":"https:\/\/serveiseducatius.xtec.cat\/altmaresme\/general\/a-lalt-maresme-fem-dansa-una-situacio-daprenentatge-magnifica\/","title":{"rendered":"&#8220;A l&#8217;Alt Maresme Fem Dansa&#8221;, una situaci\u00f3 d&#8217;aprenentatge magn\u00edfica!"},"content":{"rendered":"<p>&#8220;A<em> l&#8217;Alt Maresme fem dansa&#8221; <\/em>\u00e9s un projecte que impulsa la dansa i la m\u00fasica entre els infants dels cicles inicial i mitj\u00e0 de prim\u00e0ria i que culmina en una ballada col\u00b7lectiva dels infants dels centres participants oberta a tothom. T\u00e9 com a objectius principals treballar el llenguatge del cos, de la dansa i de la dansa tradicional i donar eines i recursos\u00a0 per incloure-la en els projectes educatius dels centres per tal de millorar les compet\u00e8ncies expressives de l&#8217;alumnat. Per a aquesta ra\u00f3, la preparaci\u00f3 de la ballada ve acompanyada d&#8217;una activitat formativa que forma part del Pla de Formaci\u00f3 de Zona de l&#8217;Alt Maresme en la que la Laida Tanco, ballarina i formadora, ens ajudar\u00e0 als i les mestres a adquirir t\u00e8cniques i estrat\u00e8gies per a la introducci\u00f3 de la dansa al centre i a que l&#8217;organitzaci\u00f3 de la ballada sigui tot un \u00e8xit.<\/p>\n<p>Aquesta activitat es dur a terme amb la col\u00b7laboraci\u00f3 de les regidories d&#8217;educaci\u00f3 dels ajuntaments dels centres participants en una data del mes de maig encara a determinar.<\/p>\n<p>Volem animar-vos a participar en aquest projecte que ens pot ajudar a assolir compet\u00e8ncies relacionades amb l&#8217;expressi\u00f3 i comunicaci\u00f3 corporal de l&#8217;\u00e0rea d&#8217;educaci\u00f3 f\u00edsica i totes les compet\u00e8ncies que formen part de l&#8217;\u00e0rea d&#8217;educaci\u00f3 art\u00edstica. Us animem a participar en aquest projecte i a formar part de la xarxa d&#8217;escoles que ballen juntes!<\/p>\n<p>Us facilitem l&#8217;enlla\u00e7 per a la inscripci\u00f3 a la formaci\u00f3, per\u00f2 tingueu en compte que cal conformitat del vostre ajuntament. Si teniu qualsevol dubte nom\u00e9s us heu de posar en contacte amb el CRP.<\/p>\n<table border=\"0\" width=\"675\" cellspacing=\"2\" cellpadding=\"0\">\n<tbody>\n<tr>\n<td valign=\"TOP\"><img loading=\"lazy\" decoding=\"async\" src=\"https:\/\/aplicacions.gestioeducativa.gencat.cat\/est\/gafadm\/img\/ins_ok.gif\" alt=\"Inscripci\u00f3 oberta\" width=\"16\" height=\"16\" border=\"0\" \/><\/td>\n<td valign=\"TOP\"><span style=\"font-family: arial, helvetica, geneva; font-size: small;\">A100801A10<\/span><\/td>\n<td valign=\"TOP\"><span style=\"font-family: arial, helvetica, geneva; font-size: small;\"><b><a href=\"https:\/\/aplicacions.gestioeducativa.gencat.cat\/pls\/soloas\/pk_for_mod_ins.p_for_detall_activitat?p_header=Llista%20d%27activitats^pk_for_mod_ins.p_for_cons_activitats?p_crp=A10%26p_crp_txt=Maresme%20II.%20Pineda%20de%20Mar%26p_totes=S%26p_inici=41%26p_excloure_crp_rec=F&amp;p_codi=A100801A10&amp;p_curs=2024-2025&amp;p_excloure_crp_rec=F\">A l&#8217;Alt Maresme fem dansa<\/a><\/b><\/span><\/td>\n<\/tr>\n<\/tbody>\n<\/table>\n<p style=\"text-align: center;\"><em>&#8220;Ballem a la panxa de la mare, als bra\u00e7os del pare, caminant amb un amic, a la festa del poble\u2026 i ballant produ\u00efm la nostra vida, i sobretot movem les nostres emocions i les nostres sensacions.&#8221;<\/em><br \/>\n<em>Joan Serra (core\u00f2graf i ballar\u00ed)<\/em><\/p>\n","protected":false},"excerpt":{"rendered":"<p>&#8220;A l&#8217;Alt Maresme fem dansa&#8221; \u00e9s un projecte que impulsa la dansa i la m\u00fasica entre els infants dels cicles inicial i mitj\u00e0 de prim\u00e0ria i que culmina en una ballada col\u00b7lectiva dels infants dels centres participants oberta a tothom. T\u00e9 com a objectius principals&hellip;  <a href=\"https:\/\/serveiseducatius.xtec.cat\/altmaresme\/general\/a-lalt-maresme-fem-dansa-una-situacio-daprenentatge-magnifica\/\" title=\"Read &#8220;A l&#8217;Alt Maresme Fem Dansa&#8221;, una situaci\u00f3 d&#8217;aprenentatge magn\u00edfica!\">Llegeix m\u00e9s\u00bb<\/a><\/p>\n","protected":false},"author":73,"featured_media":18332,"comment_status":"open","ping_status":"closed","sticky":false,"template":"","format":"standard","meta":{"_bbp_topic_count":0,"_bbp_reply_count":0,"_bbp_total_topic_count":0,"_bbp_total_reply_count":0,"_bbp_voice_count":0,"_bbp_anonymous_reply_count":0,"_bbp_topic_count_hidden":0,"_bbp_reply_count_hidden":0,"_bbp_forum_subforum_count":0,"footnotes":""},"categories":[1,29,1046],"tags":[],"class_list":["post-18330","post","type-post","status-publish","format-standard","has-post-thumbnail","hentry","category-general","category-portada","category-primaria"],"post_mailing_queue_ids":[],"_links":{"self":[{"href":"https:\/\/serveiseducatius.xtec.cat\/altmaresme\/wp-json\/wp\/v2\/posts\/18330","targetHints":{"allow":["GET"]}}],"collection":[{"href":"https:\/\/serveiseducatius.xtec.cat\/altmaresme\/wp-json\/wp\/v2\/posts"}],"about":[{"href":"https:\/\/serveiseducatius.xtec.cat\/altmaresme\/wp-json\/wp\/v2\/types\/post"}],"author":[{"embeddable":true,"href":"https:\/\/serveiseducatius.xtec.cat\/altmaresme\/wp-json\/wp\/v2\/users\/73"}],"replies":[{"embeddable":true,"href":"https:\/\/serveiseducatius.xtec.cat\/altmaresme\/wp-json\/wp\/v2\/comments?post=18330"}],"version-history":[{"count":2,"href":"https:\/\/serveiseducatius.xtec.cat\/altmaresme\/wp-json\/wp\/v2\/posts\/18330\/revisions"}],"predecessor-version":[{"id":18334,"href":"https:\/\/serveiseducatius.xtec.cat\/altmaresme\/wp-json\/wp\/v2\/posts\/18330\/revisions\/18334"}],"wp:featuredmedia":[{"embeddable":true,"href":"https:\/\/serveiseducatius.xtec.cat\/altmaresme\/wp-json\/wp\/v2\/media\/18332"}],"wp:attachment":[{"href":"https:\/\/serveiseducatius.xtec.cat\/altmaresme\/wp-json\/wp\/v2\/media?parent=18330"}],"wp:term":[{"taxonomy":"category","embeddable":true,"href":"https:\/\/serveiseducatius.xtec.cat\/altmaresme\/wp-json\/wp\/v2\/categories?post=18330"},{"taxonomy":"post_tag","embeddable":true,"href":"https:\/\/serveiseducatius.xtec.cat\/altmaresme\/wp-json\/wp\/v2\/tags?post=18330"}],"curies":[{"name":"wp","href":"https:\/\/api.w.org\/{rel}","templated":true}]}}