{"id":18231,"date":"2024-06-04T16:19:34","date_gmt":"2024-06-04T14:19:34","guid":{"rendered":"https:\/\/serveiseducatius.xtec.cat\/altmaresme\/?p=18231"},"modified":"2024-06-04T16:21:03","modified_gmt":"2024-06-04T14:21:03","slug":"iii-trobada-darts-esceniques-al-batxillerat-compartim-la-dansa-la-musica-i-lart","status":"publish","type":"post","link":"https:\/\/serveiseducatius.xtec.cat\/altmaresme\/general\/iii-trobada-darts-esceniques-al-batxillerat-compartim-la-dansa-la-musica-i-lart\/","title":{"rendered":"III TROBADA D&#8217;ARTS ESC\u00c8NIQUES, al batxillerat compartim la dansa, la m\u00fasica i l&#8217;art!"},"content":{"rendered":"<div dir=\"auto\">El proper divendres 7 de juny a les 17.00h,\u00a0 el Teatre Od\u00e8on de Canet de Mar ser\u00e0 l&#8217;escenari de la III Trobada de Batxillerats d&#8217;Arts Esc\u00e8niques.<\/div>\n<div dir=\"auto\"><\/div>\n<div dir=\"auto\">M\u00e9s de 100 alumnes provinents de quatre instituts diferents, l&#8217;INS Celest\u00ed Ballera de Granollers, l&#8217;IE El Pi Gros de Sant Cebri\u00e0 de Vallalta, l&#8217;INS Sunsi Mora i l &#8216;INS Llu\u00eds Dom\u00e8nech i Montaner de Canet de Mar, participaran en una jornada on la m\u00fasica, la dansa i el teatre seran protagonistes.<\/div>\n<div dir=\"auto\"><\/div>\n<div dir=\"auto\">Al mat\u00ed es faran tallers a diferents espais de la vila, a la Vinya dels Comediants, a l&#8217;institut Dom\u00e8nech i Montaner i a Vil\u00b7la Flora. Els i les alumnes participants es barrejaran per compartir emocions i experi\u00e8ncies. A la tarda, a les 17.30h, sota la direcci\u00f3 de Comediants, es far\u00e0 l&#8217;actuaci\u00f3 final a l&#8217;Od\u00e8on en el que l&#8217;alumnat participant ens obsequiar\u00e0 amb un espectacle sobre l&#8217;obra d&#8217;\u00c0ngel Guimer\u00e0 en la commemoraci\u00f3 del centenari de la seva mort.<\/div>\n<div dir=\"auto\"><\/div>\n<div dir=\"auto\">Us convidem a tots i totes a gaudir de l&#8217;espectacle !!!<\/div>\n","protected":false},"excerpt":{"rendered":"<p>El proper divendres 7 de juny a les 17.00h,\u00a0 el Teatre Od\u00e8on de Canet de Mar ser\u00e0 l&#8217;escenari de la III Trobada de Batxillerats d&#8217;Arts Esc\u00e8niques.<\/p>\n<p>M\u00e9s de 100 alumnes provinents de quatre instituts diferents, l&#8217;INS Celest\u00ed Ballera de Granollers, l&#8217;IE El Pi Gros de Sant&hellip;  <a href=\"https:\/\/serveiseducatius.xtec.cat\/altmaresme\/general\/iii-trobada-darts-esceniques-al-batxillerat-compartim-la-dansa-la-musica-i-lart\/\" title=\"Read III TROBADA D&#8217;ARTS ESC\u00c8NIQUES, al batxillerat compartim la dansa, la m\u00fasica i l&#8217;art!\">Llegeix m\u00e9s\u00bb<\/a><\/p>\n","protected":false},"author":73,"featured_media":18233,"comment_status":"open","ping_status":"closed","sticky":false,"template":"","format":"standard","meta":{"_bbp_topic_count":0,"_bbp_reply_count":0,"_bbp_total_topic_count":0,"_bbp_total_reply_count":0,"_bbp_voice_count":0,"_bbp_anonymous_reply_count":0,"_bbp_topic_count_hidden":0,"_bbp_reply_count_hidden":0,"_bbp_forum_subforum_count":0,"footnotes":""},"categories":[1,29,1045],"tags":[],"class_list":["post-18231","post","type-post","status-publish","format-standard","has-post-thumbnail","hentry","category-general","category-portada","category-secundaria"],"post_mailing_queue_ids":[],"_links":{"self":[{"href":"https:\/\/serveiseducatius.xtec.cat\/altmaresme\/wp-json\/wp\/v2\/posts\/18231","targetHints":{"allow":["GET"]}}],"collection":[{"href":"https:\/\/serveiseducatius.xtec.cat\/altmaresme\/wp-json\/wp\/v2\/posts"}],"about":[{"href":"https:\/\/serveiseducatius.xtec.cat\/altmaresme\/wp-json\/wp\/v2\/types\/post"}],"author":[{"embeddable":true,"href":"https:\/\/serveiseducatius.xtec.cat\/altmaresme\/wp-json\/wp\/v2\/users\/73"}],"replies":[{"embeddable":true,"href":"https:\/\/serveiseducatius.xtec.cat\/altmaresme\/wp-json\/wp\/v2\/comments?post=18231"}],"version-history":[{"count":1,"href":"https:\/\/serveiseducatius.xtec.cat\/altmaresme\/wp-json\/wp\/v2\/posts\/18231\/revisions"}],"predecessor-version":[{"id":18234,"href":"https:\/\/serveiseducatius.xtec.cat\/altmaresme\/wp-json\/wp\/v2\/posts\/18231\/revisions\/18234"}],"wp:featuredmedia":[{"embeddable":true,"href":"https:\/\/serveiseducatius.xtec.cat\/altmaresme\/wp-json\/wp\/v2\/media\/18233"}],"wp:attachment":[{"href":"https:\/\/serveiseducatius.xtec.cat\/altmaresme\/wp-json\/wp\/v2\/media?parent=18231"}],"wp:term":[{"taxonomy":"category","embeddable":true,"href":"https:\/\/serveiseducatius.xtec.cat\/altmaresme\/wp-json\/wp\/v2\/categories?post=18231"},{"taxonomy":"post_tag","embeddable":true,"href":"https:\/\/serveiseducatius.xtec.cat\/altmaresme\/wp-json\/wp\/v2\/tags?post=18231"}],"curies":[{"name":"wp","href":"https:\/\/api.w.org\/{rel}","templated":true}]}}