{"id":18101,"date":"2024-04-09T19:20:21","date_gmt":"2024-04-09T17:20:21","guid":{"rendered":"https:\/\/serveiseducatius.xtec.cat\/altmaresme\/?p=18101"},"modified":"2024-04-09T19:20:21","modified_gmt":"2024-04-09T17:20:21","slug":"programa-dimmersio-linguistica-en-llengua-anglesa","status":"publish","type":"post","link":"https:\/\/serveiseducatius.xtec.cat\/altmaresme\/portada\/programa-dimmersio-linguistica-en-llengua-anglesa\/","title":{"rendered":"Programa d&#8217;immersi\u00f3\u00a0ling\u00fc\u00edstica en llengua anglesa"},"content":{"rendered":"<div>Des de lleng\u00fces estrangeres i EOI de la coordinaci\u00f3 de serveis educatius i formaci\u00f3 permanent dels serveis territorials informen que s&#8217;ha publicat la convocat\u00f2ria del <b>Programa d&#8217;immersi\u00f3\u00a0ling\u00fc\u00edstica en llengua anglesa\u00a0<\/b>que promou el\u00a0Ministerio.<\/div>\n<div><\/div>\n<div>Es tracta d&#8217;una beca adre\u00e7ada a l&#8217;alumnat de\u00a0<b>6\u00e8 de Prim\u00e0ria\u00a0i 2n de l&#8217;ESO<\/b>\u00a0per estimular la pr\u00e0ctica oral de la llengua anglesa en entorns comunicatius\u00a0no formals. La durada de l&#8217;estada ser\u00e0 de diumenge a la tarda fins al dissabte al mat\u00ed de la seg\u00fcent setmana. La llengua vehicular de les activitats \u00e9s\u00a0<b>l&#8217;angl\u00e8s.<\/b><\/div>\n<div><\/div>\n<div>L&#8217;eix tem\u00e0tic \u00e9s \u201cSociocultural aspects of the different English-speaking countries around the world\u201d<\/div>\n<div><\/div>\n<div>Trobareu tota la informaci\u00f3 relativa a dates, projecte\u00a0a presentar, criteris de baremaci\u00f3 a la resoluci\u00f3, en fitxer adjunt.\u00a0<a href=\"https:\/\/www.educacionfpydeportes.gob.es\/servicios-al-ciudadano\/catalogo\/general\/99\/998217\/ficha\/998217-2024.html\" target=\"_blank\" rel=\"noopener\" data-saferedirecturl=\"https:\/\/www.google.com\/url?q=https:\/\/www.educacionfpydeportes.gob.es\/servicios-al-ciudadano\/catalogo\/general\/99\/998217\/ficha\/998217-2024.html&amp;source=gmail&amp;ust=1712740792186000&amp;usg=AOvVaw1Yq33aXpWWnrbIznRqmcCE\">\u00a0En aquest enlla\u00e7<\/a>\u00a0teniu l&#8217;acc\u00e9s al formulari, aix\u00ed com d&#8217;altres documents informatius i d&#8217;ajuda.<\/div>\n<div><\/div>\n<div>\u00c9s important tenir en compte que la data l\u00edmit per presentar la sol\u00b7licitud \u00e9s el 28 d&#8217;abril de 2024 a les 23:59.<\/div>\n","protected":false},"excerpt":{"rendered":"<p>Des de lleng\u00fces estrangeres i EOI de la coordinaci\u00f3 de serveis educatius i formaci\u00f3 permanent dels serveis territorials informen que s&#8217;ha publicat la convocat\u00f2ria del Programa d&#8217;immersi\u00f3\u00a0ling\u00fc\u00edstica en llengua anglesa\u00a0que promou el\u00a0Ministerio.<\/p>\n<p>Es tracta d&#8217;una beca adre\u00e7ada a l&#8217;alumnat de\u00a06\u00e8 de Prim\u00e0ria\u00a0i 2n de l&#8217;ESO\u00a0per estimular&hellip;  <a href=\"https:\/\/serveiseducatius.xtec.cat\/altmaresme\/portada\/programa-dimmersio-linguistica-en-llengua-anglesa\/\" title=\"Read Programa d&#8217;immersi\u00f3\u00a0ling\u00fc\u00edstica en llengua anglesa\">Llegeix m\u00e9s\u00bb<\/a><\/p>\n","protected":false},"author":137,"featured_media":18102,"comment_status":"open","ping_status":"closed","sticky":false,"template":"","format":"standard","meta":{"_bbp_topic_count":0,"_bbp_reply_count":0,"_bbp_total_topic_count":0,"_bbp_total_reply_count":0,"_bbp_voice_count":0,"_bbp_anonymous_reply_count":0,"_bbp_topic_count_hidden":0,"_bbp_reply_count_hidden":0,"_bbp_forum_subforum_count":0,"footnotes":""},"categories":[69,29,1046,1045],"tags":[],"class_list":["post-18101","post","type-post","status-publish","format-standard","has-post-thumbnail","hentry","category-plurilinguisme","category-portada","category-primaria","category-secundaria"],"post_mailing_queue_ids":[],"_links":{"self":[{"href":"https:\/\/serveiseducatius.xtec.cat\/altmaresme\/wp-json\/wp\/v2\/posts\/18101","targetHints":{"allow":["GET"]}}],"collection":[{"href":"https:\/\/serveiseducatius.xtec.cat\/altmaresme\/wp-json\/wp\/v2\/posts"}],"about":[{"href":"https:\/\/serveiseducatius.xtec.cat\/altmaresme\/wp-json\/wp\/v2\/types\/post"}],"author":[{"embeddable":true,"href":"https:\/\/serveiseducatius.xtec.cat\/altmaresme\/wp-json\/wp\/v2\/users\/137"}],"replies":[{"embeddable":true,"href":"https:\/\/serveiseducatius.xtec.cat\/altmaresme\/wp-json\/wp\/v2\/comments?post=18101"}],"version-history":[{"count":1,"href":"https:\/\/serveiseducatius.xtec.cat\/altmaresme\/wp-json\/wp\/v2\/posts\/18101\/revisions"}],"predecessor-version":[{"id":18103,"href":"https:\/\/serveiseducatius.xtec.cat\/altmaresme\/wp-json\/wp\/v2\/posts\/18101\/revisions\/18103"}],"wp:featuredmedia":[{"embeddable":true,"href":"https:\/\/serveiseducatius.xtec.cat\/altmaresme\/wp-json\/wp\/v2\/media\/18102"}],"wp:attachment":[{"href":"https:\/\/serveiseducatius.xtec.cat\/altmaresme\/wp-json\/wp\/v2\/media?parent=18101"}],"wp:term":[{"taxonomy":"category","embeddable":true,"href":"https:\/\/serveiseducatius.xtec.cat\/altmaresme\/wp-json\/wp\/v2\/categories?post=18101"},{"taxonomy":"post_tag","embeddable":true,"href":"https:\/\/serveiseducatius.xtec.cat\/altmaresme\/wp-json\/wp\/v2\/tags?post=18101"}],"curies":[{"name":"wp","href":"https:\/\/api.w.org\/{rel}","templated":true}]}}