{"id":18017,"date":"2024-03-05T09:19:04","date_gmt":"2024-03-05T08:19:04","guid":{"rendered":"https:\/\/serveiseducatius.xtec.cat\/altmaresme\/?p=18017"},"modified":"2024-03-05T09:19:04","modified_gmt":"2024-03-05T08:19:04","slug":"cantada-escolar-de-pineda-de-mar","status":"publish","type":"post","link":"https:\/\/serveiseducatius.xtec.cat\/altmaresme\/portada\/cantada-escolar-de-pineda-de-mar\/","title":{"rendered":"Cantada Escolar de Pineda de Mar"},"content":{"rendered":"<div>No us perdeu la Cantada Escolar de Pineda de Mar el proper <b>22 de mar\u00e7, al mat\u00ed, a Can Xaubet.<\/b><\/div>\n<div><\/div>\n<div class=\"gmail_default\">La cantada escolar, que reuneix m\u00e9s de 1500 nens i nenes de Pineda, i aquest any tamb\u00e9 de l&#8217;Escola Mari\u00e0 Cub\u00ed de Malgrat,\u00a0 un any m\u00e9s, esdev\u00e9 una celebraci\u00f3 on la m\u00fasica, les can\u00e7ons i les veus dels infants, de manera transversal,\u00a0 ens porten a fer\u00a0 presents altres valors tan importants com la trobada en si mateixa.<\/div>\n<div><\/div>\n<div class=\"gmail_default\">Enguany han escollit can\u00e7ons en les que <b>el mar<\/b>, d&#8217;una manera o altra, hi \u00e9s present; de vegades en forma de reivindicaci\u00f3, de vegades com l&#8217;escenari ideal per viure aventures o somiar impossibles.<\/div>\n<div class=\"gmail_default\"><\/div>\n<div class=\"gmail_default\">Les can\u00e7ons s\u00f3n agafades, en pr\u00e9stec, de la mem\u00f2ria i la cultura del nostre pa\u00eds i tamb\u00e9 d&#8217;arreu, i\u00a0 n&#8217;hi ha de diferents \u00e8poques,\u00a0 estils i per a totes les edats.<\/div>\n<div class=\"gmail_default\"><\/div>\n","protected":false},"excerpt":{"rendered":"<p>No us perdeu la Cantada Escolar de Pineda de Mar el proper 22 de mar\u00e7, al mat\u00ed, a Can Xaubet.<\/p>\n<p>La cantada escolar, que reuneix m\u00e9s de 1500 nens i nenes de Pineda, i aquest any tamb\u00e9 de l&#8217;Escola Mari\u00e0 Cub\u00ed de Malgrat,\u00a0 un any m\u00e9s,&hellip;  <a href=\"https:\/\/serveiseducatius.xtec.cat\/altmaresme\/portada\/cantada-escolar-de-pineda-de-mar\/\" title=\"Read Cantada Escolar de Pineda de Mar\">Llegeix m\u00e9s\u00bb<\/a><\/p>\n","protected":false},"author":1,"featured_media":8148,"comment_status":"open","ping_status":"closed","sticky":false,"template":"","format":"standard","meta":{"_bbp_topic_count":0,"_bbp_reply_count":0,"_bbp_total_topic_count":0,"_bbp_total_reply_count":0,"_bbp_voice_count":0,"_bbp_anonymous_reply_count":0,"_bbp_topic_count_hidden":0,"_bbp_reply_count_hidden":0,"_bbp_forum_subforum_count":0,"footnotes":""},"categories":[29,1046],"tags":[],"class_list":["post-18017","post","type-post","status-publish","format-standard","has-post-thumbnail","hentry","category-portada","category-primaria"],"post_mailing_queue_ids":[],"_links":{"self":[{"href":"https:\/\/serveiseducatius.xtec.cat\/altmaresme\/wp-json\/wp\/v2\/posts\/18017","targetHints":{"allow":["GET"]}}],"collection":[{"href":"https:\/\/serveiseducatius.xtec.cat\/altmaresme\/wp-json\/wp\/v2\/posts"}],"about":[{"href":"https:\/\/serveiseducatius.xtec.cat\/altmaresme\/wp-json\/wp\/v2\/types\/post"}],"author":[{"embeddable":true,"href":"https:\/\/serveiseducatius.xtec.cat\/altmaresme\/wp-json\/wp\/v2\/users\/1"}],"replies":[{"embeddable":true,"href":"https:\/\/serveiseducatius.xtec.cat\/altmaresme\/wp-json\/wp\/v2\/comments?post=18017"}],"version-history":[{"count":1,"href":"https:\/\/serveiseducatius.xtec.cat\/altmaresme\/wp-json\/wp\/v2\/posts\/18017\/revisions"}],"predecessor-version":[{"id":18018,"href":"https:\/\/serveiseducatius.xtec.cat\/altmaresme\/wp-json\/wp\/v2\/posts\/18017\/revisions\/18018"}],"wp:featuredmedia":[{"embeddable":true,"href":"https:\/\/serveiseducatius.xtec.cat\/altmaresme\/wp-json\/wp\/v2\/media\/8148"}],"wp:attachment":[{"href":"https:\/\/serveiseducatius.xtec.cat\/altmaresme\/wp-json\/wp\/v2\/media?parent=18017"}],"wp:term":[{"taxonomy":"category","embeddable":true,"href":"https:\/\/serveiseducatius.xtec.cat\/altmaresme\/wp-json\/wp\/v2\/categories?post=18017"},{"taxonomy":"post_tag","embeddable":true,"href":"https:\/\/serveiseducatius.xtec.cat\/altmaresme\/wp-json\/wp\/v2\/tags?post=18017"}],"curies":[{"name":"wp","href":"https:\/\/api.w.org\/{rel}","templated":true}]}}