{"id":17984,"date":"2024-02-26T11:22:11","date_gmt":"2024-02-26T10:22:11","guid":{"rendered":"https:\/\/serveiseducatius.xtec.cat\/altmaresme\/?p=17984"},"modified":"2024-02-26T11:22:11","modified_gmt":"2024-02-26T10:22:11","slug":"un-concurs-de-fisica-una-situacio-daprenentatge-per-leso","status":"publish","type":"post","link":"https:\/\/serveiseducatius.xtec.cat\/altmaresme\/portada\/un-concurs-de-fisica-una-situacio-daprenentatge-per-leso\/","title":{"rendered":"Un concurs de f\u00edsica&#8230;una situaci\u00f3 d&#8217;aprenentatge per l&#8217;ESO"},"content":{"rendered":"<div><a href=\"https:\/\/docs.google.com\/forms\/d\/e\/1FAIpQLSfKhzsIx3zcfzZG6n0_F77aCdIjgNpGjb43Pl6eFA3GGMJguA\/viewform\" target=\"_blank\" rel=\"noopener\" data-saferedirecturl=\"https:\/\/www.google.com\/url?q=https:\/\/docs.google.com\/forms\/d\/e\/1FAIpQLSfKhzsIx3zcfzZG6n0_F77aCdIjgNpGjb43Pl6eFA3GGMJguA\/viewform&amp;source=gmail&amp;ust=1709021186050000&amp;usg=AOvVaw0HxkXwOsaBsmAJ7cH9UAZn\">INSCRIPCI\u00d3<\/a>\u00a0 Termini 28 de febrer.<\/div>\n<div><\/div>\n<div>\n<p>El Grup de Treball <strong>Physicat<\/strong> i el Seminari de F\u00edsica en context de les comarques gironines us animen a participar-hi amb el teu alumnat de <strong>4t d\u2019ESO<\/strong>, perqu\u00e8 el format de concurs resulta motivador, l&#8217;alumnat pot treballar en grup i \u00e9s una experi\u00e8ncia molt enriquidora.<br \/>\nEnguany ser\u00e0 la <strong>6a edici\u00f3<\/strong> d\u2019un concurs que ha anat creixent cada any amb l\u2019objectiu d\u2019engrescar l\u2019alumnat en la f\u00edsica.<br \/>\nEl concurs es realitzar\u00e0 <span style=\"text-decoration: underline;\">del dilluns 11 de mar\u00e7 al divendres 22 de mar\u00e7 de 2024<\/span>. Com a cada edici\u00f3, el concurs es realitzar\u00e0 a cada centre on-line, de manera que la participaci\u00f3 \u00e9s gratu\u00efta.<br \/>\nLes <span style=\"text-decoration: underline;\">inscripcions seran del 12 de febrer al 28 de febrer de 2024<\/span>.<br \/>\nUs recomanem consultar tota la informaci\u00f3 del funcionament del concurs i veure l\u2019hist\u00f2ric de problemes al bloc: <a href=\"http:\/\/blocs.xtec.cat\/physicat\/\">http:\/\/blocs.xtec.cat\/physicat\/<\/a><\/p>\n<p>Per a m\u00e9s informaci\u00f3 podeu comunicar-vos amb l&#8217;equip Physicat a trav\u00e9s del correu problemesphysicat@gmail.com<\/p>\n<\/div>\n","protected":false},"excerpt":{"rendered":"<p><a href=\"https:\/\/docs.google.com\/forms\/d\/e\/1FAIpQLSfKhzsIx3zcfzZG6n0_F77aCdIjgNpGjb43Pl6eFA3GGMJguA\/viewform\" target=\"_blank\" rel=\"noopener\" data-saferedirecturl=\"https:\/\/www.google.com\/url?q=https:\/\/docs.google.com\/forms\/d\/e\/1FAIpQLSfKhzsIx3zcfzZG6n0_F77aCdIjgNpGjb43Pl6eFA3GGMJguA\/viewform&amp;source=gmail&amp;ust=1709021186050000&amp;usg=AOvVaw0HxkXwOsaBsmAJ7cH9UAZn\">INSCRIPCI\u00d3<\/a>\u00a0 Termini 28 de febrer.<\/p>\n<p>El Grup de Treball Physicat i el Seminari de F\u00edsica en context de les comarques gironines us animen a participar-hi amb el teu alumnat de 4t d\u2019ESO, perqu\u00e8 el format de concurs resulta motivador, l&#8217;alumnat pot treballar&hellip;  <a href=\"https:\/\/serveiseducatius.xtec.cat\/altmaresme\/portada\/un-concurs-de-fisica-una-situacio-daprenentatge-per-leso\/\" title=\"Read Un concurs de f\u00edsica&#8230;una situaci\u00f3 d&#8217;aprenentatge per l&#8217;ESO\">Llegeix m\u00e9s\u00bb<\/a><\/p>\n","protected":false},"author":137,"featured_media":13656,"comment_status":"open","ping_status":"closed","sticky":false,"template":"","format":"standard","meta":{"_bbp_topic_count":0,"_bbp_reply_count":0,"_bbp_total_topic_count":0,"_bbp_total_reply_count":0,"_bbp_voice_count":0,"_bbp_anonymous_reply_count":0,"_bbp_topic_count_hidden":0,"_bbp_reply_count_hidden":0,"_bbp_forum_subforum_count":0,"footnotes":""},"categories":[29,1045],"tags":[],"class_list":["post-17984","post","type-post","status-publish","format-standard","has-post-thumbnail","hentry","category-portada","category-secundaria"],"post_mailing_queue_ids":[],"_links":{"self":[{"href":"https:\/\/serveiseducatius.xtec.cat\/altmaresme\/wp-json\/wp\/v2\/posts\/17984","targetHints":{"allow":["GET"]}}],"collection":[{"href":"https:\/\/serveiseducatius.xtec.cat\/altmaresme\/wp-json\/wp\/v2\/posts"}],"about":[{"href":"https:\/\/serveiseducatius.xtec.cat\/altmaresme\/wp-json\/wp\/v2\/types\/post"}],"author":[{"embeddable":true,"href":"https:\/\/serveiseducatius.xtec.cat\/altmaresme\/wp-json\/wp\/v2\/users\/137"}],"replies":[{"embeddable":true,"href":"https:\/\/serveiseducatius.xtec.cat\/altmaresme\/wp-json\/wp\/v2\/comments?post=17984"}],"version-history":[{"count":1,"href":"https:\/\/serveiseducatius.xtec.cat\/altmaresme\/wp-json\/wp\/v2\/posts\/17984\/revisions"}],"predecessor-version":[{"id":17985,"href":"https:\/\/serveiseducatius.xtec.cat\/altmaresme\/wp-json\/wp\/v2\/posts\/17984\/revisions\/17985"}],"wp:featuredmedia":[{"embeddable":true,"href":"https:\/\/serveiseducatius.xtec.cat\/altmaresme\/wp-json\/wp\/v2\/media\/13656"}],"wp:attachment":[{"href":"https:\/\/serveiseducatius.xtec.cat\/altmaresme\/wp-json\/wp\/v2\/media?parent=17984"}],"wp:term":[{"taxonomy":"category","embeddable":true,"href":"https:\/\/serveiseducatius.xtec.cat\/altmaresme\/wp-json\/wp\/v2\/categories?post=17984"},{"taxonomy":"post_tag","embeddable":true,"href":"https:\/\/serveiseducatius.xtec.cat\/altmaresme\/wp-json\/wp\/v2\/tags?post=17984"}],"curies":[{"name":"wp","href":"https:\/\/api.w.org\/{rel}","templated":true}]}}