{"id":17946,"date":"2024-02-05T12:11:59","date_gmt":"2024-02-05T11:11:59","guid":{"rendered":"https:\/\/serveiseducatius.xtec.cat\/altmaresme\/?p=17946"},"modified":"2024-02-05T12:13:41","modified_gmt":"2024-02-05T11:13:41","slug":"formacio-en-matematiques","status":"publish","type":"post","link":"https:\/\/serveiseducatius.xtec.cat\/altmaresme\/portada\/formacio-en-matematiques\/","title":{"rendered":"Formaci\u00f3 en matem\u00e0tiques"},"content":{"rendered":"<table border=\"0\" width=\"100%\" cellspacing=\"0\" cellpadding=\"0\">\n<tbody>\n<tr>\n<td valign=\"top\">\n<table class=\"m_6153004961447545446mcnTextContentContainer\" border=\"0\" width=\"100%\" cellspacing=\"0\" cellpadding=\"0\" align=\"left\">\n<tbody>\n<tr>\n<td class=\"m_6153004961447545446mcnTextContent\" valign=\"top\">\n<h3>Cursos de formaci\u00f3 per a docents<\/h3>\n<\/td>\n<\/tr>\n<\/tbody>\n<\/table>\n<\/td>\n<\/tr>\n<\/tbody>\n<\/table>\n<table border=\"0\" width=\"100%\" cellspacing=\"0\" cellpadding=\"0\">\n<tbody>\n<tr>\n<td valign=\"top\">\n<table border=\"0\" width=\"100%\" cellspacing=\"0\" cellpadding=\"0\" align=\"left\">\n<tbody>\n<tr>\n<td valign=\"top\"><img decoding=\"async\" class=\"m_6153004961447545446mcnImage CToWUd a6T\" tabindex=\"0\" src=\"https:\/\/ci3.googleusercontent.com\/meips\/ADKq_NZSTO8yxKya8f9oEb-bHHZBY5in5ZfMGQ_IwXuI59z9JErJpELxjFHGKWg-c5w3NAkUBYAlPSHGAOtwieK3GxUqxNw6ZXC5HACmlBIGqDIuLr6JGoukckg5lfzrca8Cen0p_f1Kq56RDXG_WV2_V_T6h3jNQvSHv6s=s0-d-e1-ft#https:\/\/mcusercontent.com\/57c5cbbfccdeedb03f03fbf04\/images\/a710406a-fdeb-2cfc-ea04-824e9b088dfd.jpg\" alt=\"\" width=\"564\" align=\"middle\" data-bit=\"iit\" \/><\/td>\n<\/tr>\n<\/tbody>\n<\/table>\n<\/td>\n<\/tr>\n<\/tbody>\n<\/table>\n<table border=\"0\" width=\"100%\" cellspacing=\"0\" cellpadding=\"0\">\n<tbody>\n<tr>\n<td valign=\"top\">\n<table border=\"0\" width=\"100%\" cellspacing=\"0\" cellpadding=\"0\" align=\"left\">\n<tbody>\n<tr>\n<td valign=\"top\"><\/td>\n<\/tr>\n<\/tbody>\n<\/table>\n<\/td>\n<\/tr>\n<\/tbody>\n<\/table>\n<table border=\"0\" width=\"100%\" cellspacing=\"0\" cellpadding=\"0\">\n<tbody>\n<tr>\n<td valign=\"top\">\n<table class=\"m_6153004961447545446mcnTextContentContainer\" border=\"0\" width=\"100%\" cellspacing=\"0\" cellpadding=\"0\" align=\"left\">\n<tbody>\n<tr>\n<td class=\"m_6153004961447545446mcnTextContent\" valign=\"top\">Comen\u00e7a l&#8217;any amb els tallers formatius del MMACA!<\/p>\n<p>Si ets docent de prim\u00e0ria o secund\u00e0ria, et convidem a participar en els tallers formatius del MMACA. El tercer dimecres de cada mes (aproximadament) farem un nou taller d&#8217;una tem\u00e0tica concreta. Ja tenim preparats els dos primers:<\/p>\n<p>21\/02\/2024 &#8211; 16h-20h &#8211; <strong>Taller de creaci\u00f3 de materials manipulatius per treballar la geometria<\/strong> (Inscripci\u00f3:\u00a0<a href=\"https:\/\/mmaca.us13.list-manage.com\/track\/click?u=57c5cbbfccdeedb03f03fbf04&amp;id=b999a9193b&amp;e=90aa4855a8\" target=\"_blank\" rel=\"noopener\" data-saferedirecturl=\"https:\/\/www.google.com\/url?q=https:\/\/mmaca.us13.list-manage.com\/track\/click?u%3D57c5cbbfccdeedb03f03fbf04%26id%3Db999a9193b%26e%3D90aa4855a8&amp;source=gmail&amp;ust=1707216983464000&amp;usg=AOvVaw30WcidV57WsB6kFfaN0brz\">https:\/\/forms.<wbr \/>gle\/sw5XdU7u2RgCSE7x5<\/a>\u00a0)<\/p>\n<p>Cada taller consisteix en una sessi\u00f3 presencial de 4h on t&#8217;ensenyarem a adaptar els nostres materials a les teves necessitats i d&#8217;una tasca aut\u00f2noma de 6h on haur\u00e0s de dur algun d&#8217;aquests materials a l&#8217;aula i redactar un informe resumint l&#8217;experi\u00e8ncia.<\/p>\n<p>No te&#8217;ls perdis!<\/p>\n<p><strong>Certificaci\u00f3 XTEC<\/strong><br \/>\nAquestes activitats estan pendent de reconeixement. En cas que siguin acceptades dins del programa de formaci\u00f3 permanent del Departament, i nom\u00e9s si sou treballadors\/es XTEC, us apareixeran reconegudes autom\u00e0ticament a ATRI.<\/td>\n<\/tr>\n<\/tbody>\n<\/table>\n<\/td>\n<\/tr>\n<\/tbody>\n<\/table>\n","protected":false},"excerpt":{"rendered":"<p>Cursos de formaci\u00f3 per a docents<\/p>\n<p>Comen\u00e7a l&#8217;any amb els tallers formatius del MMACA!<br \/>\nSi ets docent de prim\u00e0ria o secund\u00e0ria, et convidem a participar en els tallers formatius del MMACA. El tercer dimecres de cada mes (aproximadament) farem un nou taller d&#8217;una tem\u00e0tica concreta. Ja tenim&hellip;  <a href=\"https:\/\/serveiseducatius.xtec.cat\/altmaresme\/portada\/formacio-en-matematiques\/\" title=\"Read Formaci\u00f3 en matem\u00e0tiques\">Llegeix m\u00e9s\u00bb<\/a><\/p>\n","protected":false},"author":1,"featured_media":14961,"comment_status":"open","ping_status":"closed","sticky":false,"template":"","format":"standard","meta":{"_bbp_topic_count":0,"_bbp_reply_count":0,"_bbp_total_topic_count":0,"_bbp_total_reply_count":0,"_bbp_voice_count":0,"_bbp_anonymous_reply_count":0,"_bbp_topic_count_hidden":0,"_bbp_reply_count_hidden":0,"_bbp_forum_subforum_count":0,"footnotes":""},"categories":[1051,29,1046,1045],"tags":[],"class_list":["post-17946","post","type-post","status-publish","format-standard","has-post-thumbnail","hentry","category-formacio","category-portada","category-primaria","category-secundaria"],"post_mailing_queue_ids":[],"_links":{"self":[{"href":"https:\/\/serveiseducatius.xtec.cat\/altmaresme\/wp-json\/wp\/v2\/posts\/17946","targetHints":{"allow":["GET"]}}],"collection":[{"href":"https:\/\/serveiseducatius.xtec.cat\/altmaresme\/wp-json\/wp\/v2\/posts"}],"about":[{"href":"https:\/\/serveiseducatius.xtec.cat\/altmaresme\/wp-json\/wp\/v2\/types\/post"}],"author":[{"embeddable":true,"href":"https:\/\/serveiseducatius.xtec.cat\/altmaresme\/wp-json\/wp\/v2\/users\/1"}],"replies":[{"embeddable":true,"href":"https:\/\/serveiseducatius.xtec.cat\/altmaresme\/wp-json\/wp\/v2\/comments?post=17946"}],"version-history":[{"count":2,"href":"https:\/\/serveiseducatius.xtec.cat\/altmaresme\/wp-json\/wp\/v2\/posts\/17946\/revisions"}],"predecessor-version":[{"id":17948,"href":"https:\/\/serveiseducatius.xtec.cat\/altmaresme\/wp-json\/wp\/v2\/posts\/17946\/revisions\/17948"}],"wp:featuredmedia":[{"embeddable":true,"href":"https:\/\/serveiseducatius.xtec.cat\/altmaresme\/wp-json\/wp\/v2\/media\/14961"}],"wp:attachment":[{"href":"https:\/\/serveiseducatius.xtec.cat\/altmaresme\/wp-json\/wp\/v2\/media?parent=17946"}],"wp:term":[{"taxonomy":"category","embeddable":true,"href":"https:\/\/serveiseducatius.xtec.cat\/altmaresme\/wp-json\/wp\/v2\/categories?post=17946"},{"taxonomy":"post_tag","embeddable":true,"href":"https:\/\/serveiseducatius.xtec.cat\/altmaresme\/wp-json\/wp\/v2\/tags?post=17946"}],"curies":[{"name":"wp","href":"https:\/\/api.w.org\/{rel}","templated":true}]}}