{"id":17886,"date":"2024-01-17T14:22:12","date_gmt":"2024-01-17T13:22:12","guid":{"rendered":"https:\/\/serveiseducatius.xtec.cat\/altmaresme\/?p=17886"},"modified":"2024-01-17T14:22:12","modified_gmt":"2024-01-17T13:22:12","slug":"jornada-daltes-capacitats","status":"publish","type":"post","link":"https:\/\/serveiseducatius.xtec.cat\/altmaresme\/portada\/jornada-daltes-capacitats\/","title":{"rendered":"Jornada d&#8217;altes capacitats"},"content":{"rendered":"<p dir=\"ltr\">V Jornades d\u2019Altes Capacitats del Col\u00b7legi el Carme de Lleida. Es duran a terme al centre educatiu el proper dissabte, 3 de febrer.<\/p>\n<p dir=\"ltr\">09.00 h \u00a0\u00a0\u00a0Acollida a les persones participants a la Jornada al hall de l\u2019escola<\/p>\n<p dir=\"ltr\">09.20 h \u00a0\u00a0\u00a0Presentaci\u00f3 de la Jornada<\/p>\n<p dir=\"ltr\">09.30 h\u00a0 \u00a0 Pon\u00e8ncia a c\u00e0rrec de Chema L\u00e1zaro: \u00a0 <strong>Oc\u00e9anos de Singularidad. M\u00e1s all\u00e1 de las aguas convencionales<\/strong>. (Sal\u00f3 d\u2019Actes)<\/p>\n<p dir=\"ltr\">11.00 h \u00a0\u00a0\u00a0Pausa. Esmorzar al gimn\u00e0s de l\u2019escola.<\/p>\n<p dir=\"ltr\">12.30 h \u00a0 Tallers: Maria S\u00e1nchez: <strong>Les altes capacitats a l\u2019escola inclusiva: eines i estrat\u00e8gies<\/strong>. Chema L\u00e1zaro \u2013 <strong>Creaci\u00f3n de itinerarios de aprendizaje<\/strong>. Rosabel Rodr\u00edguez\u2013 <strong>Aprender todos juntos es posible. Estrategia de Programaci\u00f3n Multinivel.<\/strong><\/p>\n<p dir=\"ltr\">13.30 h \u00a0\u00a0\u00a0Tancament de la Jornada<\/p>\n<p dir=\"ltr\">14.00 h \u00a0\u00a0\u00a0Fi de la Jornada<\/p>\n<p dir=\"ltr\">Facilitem l\u2019enlla\u00e7 a la <a href=\"https:\/\/serveiseducatius.xtec.cat\/segria\/general\/personalitzem-laprenentatge-a-laula-ordinaria\/\" target=\"_blank\" rel=\"noopener\" data-saferedirecturl=\"https:\/\/www.google.com\/url?q=https:\/\/serveiseducatius.xtec.cat\/segria\/general\/personalitzem-laprenentatge-a-laula-ordinaria\/&amp;source=gmail&amp;ust=1705583284652000&amp;usg=AOvVaw1zxYiNQHoYYD92CHZpPSuW\">informaci\u00f3<\/a> i a la <a href=\"https:\/\/docs.google.com\/forms\/d\/e\/1FAIpQLSdpgCZg84iBwXzOXZzDWtZRrm-qH3KS6Dh6BPuFAsa6M-61sw\/viewform\" target=\"_blank\" rel=\"noopener\" data-saferedirecturl=\"https:\/\/www.google.com\/url?q=https:\/\/docs.google.com\/forms\/d\/e\/1FAIpQLSdpgCZg84iBwXzOXZzDWtZRrm-qH3KS6Dh6BPuFAsa6M-61sw\/viewform&amp;source=gmail&amp;ust=1705583284652000&amp;usg=AOvVaw3CxvT_qmcBPYvIsZqKVCwj\">inscripci\u00f3<\/a>.<\/p>\n<p dir=\"ltr\">Agrairem que ho feu extensiu a l\u2019Equip de Docents del vostre centre per si pot ser del seu inter\u00e8s.<\/p>\n","protected":false},"excerpt":{"rendered":"<p>V Jornades d\u2019Altes Capacitats del Col\u00b7legi el Carme de Lleida. Es duran a terme al centre educatiu el proper dissabte, 3 de febrer.<br \/>\n09.00 h \u00a0\u00a0\u00a0Acollida a les persones participants a la Jornada al hall de l\u2019escola<br \/>\n09.20 h \u00a0\u00a0\u00a0Presentaci\u00f3 de la Jornada<br \/>\n09.30 h\u00a0 \u00a0 Pon\u00e8ncia a&hellip;  <a href=\"https:\/\/serveiseducatius.xtec.cat\/altmaresme\/portada\/jornada-daltes-capacitats\/\" title=\"Read Jornada d&#8217;altes capacitats\">Llegeix m\u00e9s\u00bb<\/a><\/p>\n","protected":false},"author":1,"featured_media":17887,"comment_status":"open","ping_status":"closed","sticky":false,"template":"","format":"standard","meta":{"_bbp_topic_count":0,"_bbp_reply_count":0,"_bbp_total_topic_count":0,"_bbp_total_reply_count":0,"_bbp_voice_count":0,"_bbp_anonymous_reply_count":0,"_bbp_topic_count_hidden":0,"_bbp_reply_count_hidden":0,"_bbp_forum_subforum_count":0,"footnotes":""},"categories":[1063,285,1051,666,29,1046,1045],"tags":[],"class_list":["post-17886","post","type-post","status-publish","format-standard","has-post-thumbnail","hentry","category-premis-i-concursos","category-dua","category-formacio","category-orientacio","category-portada","category-primaria","category-secundaria"],"post_mailing_queue_ids":[],"_links":{"self":[{"href":"https:\/\/serveiseducatius.xtec.cat\/altmaresme\/wp-json\/wp\/v2\/posts\/17886","targetHints":{"allow":["GET"]}}],"collection":[{"href":"https:\/\/serveiseducatius.xtec.cat\/altmaresme\/wp-json\/wp\/v2\/posts"}],"about":[{"href":"https:\/\/serveiseducatius.xtec.cat\/altmaresme\/wp-json\/wp\/v2\/types\/post"}],"author":[{"embeddable":true,"href":"https:\/\/serveiseducatius.xtec.cat\/altmaresme\/wp-json\/wp\/v2\/users\/1"}],"replies":[{"embeddable":true,"href":"https:\/\/serveiseducatius.xtec.cat\/altmaresme\/wp-json\/wp\/v2\/comments?post=17886"}],"version-history":[{"count":1,"href":"https:\/\/serveiseducatius.xtec.cat\/altmaresme\/wp-json\/wp\/v2\/posts\/17886\/revisions"}],"predecessor-version":[{"id":17888,"href":"https:\/\/serveiseducatius.xtec.cat\/altmaresme\/wp-json\/wp\/v2\/posts\/17886\/revisions\/17888"}],"wp:featuredmedia":[{"embeddable":true,"href":"https:\/\/serveiseducatius.xtec.cat\/altmaresme\/wp-json\/wp\/v2\/media\/17887"}],"wp:attachment":[{"href":"https:\/\/serveiseducatius.xtec.cat\/altmaresme\/wp-json\/wp\/v2\/media?parent=17886"}],"wp:term":[{"taxonomy":"category","embeddable":true,"href":"https:\/\/serveiseducatius.xtec.cat\/altmaresme\/wp-json\/wp\/v2\/categories?post=17886"},{"taxonomy":"post_tag","embeddable":true,"href":"https:\/\/serveiseducatius.xtec.cat\/altmaresme\/wp-json\/wp\/v2\/tags?post=17886"}],"curies":[{"name":"wp","href":"https:\/\/api.w.org\/{rel}","templated":true}]}}