{"id":17737,"date":"2023-11-28T10:50:24","date_gmt":"2023-11-28T09:50:24","guid":{"rendered":"https:\/\/serveiseducatius.xtec.cat\/altmaresme\/?p=17737"},"modified":"2023-11-28T09:45:13","modified_gmt":"2023-11-28T08:45:13","slug":"voleu-fer-un-projecte-de-recerca-sobre-astronomia-amb-el-vostre-alumnat-de-primaria","status":"publish","type":"post","link":"https:\/\/serveiseducatius.xtec.cat\/altmaresme\/portada\/voleu-fer-un-projecte-de-recerca-sobre-astronomia-amb-el-vostre-alumnat-de-primaria\/","title":{"rendered":"Voleu fer un projecte de recerca sobre astronomia amb el vostre alumnat de prim\u00e0ria?"},"content":{"rendered":"<p><strong>VIII edici\u00f3 de Recerkids!<\/strong><\/p>\n<p>Enguany, amb motiu del centenari del bioqu\u00edmic, catedr\u00e0tic i col\u00b7laborador de la NASA,<strong>\u00a0Joan Or\u00f3<\/strong>, Recerkids girar\u00e0 entorn de\u00a0<strong>l&#8217;origen de la vida i l&#8217;astronomia<\/strong>, commemorant aix\u00ed les importants contribucions del catal\u00e0 en aquest \u00e0mbit!<\/p>\n<p style=\"text-align: center;\"><iframe loading=\"lazy\" title=\"YouTube video player\" src=\"\/\/www.youtube.com\/embed\/ZdQ0XyV9DmI?si=qQJDr1IBEGrf8VOW\" width=\"560\" height=\"315\" frameborder=\"0\" allowfullscreen=\"allowfullscreen\"><\/iframe><\/p>\n<p>Si teniu ganes de treballar el m\u00e8tode cient\u00edfic amb\u00a0<strong>material did\u00e0ctic ben pautat i acompanyament durant tot el proc\u00e9s<\/strong>\u00a0i, a m\u00e9s, voleu compartir els resultats de la vostra recerca amb altres escoles, aquest \u00e9s el vostre programa!<\/p>\n<p><a title=\"Formulari d'inscripci\u00f3\" href=\"https:\/\/recerkids.us13.list-manage.com\/track\/click?u=29b5d15ba954a6b70ad212262&amp;id=1ba7b10c7c&amp;e=01feae60d2\" target=\"_blank\" rel=\"noopener\" data-saferedirecturl=\"https:\/\/www.google.com\/url?q=https:\/\/recerkids.us13.list-manage.com\/track\/click?u%3D29b5d15ba954a6b70ad212262%26id%3D1ba7b10c7c%26e%3D01feae60d2&amp;source=gmail&amp;ust=1701164818852000&amp;usg=AOvVaw2686v5BVnUGlSi22r3iZY5\">Formulari d&#8217;inscripci\u00f3<\/a><\/p>\n<p><a href=\"https:\/\/serveiseducatius.xtec.cat\/altmaresme\/wp-content\/uploads\/usu1140\/2023\/11\/cerkids.png\"><img loading=\"lazy\" decoding=\"async\" class=\"size-full wp-image-17738 aligncenter\" src=\"https:\/\/serveiseducatius.xtec.cat\/altmaresme\/wp-content\/uploads\/usu1140\/2023\/11\/cerkids.png\" alt=\"\" width=\"666\" height=\"199\" srcset=\"https:\/\/serveiseducatius.xtec.cat\/altmaresme\/wp-content\/uploads\/usu1140\/2023\/11\/cerkids.png 666w, https:\/\/serveiseducatius.xtec.cat\/altmaresme\/wp-content\/uploads\/usu1140\/2023\/11\/cerkids-300x90.png 300w\" sizes=\"auto, (max-width: 666px) 100vw, 666px\" \/><\/a><\/p>\n<div><strong>Fase 1:<\/strong><\/div>\n<p><strong>Un projecte de recerca cient\u00edfica a l&#8217;aula:\u00a0<\/strong>les escoles participants disposaran de material de suport per a l&#8217;activitat docent, assessorament did\u00e0ctic personalitzat, una sessi\u00f3 formativa sobre com orientar la recerca i la xerrada d&#8217;una persona experta en astronomia. Al final de la fase, caldr\u00e0 elaborar un p\u00f2ster cient\u00edfic que publicarem a la nova web de<a href=\"https:\/\/recerkids.us13.list-manage.com\/track\/click?u=29b5d15ba954a6b70ad212262&amp;id=93964aa0c3&amp;e=01feae60d2\" target=\"_blank\" rel=\"noopener\" data-saferedirecturl=\"https:\/\/www.google.com\/url?q=https:\/\/recerkids.us13.list-manage.com\/track\/click?u%3D29b5d15ba954a6b70ad212262%26id%3D93964aa0c3%26e%3D01feae60d2&amp;source=gmail&amp;ust=1701164818852000&amp;usg=AOvVaw1rsQtPuMDJILNcaD9W-KFY\">\u00a0Recerkids<\/a>.<\/p>\n<p>Per aquesta fase\u00a0<strong><u>no<\/u><\/strong>\u00a0<strong>hi ha l\u00edmit de places<\/strong>.<\/p>\n<p><strong>Fase 2:<\/strong><br \/>\n<strong>Un congr\u00e9s cient\u00edfic a Barcelona, Girona, Tarragona i Lleida:\u00a0<\/strong>els grups classe que obtinguin pla\u00e7a exposaran i compartiran, amb altres centres, els\u00a0resultats de la seva recerca.\u00a0A m\u00e9s, podran participar en tallers experimentals i gaudir d&#8217;un espectacle cient\u00edfic d&#8217;all\u00f2 m\u00e9s emocionant!<\/p>\n<p><strong>L&#8217;aforament dels\u00a0congressos \u00e9s limitat<\/strong>\u00a0i, per tant, les places tamb\u00e9 ho seran. Aquestes\u00a0<strong>s&#8217;assignaran\u00a0per ordre d&#8217;inscripci\u00f3.<\/strong><\/p>\n","protected":false},"excerpt":{"rendered":"<p>VIII edici\u00f3 de Recerkids!<br \/>\nEnguany, amb motiu del centenari del bioqu\u00edmic, catedr\u00e0tic i col\u00b7laborador de la NASA,\u00a0Joan Or\u00f3, Recerkids girar\u00e0 entorn de\u00a0l&#8217;origen de la vida i l&#8217;astronomia, commemorant aix\u00ed les importants contribucions del catal\u00e0 en aquest \u00e0mbit!<\/p>\n<p>Si teniu ganes de treballar el m\u00e8tode cient\u00edfic amb\u00a0material did\u00e0ctic&hellip;  <a href=\"https:\/\/serveiseducatius.xtec.cat\/altmaresme\/portada\/voleu-fer-un-projecte-de-recerca-sobre-astronomia-amb-el-vostre-alumnat-de-primaria\/\" title=\"Read Voleu fer un projecte de recerca sobre astronomia amb el vostre alumnat de prim\u00e0ria?\">Llegeix m\u00e9s\u00bb<\/a><\/p>\n","protected":false},"author":137,"featured_media":10680,"comment_status":"open","ping_status":"closed","sticky":false,"template":"","format":"standard","meta":{"_bbp_topic_count":0,"_bbp_reply_count":0,"_bbp_total_topic_count":0,"_bbp_total_reply_count":0,"_bbp_voice_count":0,"_bbp_anonymous_reply_count":0,"_bbp_topic_count_hidden":0,"_bbp_reply_count_hidden":0,"_bbp_forum_subforum_count":0,"footnotes":""},"categories":[1057,29,1046],"tags":[],"class_list":["post-17737","post","type-post","status-publish","format-standard","has-post-thumbnail","hentry","category-medi","category-portada","category-primaria"],"post_mailing_queue_ids":[],"_links":{"self":[{"href":"https:\/\/serveiseducatius.xtec.cat\/altmaresme\/wp-json\/wp\/v2\/posts\/17737","targetHints":{"allow":["GET"]}}],"collection":[{"href":"https:\/\/serveiseducatius.xtec.cat\/altmaresme\/wp-json\/wp\/v2\/posts"}],"about":[{"href":"https:\/\/serveiseducatius.xtec.cat\/altmaresme\/wp-json\/wp\/v2\/types\/post"}],"author":[{"embeddable":true,"href":"https:\/\/serveiseducatius.xtec.cat\/altmaresme\/wp-json\/wp\/v2\/users\/137"}],"replies":[{"embeddable":true,"href":"https:\/\/serveiseducatius.xtec.cat\/altmaresme\/wp-json\/wp\/v2\/comments?post=17737"}],"version-history":[{"count":2,"href":"https:\/\/serveiseducatius.xtec.cat\/altmaresme\/wp-json\/wp\/v2\/posts\/17737\/revisions"}],"predecessor-version":[{"id":17740,"href":"https:\/\/serveiseducatius.xtec.cat\/altmaresme\/wp-json\/wp\/v2\/posts\/17737\/revisions\/17740"}],"wp:featuredmedia":[{"embeddable":true,"href":"https:\/\/serveiseducatius.xtec.cat\/altmaresme\/wp-json\/wp\/v2\/media\/10680"}],"wp:attachment":[{"href":"https:\/\/serveiseducatius.xtec.cat\/altmaresme\/wp-json\/wp\/v2\/media?parent=17737"}],"wp:term":[{"taxonomy":"category","embeddable":true,"href":"https:\/\/serveiseducatius.xtec.cat\/altmaresme\/wp-json\/wp\/v2\/categories?post=17737"},{"taxonomy":"post_tag","embeddable":true,"href":"https:\/\/serveiseducatius.xtec.cat\/altmaresme\/wp-json\/wp\/v2\/tags?post=17737"}],"curies":[{"name":"wp","href":"https:\/\/api.w.org\/{rel}","templated":true}]}}