{"id":1766,"date":"2016-02-29T16:13:16","date_gmt":"2016-02-29T15:13:16","guid":{"rendered":"http:\/\/serveieducatiu.eu\/?p=1766"},"modified":"2016-05-06T10:32:25","modified_gmt":"2016-05-06T09:32:25","slug":"araescric","status":"publish","type":"post","link":"https:\/\/serveiseducatius.xtec.cat\/altmaresme\/general\/araescric\/","title":{"rendered":"araESCRIC"},"content":{"rendered":"<section class=\"padding-xs padding-sm padding-md colorSectionEven\">\n<article class=\"container fullcontainer-xs\">\n<div class=\"row\">\n<div class=\"col-xs-12 col-sm-8 shadowBox-sm\">\n<div id=\"center_1_1R\">\n<div id=\"0c527bb0-bf71-11e5-8ce1-005056924a59\" class=\"fpca_article pd-15\">\n<div>\n<div>\n<div class=\"row\">\n<div class=\"basic_text_peq col-xs-12\">\n<div class=\"pd-15x\">\n<p><img decoding=\"async\" class=\"alignleft\" dir=\"ltr\" title=\"araescric\" src=\"http:\/\/xtec.gencat.cat\/web\/sites\/xtec\/.content\/projectes\/escriptura\/araescric\/imatges\/araescric.jpg\" alt=\"araescric\" \/><\/p>\n<p>El curs 2015-2016 el Departament d&#8217;Ensenyament impulsa el programa\u00a0araESCRIC, amb el qual\u00a0s&#8217;estableix com a objectiu millorar la compet\u00e8ncia escrita dels alumnes per augmentar-ne la capacitat de comunicaci\u00f3 i el rendiment acad\u00e8mic, i aix\u00ed afavorir-ne l&#8217;\u00e8xit educatiu.<\/p>\n<p>En aquesta l\u00ednia, el curs 2011-2012 es va iniciar el programa l&#8217;Impuls de la lectura\u00a0en l&#8217;\u00e0mbit educatiu amb l&#8217;objectiu de reduir el frac\u00e0s escolar potenciant la lectura sistem\u00e0tica al llarg de tota l&#8217;escolaritat.<\/p>\n<\/div>\n<\/div>\n<\/div>\n<\/div>\n<\/div>\n<\/div>\n<div class=\"fpca_distribuidora pd-15 pd-30\">\n<div class=\"llistat_destacat_text_avancat\">\n<div class=\"llistat_col-lg-3 nova-altura-dist fila_0\">\n<div class=\"col-xs-12 corrector-margins col-sm-6\">\n<div class=\"box destacat_text_avancat_cont distribuidora-nova-2\">\n<h2 class=\"border_groc\"><\/h2>\n<\/div>\n<\/div>\n<div class=\"col-xs-12 corrector-margins col-sm-6\">\n<div class=\"box destacat_text_avancat_cont distribuidora-nova-2\">\n<h2 class=\"border_celeste\" style=\"text-align: left;\"><a title=\"Confer\u00e8ncies\" href=\"http:\/\/xtec.gencat.cat\/ca\/projectes\/escriptura\/ara-escric\/conferencies\/\">Confer\u00e8ncies<\/a><\/h2>\n<p class=\"text-distribuidora\" style=\"text-align: left;\">Documentaci\u00f3 del cicle de confer\u00e8ncies del curs 2015-2016<\/p>\n<\/div>\n<\/div>\n<\/div>\n<\/div>\n<\/div>\n<\/div>\n<\/div>\n<\/div>\n<\/article>\n<\/section>\n","protected":false},"excerpt":{"rendered":"<p>El curs 2015-2016 el Departament d&#8217;Ensenyament impulsa el programa\u00a0araESCRIC, amb el qual\u00a0s&#8217;estableix com a objectiu millorar la compet\u00e8ncia escrita dels alumnes per augmentar-ne la capacitat de comunicaci\u00f3 i el rendiment acad\u00e8mic, i aix\u00ed afavorir-ne l&#8217;\u00e8xit educatiu.<br \/>\nEn aquesta l\u00ednia, el curs 2011-2012 es va iniciar el&hellip;  <a href=\"https:\/\/serveiseducatius.xtec.cat\/altmaresme\/general\/araescric\/\" title=\"Read araESCRIC\">Llegeix m\u00e9s\u00bb<\/a><\/p>\n","protected":false},"author":7,"featured_media":0,"comment_status":"open","ping_status":"open","sticky":false,"template":"","format":"standard","meta":{"_bbp_topic_count":0,"_bbp_reply_count":0,"_bbp_total_topic_count":0,"_bbp_total_reply_count":0,"_bbp_voice_count":0,"_bbp_anonymous_reply_count":0,"_bbp_topic_count_hidden":0,"_bbp_reply_count_hidden":0,"_bbp_forum_subforum_count":0,"footnotes":""},"categories":[1],"tags":[],"class_list":["post-1766","post","type-post","status-publish","format-standard","hentry","category-general"],"post_mailing_queue_ids":[],"_links":{"self":[{"href":"https:\/\/serveiseducatius.xtec.cat\/altmaresme\/wp-json\/wp\/v2\/posts\/1766","targetHints":{"allow":["GET"]}}],"collection":[{"href":"https:\/\/serveiseducatius.xtec.cat\/altmaresme\/wp-json\/wp\/v2\/posts"}],"about":[{"href":"https:\/\/serveiseducatius.xtec.cat\/altmaresme\/wp-json\/wp\/v2\/types\/post"}],"author":[{"embeddable":true,"href":"https:\/\/serveiseducatius.xtec.cat\/altmaresme\/wp-json\/wp\/v2\/users\/7"}],"replies":[{"embeddable":true,"href":"https:\/\/serveiseducatius.xtec.cat\/altmaresme\/wp-json\/wp\/v2\/comments?post=1766"}],"version-history":[{"count":1,"href":"https:\/\/serveiseducatius.xtec.cat\/altmaresme\/wp-json\/wp\/v2\/posts\/1766\/revisions"}],"predecessor-version":[{"id":8508,"href":"https:\/\/serveiseducatius.xtec.cat\/altmaresme\/wp-json\/wp\/v2\/posts\/1766\/revisions\/8508"}],"wp:attachment":[{"href":"https:\/\/serveiseducatius.xtec.cat\/altmaresme\/wp-json\/wp\/v2\/media?parent=1766"}],"wp:term":[{"taxonomy":"category","embeddable":true,"href":"https:\/\/serveiseducatius.xtec.cat\/altmaresme\/wp-json\/wp\/v2\/categories?post=1766"},{"taxonomy":"post_tag","embeddable":true,"href":"https:\/\/serveiseducatius.xtec.cat\/altmaresme\/wp-json\/wp\/v2\/tags?post=1766"}],"curies":[{"name":"wp","href":"https:\/\/api.w.org\/{rel}","templated":true}]}}