{"id":17627,"date":"2023-10-10T11:10:56","date_gmt":"2023-10-10T09:10:56","guid":{"rendered":"https:\/\/serveiseducatius.xtec.cat\/altmaresme\/?p=17627"},"modified":"2023-10-20T12:28:34","modified_gmt":"2023-10-20T10:28:34","slug":"crear-un-personatge-de-literatura-infantil-una-situacio-daprenentatge","status":"publish","type":"post","link":"https:\/\/serveiseducatius.xtec.cat\/altmaresme\/portada\/crear-un-personatge-de-literatura-infantil-una-situacio-daprenentatge\/","title":{"rendered":"Crear un personatge de literatura infantil&#8230;una situaci\u00f3 d&#8217;aprenentatge?"},"content":{"rendered":"<p>L&#8217;editorial Combel proposa diversos concursos gratu\u00efts amb propostes pedag\u00f2giques engrescadores que permeten articular la programaci\u00f3 de diversos nivells, \u00e0rees o \u00e0mbits, a partir d\u2019una seq\u00fc\u00e8ncia de contextos, reptes o circumst\u00e0ncies del m\u00f3n real.<\/p>\n<p>Els llibres infantils \u201cL\u2019Agus i els monstres\u201d de Jaume Copons i Liliana Fortuny s\u00f3n dels m\u00e9s llegits i coneguts pels nens i nenes catalanes. Ara, necessiten ajuda per crear un nou monstre (necessitat plantejada per un agent extern al centre educatiu + manifestaci\u00f3 creativa o art\u00edstica)<\/p>\n<p><a href=\"https:\/\/serveiseducatius.xtec.cat\/altmaresme\/wp-content\/uploads\/usu1140\/2023\/10\/agus.png\"><img loading=\"lazy\" decoding=\"async\" class=\"size-full wp-image-17628 aligncenter\" src=\"https:\/\/serveiseducatius.xtec.cat\/altmaresme\/wp-content\/uploads\/usu1140\/2023\/10\/agus.png\" alt=\"\" width=\"669\" height=\"321\" srcset=\"https:\/\/serveiseducatius.xtec.cat\/altmaresme\/wp-content\/uploads\/usu1140\/2023\/10\/agus.png 669w, https:\/\/serveiseducatius.xtec.cat\/altmaresme\/wp-content\/uploads\/usu1140\/2023\/10\/agus-300x144.png 300w\" sizes=\"auto, (max-width: 669px) 100vw, 669px\" \/><\/a><\/p>\n<p>Llegeix <a href=\"https:\/\/www.agusandmonsters.com\/ca\/concurs\/\">tota la informaci\u00f3 sobre\u00a0el concurs<\/a> i decideix si t&#8217;encaixa com a situaci\u00f3 d&#8217;aprenentatge a la teva programaci\u00f3 d&#8217;aula.<\/p>\n<p>\u00c9s una proposta adre\u00e7ada a nens i les nenes d\u2019<span style=\"text-decoration: underline;\">entre 6 i 12 anys<\/span>, aix\u00ed com l\u2019alumnat dels centres d\u2019educaci\u00f3 especial.<\/p>\n<p>Participeu <span style=\"text-decoration: underline;\">abans del 26\/04\/2024<\/span>.<\/p>\n<p>&nbsp;<\/p>\n<p>Per altra banda en Bitmax, el fam\u00f3s robot del bosc i els seus amics ens plantegen una pregunta: com s\u00f3n els arbres que hi ha al voltant de l\u2019escola?<a href=\"https:\/\/serveiseducatius.xtec.cat\/altmaresme\/wp-content\/uploads\/usu1140\/2023\/10\/bitmax.png\"><img loading=\"lazy\" decoding=\"async\" class=\"wp-image-17647 aligncenter\" src=\"https:\/\/serveiseducatius.xtec.cat\/altmaresme\/wp-content\/uploads\/usu1140\/2023\/10\/bitmax-1024x476.png\" alt=\"\" width=\"669\" height=\"311\" srcset=\"https:\/\/serveiseducatius.xtec.cat\/altmaresme\/wp-content\/uploads\/usu1140\/2023\/10\/bitmax-1024x476.png 1024w, https:\/\/serveiseducatius.xtec.cat\/altmaresme\/wp-content\/uploads\/usu1140\/2023\/10\/bitmax-300x139.png 300w, https:\/\/serveiseducatius.xtec.cat\/altmaresme\/wp-content\/uploads\/usu1140\/2023\/10\/bitmax-768x357.png 768w, https:\/\/serveiseducatius.xtec.cat\/altmaresme\/wp-content\/uploads\/usu1140\/2023\/10\/bitmax.png 1035w\" sizes=\"auto, (max-width: 669px) 100vw, 669px\" \/><\/a><\/p>\n<p>A partir d\u2019aqu\u00ed us proposen que feu una petita excursi\u00f3 per l\u2019entorn i que creeu un mural del Bosc Blau que inclogui materials naturals.<\/p>\n<p>(necessitat plantejada per un agent extern al centre educatiu + manifestaci\u00f3 creativa o art\u00edstica)<\/p>\n<p>El termini de participaci\u00f3 en el concurs ja est\u00e0 obert i <span style=\"text-decoration: underline;\">finalitza el 9 de maig de 2024<\/span>.<\/p>\n<p>Compartiu les aventures i les desventures dels personatges del Bosc Blau i passeu una bona estona gaudint de l\u2019expressi\u00f3 art\u00edstica, la lectura compartida i la recreaci\u00f3 de les hist\u00f2ries.<\/p>\n<table class=\" aligncenter\">\n<tbody>\n<tr>\n<td><a href=\"https:\/\/www.combeleditorial.com\/bitmax\/ca\/repte\/\"><img loading=\"lazy\" decoding=\"async\" class=\"wp-image-16758 alignright\" src=\"https:\/\/serveiseducatius.xtec.cat\/altmaresme\/wp-content\/uploads\/usu1140\/2022\/11\/bitmax-2.jpg\" sizes=\"auto, (max-width: 350px) 100vw, 350px\" srcset=\"https:\/\/serveiseducatius.xtec.cat\/altmaresme\/wp-content\/uploads\/usu1140\/2022\/11\/bitmax-2.jpg 310w, https:\/\/serveiseducatius.xtec.cat\/altmaresme\/wp-content\/uploads\/usu1140\/2022\/11\/bitmax-2-300x158.jpg 300w\" alt=\"\" width=\"350\" height=\"184\" \/><\/a><\/td>\n<td><a href=\"https:\/\/serveiseducatius.xtec.cat\/altmaresme\/wp-content\/uploads\/usu1140\/2023\/10\/bitmax-2.png\"><img loading=\"lazy\" decoding=\"async\" class=\"alignnone size-full wp-image-17649\" src=\"https:\/\/serveiseducatius.xtec.cat\/altmaresme\/wp-content\/uploads\/usu1140\/2023\/10\/bitmax-2.png\" alt=\"\" width=\"831\" height=\"212\" srcset=\"https:\/\/serveiseducatius.xtec.cat\/altmaresme\/wp-content\/uploads\/usu1140\/2023\/10\/bitmax-2.png 831w, https:\/\/serveiseducatius.xtec.cat\/altmaresme\/wp-content\/uploads\/usu1140\/2023\/10\/bitmax-2-300x77.png 300w, https:\/\/serveiseducatius.xtec.cat\/altmaresme\/wp-content\/uploads\/usu1140\/2023\/10\/bitmax-2-768x196.png 768w\" sizes=\"auto, (max-width: 831px) 100vw, 831px\" \/><\/a><\/td>\n<\/tr>\n<\/tbody>\n<\/table>\n<p><a class=\"local\" href=\"https:\/\/www.combeleditorial.com\/bitmax\/ca\/repte\/\">Aqu\u00ed<\/a> trobareu totes les instruccions i bases del concurs.<\/p>\n<p>Et pot interessar tamb\u00e9 el webinar <strong>Com treballar la novel\u00b7la gr\u00e0fica<\/strong>\u00a0<strong>a l&#8217;aula\u00a0<\/strong>a c\u00e0rrec de l&#8217;autor Jaume Copons i l&#8217;editora Noem\u00ed Mercad\u00e9. T&#8217;ofereixen <a href=\"https:\/\/youtu.be\/fmCtC8yYJ7A\">veure&#8217;l a youtube\u00a0<\/a>(37min. aprox)<\/p>\n","protected":false},"excerpt":{"rendered":"<p>L&#8217;editorial Combel proposa diversos concursos gratu\u00efts amb propostes pedag\u00f2giques engrescadores que permeten articular la programaci\u00f3 de diversos nivells, \u00e0rees o \u00e0mbits, a partir d\u2019una seq\u00fc\u00e8ncia de contextos, reptes o circumst\u00e0ncies del m\u00f3n real.<br \/>\nEls llibres infantils \u201cL\u2019Agus i els monstres\u201d de Jaume Copons i Liliana Fortuny&hellip;  <a href=\"https:\/\/serveiseducatius.xtec.cat\/altmaresme\/portada\/crear-un-personatge-de-literatura-infantil-una-situacio-daprenentatge\/\" title=\"Read Crear un personatge de literatura infantil&#8230;una situaci\u00f3 d&#8217;aprenentatge?\">Llegeix m\u00e9s\u00bb<\/a><\/p>\n","protected":false},"author":137,"featured_media":17628,"comment_status":"open","ping_status":"closed","sticky":false,"template":"","format":"standard","meta":{"_bbp_topic_count":0,"_bbp_reply_count":0,"_bbp_total_topic_count":0,"_bbp_total_reply_count":0,"_bbp_voice_count":0,"_bbp_anonymous_reply_count":0,"_bbp_topic_count_hidden":0,"_bbp_reply_count_hidden":0,"_bbp_forum_subforum_count":0,"footnotes":""},"categories":[1061,29,1046],"tags":[],"class_list":["post-17627","post","type-post","status-publish","format-standard","has-post-thumbnail","hentry","category-competencies","category-portada","category-primaria"],"post_mailing_queue_ids":[],"_links":{"self":[{"href":"https:\/\/serveiseducatius.xtec.cat\/altmaresme\/wp-json\/wp\/v2\/posts\/17627","targetHints":{"allow":["GET"]}}],"collection":[{"href":"https:\/\/serveiseducatius.xtec.cat\/altmaresme\/wp-json\/wp\/v2\/posts"}],"about":[{"href":"https:\/\/serveiseducatius.xtec.cat\/altmaresme\/wp-json\/wp\/v2\/types\/post"}],"author":[{"embeddable":true,"href":"https:\/\/serveiseducatius.xtec.cat\/altmaresme\/wp-json\/wp\/v2\/users\/137"}],"replies":[{"embeddable":true,"href":"https:\/\/serveiseducatius.xtec.cat\/altmaresme\/wp-json\/wp\/v2\/comments?post=17627"}],"version-history":[{"count":4,"href":"https:\/\/serveiseducatius.xtec.cat\/altmaresme\/wp-json\/wp\/v2\/posts\/17627\/revisions"}],"predecessor-version":[{"id":17651,"href":"https:\/\/serveiseducatius.xtec.cat\/altmaresme\/wp-json\/wp\/v2\/posts\/17627\/revisions\/17651"}],"wp:featuredmedia":[{"embeddable":true,"href":"https:\/\/serveiseducatius.xtec.cat\/altmaresme\/wp-json\/wp\/v2\/media\/17628"}],"wp:attachment":[{"href":"https:\/\/serveiseducatius.xtec.cat\/altmaresme\/wp-json\/wp\/v2\/media?parent=17627"}],"wp:term":[{"taxonomy":"category","embeddable":true,"href":"https:\/\/serveiseducatius.xtec.cat\/altmaresme\/wp-json\/wp\/v2\/categories?post=17627"},{"taxonomy":"post_tag","embeddable":true,"href":"https:\/\/serveiseducatius.xtec.cat\/altmaresme\/wp-json\/wp\/v2\/tags?post=17627"}],"curies":[{"name":"wp","href":"https:\/\/api.w.org\/{rel}","templated":true}]}}