{"id":1761,"date":"2016-02-26T13:21:07","date_gmt":"2016-02-26T12:21:07","guid":{"rendered":"http:\/\/serveieducatiu.eu\/?p=1761"},"modified":"2016-02-26T13:21:07","modified_gmt":"2016-02-26T12:21:07","slug":"8-de-marc","status":"publish","type":"post","link":"https:\/\/serveiseducatius.xtec.cat\/altmaresme\/general\/8-de-marc\/","title":{"rendered":"8 de mar\u00e7"},"content":{"rendered":"<h2 style=\"text-align: center;\">Estimar no fa mal! Viu l&#8217;amor lliure de viol\u00e8ncia<\/h2>\n<h2 style=\"text-align: center;\">\n<iframe loading=\"lazy\" src=\"https:\/\/www.youtube.com\/embed\/rLJLGAt7qT8\" width=\"360\" height=\"215\" frameborder=\"0\" allowfullscreen=\"allowfullscreen\"><\/iframe><\/h2>\n<p style=\"text-align: center;\">El <a href=\"http:\/\/dones.gencat.cat\/ca\/temes\/violencia_masclista\/prevencio_sensibilitzacio\/estimar_no_fa_mal\/\" target=\"_blank\">programa Estimar no fa mal<\/a> s\u2019emmarca dins la l\u00ednia estrat\u00e8gica de Sensibilitzaci\u00f3 i Prevenci\u00f3 del Programa d\u2019Intervenci\u00f3 Integral contra la Viol\u00e8ncia Masclista (PIIVM 2012-2015) i respon a la voluntat homogene\u00eftzar i millorar l\u2019efic\u00e0cia del conjunt de les actuacions preventives aix\u00ed com dels continguts que s\u2019adrecen a joves adolescents que es realitzen des de les diferents administracions p\u00fabliques i institucions.<\/p>\n","protected":false},"excerpt":{"rendered":"<p>Estimar no fa mal! Viu l&#8217;amor lliure de viol\u00e8ncia<\/p>\n<p>El <a href=\"http:\/\/dones.gencat.cat\/ca\/temes\/violencia_masclista\/prevencio_sensibilitzacio\/estimar_no_fa_mal\/\" target=\"_blank\">programa Estimar no fa mal<\/a> s\u2019emmarca dins la l\u00ednia estrat\u00e8gica de Sensibilitzaci\u00f3 i Prevenci\u00f3 del Programa d\u2019Intervenci\u00f3 Integral contra la Viol\u00e8ncia Masclista (PIIVM 2012-2015) i respon a la voluntat homogene\u00eftzar i millorar l\u2019efic\u00e0cia del&hellip;  <a href=\"https:\/\/serveiseducatius.xtec.cat\/altmaresme\/general\/8-de-marc\/\" title=\"Read 8 de mar\u00e7\">Llegeix m\u00e9s\u00bb<\/a><\/p>\n","protected":false},"author":7,"featured_media":0,"comment_status":"open","ping_status":"open","sticky":false,"template":"","format":"standard","meta":{"_bbp_topic_count":0,"_bbp_reply_count":0,"_bbp_total_topic_count":0,"_bbp_total_reply_count":0,"_bbp_voice_count":0,"_bbp_anonymous_reply_count":0,"_bbp_topic_count_hidden":0,"_bbp_reply_count_hidden":0,"_bbp_forum_subforum_count":0,"footnotes":""},"categories":[1],"tags":[],"class_list":["post-1761","post","type-post","status-publish","format-standard","hentry","category-general"],"post_mailing_queue_ids":[],"_links":{"self":[{"href":"https:\/\/serveiseducatius.xtec.cat\/altmaresme\/wp-json\/wp\/v2\/posts\/1761","targetHints":{"allow":["GET"]}}],"collection":[{"href":"https:\/\/serveiseducatius.xtec.cat\/altmaresme\/wp-json\/wp\/v2\/posts"}],"about":[{"href":"https:\/\/serveiseducatius.xtec.cat\/altmaresme\/wp-json\/wp\/v2\/types\/post"}],"author":[{"embeddable":true,"href":"https:\/\/serveiseducatius.xtec.cat\/altmaresme\/wp-json\/wp\/v2\/users\/7"}],"replies":[{"embeddable":true,"href":"https:\/\/serveiseducatius.xtec.cat\/altmaresme\/wp-json\/wp\/v2\/comments?post=1761"}],"version-history":[{"count":0,"href":"https:\/\/serveiseducatius.xtec.cat\/altmaresme\/wp-json\/wp\/v2\/posts\/1761\/revisions"}],"wp:attachment":[{"href":"https:\/\/serveiseducatius.xtec.cat\/altmaresme\/wp-json\/wp\/v2\/media?parent=1761"}],"wp:term":[{"taxonomy":"category","embeddable":true,"href":"https:\/\/serveiseducatius.xtec.cat\/altmaresme\/wp-json\/wp\/v2\/categories?post=1761"},{"taxonomy":"post_tag","embeddable":true,"href":"https:\/\/serveiseducatius.xtec.cat\/altmaresme\/wp-json\/wp\/v2\/tags?post=1761"}],"curies":[{"name":"wp","href":"https:\/\/api.w.org\/{rel}","templated":true}]}}