{"id":17542,"date":"2023-09-19T12:45:50","date_gmt":"2023-09-19T10:45:50","guid":{"rendered":"https:\/\/serveiseducatius.xtec.cat\/altmaresme\/?p=17542"},"modified":"2024-09-04T10:24:11","modified_gmt":"2024-09-04T08:24:11","slug":"cal-obrir-la-porta-a-la-comunicacio-sobre-les-violencies-sexuals-amb-els-infants-i-prevenir-les","status":"publish","type":"post","link":"https:\/\/serveiseducatius.xtec.cat\/altmaresme\/portada\/cal-obrir-la-porta-a-la-comunicacio-sobre-les-violencies-sexuals-amb-els-infants-i-prevenir-les\/","title":{"rendered":"Cal obrir la porta a la comunicaci\u00f3 sobre les VIOL\u00c8NCIES SEXUALS amb els infants i PREVENIR-LES."},"content":{"rendered":"<p>Amb aquest objectiu, afegim aquest llibre il\u00b7lustrat a la maleta de coeducaci\u00f3 del CRP.<\/p>\n<p><a href=\"https:\/\/serveiseducatius.xtec.cat\/altmaresme\/wp-content\/uploads\/usu1140\/2023\/09\/lola-1.png\"><img loading=\"lazy\" decoding=\"async\" class=\"alignnone size-full wp-image-17544\" src=\"https:\/\/serveiseducatius.xtec.cat\/altmaresme\/wp-content\/uploads\/usu1140\/2023\/09\/lola-1.png\" alt=\"\" width=\"765\" height=\"341\" srcset=\"https:\/\/serveiseducatius.xtec.cat\/altmaresme\/wp-content\/uploads\/usu1140\/2023\/09\/lola-1.png 765w, https:\/\/serveiseducatius.xtec.cat\/altmaresme\/wp-content\/uploads\/usu1140\/2023\/09\/lola-1-300x134.png 300w\" sizes=\"auto, (max-width: 765px) 100vw, 765px\" \/><\/a><\/p>\n<p>Per altra banda, convidem a les autores, Laia Pibernat i Mir i Alba Barb\u00e9 i Serra, a que dinamitzin la seg\u00fcent confer\u00e8ncia inclosa en el pla de formaci\u00f3 de zona.<\/p>\n<p><a href=\"https:\/\/serveiseducatius.xtec.cat\/altmaresme\/wp-content\/uploads\/usu1140\/2023\/09\/lola-2.png\"><img loading=\"lazy\" decoding=\"async\" class=\"alignnone size-full wp-image-17545\" src=\"https:\/\/serveiseducatius.xtec.cat\/altmaresme\/wp-content\/uploads\/usu1140\/2023\/09\/lola-2.png\" alt=\"\" width=\"794\" height=\"399\" srcset=\"https:\/\/serveiseducatius.xtec.cat\/altmaresme\/wp-content\/uploads\/usu1140\/2023\/09\/lola-2.png 794w, https:\/\/serveiseducatius.xtec.cat\/altmaresme\/wp-content\/uploads\/usu1140\/2023\/09\/lola-2-300x151.png 300w, https:\/\/serveiseducatius.xtec.cat\/altmaresme\/wp-content\/uploads\/usu1140\/2023\/09\/lola-2-768x386.png 768w\" sizes=\"auto, (max-width: 794px) 100vw, 794px\" \/><\/a><\/p>\n<p>\u00c9s una activitat d&#8217;una durada de dues hores i mitja dirigida a persones educadores i docents d&#8217;escoles bressol, d&#8217;infantil i de prim\u00e0ria de l&#8217;Alt Maresme sobre la comunicaci\u00f3 i prevenci\u00f3 de les viol\u00e8ncies sexuals a la inf\u00e0ncia mitjan\u00e7ant l&#8217;\u00e0lbum il\u00b7lustrat &#8220;La bici de la Lola&#8221;.<br \/>\nLa sessi\u00f3 inclou din\u00e0miques encaminades a la detecci\u00f3 preco\u00e7 i la gesti\u00f3 de casos.<\/p>\n<p>Entre d&#8217;altres punts es veuran:<br \/>\n&#8211; La comunicaci\u00f3 de l&#8217;agressi\u00f3 o l&#8217;ab\u00fas sexual: detecci\u00f3 i identificaci\u00f3.<br \/>\n&#8211; Posicionament davant de la sospita o la revelaci\u00f3.<br \/>\n&#8211; El proc\u00e9s de reparaci\u00f3: recursos propis i col\u00b7lectius de resili\u00e8ncia.<br \/>\n&#8211; Accions de prevenci\u00f3 en el context familiar\/educatiu\/institucional: accions, missatges, claus de l&#8217;educaci\u00f3 afectiva i sexual.<\/p>\n<table border=\"0\" width=\"675\" cellspacing=\"2\" cellpadding=\"0\">\n<tbody>\n<tr>\n<td valign=\"TOP\"><img loading=\"lazy\" decoding=\"async\" src=\"https:\/\/aplicacions.gestioeducativa.gencat.cat\/est\/gafadm\/img\/ins_ok.gif\" alt=\"Inscripci\u00f3 oberta\" width=\"16\" height=\"16\" border=\"0\" \/><\/td>\n<td valign=\"TOP\"><span style=\"font-family: arial, helvetica, geneva; font-size: small;\">A100681A10<\/span><\/td>\n<td valign=\"TOP\"><span style=\"font-family: arial, helvetica, geneva; font-size: small;\"><b><a href=\"https:\/\/aplicacions.gestioeducativa.gencat.cat\/pls\/soloas\/pk_for_mod_ins.p_for_detall_activitat?p_header=Selecci%F3^pk_for_mod_ins.p_for_form_cons_act?p_excloure_crp_rec=F*Llista%20d%27activitats^pk_for_mod_ins.p_for_cons_activitats?p_crp=A10%26p_crp_txt=Maresme%20II.%20Pineda%20de%20Mar%26p_totes=S%26p_inici=61%26p_excloure_crp_rec=F&amp;p_codi=A100681A10&amp;p_curs=2023-2024&amp;p_excloure_crp_rec=F\">Comunicaci\u00f3 amb els infants i estrat\u00e8gies de prevenci\u00f3 de les viol\u00e8ncies sexuals<\/a><\/b><\/span><\/td>\n<\/tr>\n<\/tbody>\n<\/table>\n<p><span style=\"text-decoration: underline;\"><strong>Inscripci\u00f3 oberta fins al 24 d&#8217;octubre de 2023 seguint l&#8217;enlla\u00e7 anterior.<\/strong><\/span><\/p>\n<table style=\"border-collapse: collapse; width: 100%;\">\n<tbody>\n<tr>\n<td style=\"width: 100%;\">Data: 13 de novembre de 2023.<\/td>\n<\/tr>\n<tr>\n<td style=\"width: 100%;\">Horari: 17.30 a 20.00 hores.<\/td>\n<\/tr>\n<tr>\n<td style=\"width: 100%;\">Lloc: Pineda de Mar.<\/td>\n<\/tr>\n<\/tbody>\n<\/table>\n<p>Seguiu els enlla\u00e7os per tenir m\u00e9s informaci\u00f3 sobre el <a href=\"http:\/\/www.labicidelalola.com\/\">Projecte\u00a0<em>La bici de la Lola<\/em><\/a><\/p>\n<p><iframe loading=\"lazy\" title=\"video 6186515\" src=\"https:\/\/www.ccma.cat\/video\/embed\/6186515\/\" width=\"500px\" height=\"281px\" frameborder=\"0\" scrolling=\"no\" allowfullscreen=\"allowfullscreen\" data-mce-fragment=\"1\"><\/iframe><\/p>\n<p><a href=\"https:\/\/www.ccma.cat\/catradio\/el-mati-de-catalunya-radio\/com-ajudar-els-mes-petits-a-explicar-que-han-patit-abusos-sexuals\/noticia\/3220479\/\" target=\"_blank\" rel=\"noopener\" data-saferedirecturl=\"https:\/\/www.google.com\/url?q=https:\/\/www.ccma.cat\/catradio\/el-mati-de-catalunya-radio\/com-ajudar-els-mes-petits-a-explicar-que-han-patit-abusos-sexuals\/noticia\/3220479\/&amp;source=gmail&amp;ust=1682592465944000&amp;usg=AOvVaw2NebdBC_wtdiRz60Xi8nd7\">Els Matins de Catalunya R\u00e0dio:Com ajudar els m\u00e9s petits a explicar que han patit abusos sexuals.<\/a><\/p>\n<p><a href=\"https:\/\/www.instagram.com\/p\/CqAgqbTjXCQ\/\" target=\"_blank\" rel=\"noopener\" data-saferedirecturl=\"https:\/\/www.google.com\/url?q=https:\/\/www.instagram.com\/p\/CqAgqbTjXCQ\/&amp;source=gmail&amp;ust=1682592465944000&amp;usg=AOvVaw3oJYbzZqE0btnB05Ke3vVi\">Criar.cat: Educar en el consentiment, prevenir abusos i viol\u00e8ncies sexuals.<\/a><\/p>\n","protected":false},"excerpt":{"rendered":"<p>Amb aquest objectiu, afegim aquest llibre il\u00b7lustrat a la maleta de coeducaci\u00f3 del CRP.<br \/>\n<a href=\"https:\/\/serveiseducatius.xtec.cat\/altmaresme\/wp-content\/uploads\/usu1140\/2023\/09\/lola-1.png\"><\/a><br \/>\nPer altra banda, convidem a les autores, Laia Pibernat i Mir i Alba Barb\u00e9 i Serra, a que dinamitzin la seg\u00fcent confer\u00e8ncia inclosa en el pla de formaci\u00f3 de zona.<br \/>\n<a href=\"https:\/\/serveiseducatius.xtec.cat\/altmaresme\/wp-content\/uploads\/usu1140\/2023\/09\/lola-2.png\"><\/a><br \/>\n\u00c9s&hellip;  <a href=\"https:\/\/serveiseducatius.xtec.cat\/altmaresme\/portada\/cal-obrir-la-porta-a-la-comunicacio-sobre-les-violencies-sexuals-amb-els-infants-i-prevenir-les\/\" title=\"Read Cal obrir la porta a la comunicaci\u00f3 sobre les VIOL\u00c8NCIES SEXUALS amb els infants i PREVENIR-LES.\">Llegeix m\u00e9s\u00bb<\/a><\/p>\n","protected":false},"author":137,"featured_media":17546,"comment_status":"open","ping_status":"closed","sticky":false,"template":"","format":"standard","meta":{"_bbp_topic_count":0,"_bbp_reply_count":0,"_bbp_total_topic_count":0,"_bbp_total_reply_count":0,"_bbp_voice_count":0,"_bbp_anonymous_reply_count":0,"_bbp_topic_count_hidden":0,"_bbp_reply_count_hidden":0,"_bbp_forum_subforum_count":0,"footnotes":""},"categories":[1042,1206,1193,29,1046],"tags":[],"class_list":["post-17542","post","type-post","status-publish","format-standard","has-post-thumbnail","hentry","category-benestar-emocional","category-infantil","category-genere","category-portada","category-primaria"],"post_mailing_queue_ids":[],"_links":{"self":[{"href":"https:\/\/serveiseducatius.xtec.cat\/altmaresme\/wp-json\/wp\/v2\/posts\/17542","targetHints":{"allow":["GET"]}}],"collection":[{"href":"https:\/\/serveiseducatius.xtec.cat\/altmaresme\/wp-json\/wp\/v2\/posts"}],"about":[{"href":"https:\/\/serveiseducatius.xtec.cat\/altmaresme\/wp-json\/wp\/v2\/types\/post"}],"author":[{"embeddable":true,"href":"https:\/\/serveiseducatius.xtec.cat\/altmaresme\/wp-json\/wp\/v2\/users\/137"}],"replies":[{"embeddable":true,"href":"https:\/\/serveiseducatius.xtec.cat\/altmaresme\/wp-json\/wp\/v2\/comments?post=17542"}],"version-history":[{"count":4,"href":"https:\/\/serveiseducatius.xtec.cat\/altmaresme\/wp-json\/wp\/v2\/posts\/17542\/revisions"}],"predecessor-version":[{"id":17646,"href":"https:\/\/serveiseducatius.xtec.cat\/altmaresme\/wp-json\/wp\/v2\/posts\/17542\/revisions\/17646"}],"wp:featuredmedia":[{"embeddable":true,"href":"https:\/\/serveiseducatius.xtec.cat\/altmaresme\/wp-json\/wp\/v2\/media\/17546"}],"wp:attachment":[{"href":"https:\/\/serveiseducatius.xtec.cat\/altmaresme\/wp-json\/wp\/v2\/media?parent=17542"}],"wp:term":[{"taxonomy":"category","embeddable":true,"href":"https:\/\/serveiseducatius.xtec.cat\/altmaresme\/wp-json\/wp\/v2\/categories?post=17542"},{"taxonomy":"post_tag","embeddable":true,"href":"https:\/\/serveiseducatius.xtec.cat\/altmaresme\/wp-json\/wp\/v2\/tags?post=17542"}],"curies":[{"name":"wp","href":"https:\/\/api.w.org\/{rel}","templated":true}]}}