{"id":17488,"date":"2023-09-06T14:30:15","date_gmt":"2023-09-06T12:30:15","guid":{"rendered":"https:\/\/serveiseducatius.xtec.cat\/altmaresme\/?p=17488"},"modified":"2023-09-06T11:56:25","modified_gmt":"2023-09-06T09:56:25","slug":"el-recerkids-tambe-pot-ser-una-situacio-daprenentatge","status":"publish","type":"post","link":"https:\/\/serveiseducatius.xtec.cat\/altmaresme\/portada\/el-recerkids-tambe-pot-ser-una-situacio-daprenentatge\/","title":{"rendered":"El Recerkids tamb\u00e9 pot ser una situaci\u00f3 d&#8217;aprenentatge"},"content":{"rendered":"<p>Entre els cl\u00e0ssics de la tornada a l&#8217;escola, no hi podia faltar l&#8217;anunci del <strong>programa <span class=\"il\">Recerkids<\/span><\/strong>, que ja va\u00a0ni m\u00e9s ni menys que\u00a0per la <strong>VIII edici\u00f3<\/strong>!<\/p>\n<p>Recerkids \u00e9s un programa educatiu organitzat per la Direcci\u00f3 General de Recerca de la Generalitat de Catalunya i Eduxarxa amb l\u2019objectiu d\u2019<strong>apropar la recerca cient\u00edfica a l\u2019alumnat de 5\u00e8 i 6\u00e8 d\u2019Educaci\u00f3 Prim\u00e0ria<\/strong>.<\/p>\n<p><strong>Aviat s&#8217;anunciaran les dates d&#8217;inscripci\u00f3<\/strong>, per\u00f2 ja podeu anar apuntant al vostre calendari que el projecte de recerca comen\u00e7ar\u00e0, com sempre, just tornant de les vacances de nadal.<\/p>\n<p>Aix\u00ed mateix, ja us podem anunciar la tem\u00e0tica general d&#8217;enguany!<\/p>\n<p><strong>JOAN OR\u00d3 I L&#8217;ASTRONOMIA<\/strong><\/p>\n<p><strong>Aquest 2023 es commemora el centenari del naixement de Joan Or\u00f3<\/strong>,\u00a0bioqu\u00edmic i catedr\u00e0tic de la Universitat de Houston, que va col\u00b7laborar en diferents projectes de la NASA. Per aquest motiu,\u00a0<strong>els eixos tem\u00e0tics de la recerca d&#8217;enguany giraran al voltant de l&#8217;astronomia<\/strong>.<\/p>\n<p>Per descomptat, el programa anir\u00e0 acompanyat de <strong>contingut extra, sessions informatives, d&#8217;una xerrada amb una persona experta,\u00a0els congressos presencials<\/strong> i moltes coses m\u00e9s!<\/p>\n<p>Aviat tornareu a tenir not\u00edcies de l&#8217;equip de\u00a0<span class=\"il\">Recerkids per\u00f2 mentrestant podeu consultar l&#8217;hist\u00f2ric a la seva web: <a href=\"https:\/\/www.recerkids.cat\/\">https:\/\/www.recerkids.cat\/<\/a><\/span><\/p>\n","protected":false},"excerpt":{"rendered":"<p>Entre els cl\u00e0ssics de la tornada a l&#8217;escola, no hi podia faltar l&#8217;anunci del programa Recerkids, que ja va\u00a0ni m\u00e9s ni menys que\u00a0per la VIII edici\u00f3!<br \/>\nRecerkids \u00e9s un programa educatiu organitzat per la Direcci\u00f3 General de Recerca de la Generalitat de Catalunya i Eduxarxa amb&hellip;  <a href=\"https:\/\/serveiseducatius.xtec.cat\/altmaresme\/portada\/el-recerkids-tambe-pot-ser-una-situacio-daprenentatge\/\" title=\"Read El Recerkids tamb\u00e9 pot ser una situaci\u00f3 d&#8217;aprenentatge\">Llegeix m\u00e9s\u00bb<\/a><\/p>\n","protected":false},"author":137,"featured_media":10679,"comment_status":"open","ping_status":"closed","sticky":false,"template":"","format":"standard","meta":{"_bbp_topic_count":0,"_bbp_reply_count":0,"_bbp_total_topic_count":0,"_bbp_total_reply_count":0,"_bbp_voice_count":0,"_bbp_anonymous_reply_count":0,"_bbp_topic_count_hidden":0,"_bbp_reply_count_hidden":0,"_bbp_forum_subforum_count":0,"footnotes":""},"categories":[1057,29,1046],"tags":[],"class_list":["post-17488","post","type-post","status-publish","format-standard","has-post-thumbnail","hentry","category-medi","category-portada","category-primaria"],"post_mailing_queue_ids":[],"_links":{"self":[{"href":"https:\/\/serveiseducatius.xtec.cat\/altmaresme\/wp-json\/wp\/v2\/posts\/17488","targetHints":{"allow":["GET"]}}],"collection":[{"href":"https:\/\/serveiseducatius.xtec.cat\/altmaresme\/wp-json\/wp\/v2\/posts"}],"about":[{"href":"https:\/\/serveiseducatius.xtec.cat\/altmaresme\/wp-json\/wp\/v2\/types\/post"}],"author":[{"embeddable":true,"href":"https:\/\/serveiseducatius.xtec.cat\/altmaresme\/wp-json\/wp\/v2\/users\/137"}],"replies":[{"embeddable":true,"href":"https:\/\/serveiseducatius.xtec.cat\/altmaresme\/wp-json\/wp\/v2\/comments?post=17488"}],"version-history":[{"count":1,"href":"https:\/\/serveiseducatius.xtec.cat\/altmaresme\/wp-json\/wp\/v2\/posts\/17488\/revisions"}],"predecessor-version":[{"id":17489,"href":"https:\/\/serveiseducatius.xtec.cat\/altmaresme\/wp-json\/wp\/v2\/posts\/17488\/revisions\/17489"}],"wp:featuredmedia":[{"embeddable":true,"href":"https:\/\/serveiseducatius.xtec.cat\/altmaresme\/wp-json\/wp\/v2\/media\/10679"}],"wp:attachment":[{"href":"https:\/\/serveiseducatius.xtec.cat\/altmaresme\/wp-json\/wp\/v2\/media?parent=17488"}],"wp:term":[{"taxonomy":"category","embeddable":true,"href":"https:\/\/serveiseducatius.xtec.cat\/altmaresme\/wp-json\/wp\/v2\/categories?post=17488"},{"taxonomy":"post_tag","embeddable":true,"href":"https:\/\/serveiseducatius.xtec.cat\/altmaresme\/wp-json\/wp\/v2\/tags?post=17488"}],"curies":[{"name":"wp","href":"https:\/\/api.w.org\/{rel}","templated":true}]}}