{"id":17389,"date":"2023-05-23T13:46:13","date_gmt":"2023-05-23T11:46:13","guid":{"rendered":"https:\/\/serveiseducatius.xtec.cat\/altmaresme\/?p=17389"},"modified":"2023-05-23T13:46:13","modified_gmt":"2023-05-23T11:46:13","slug":"repensem-leducacio-publica-a-partir-duna-perspectiva-feminista-ecologista-antiracista-anticapacitista-i-en-definitiva-des-duna-perspectiva-veritablement-transformadora","status":"publish","type":"post","link":"https:\/\/serveiseducatius.xtec.cat\/altmaresme\/portada\/repensem-leducacio-publica-a-partir-duna-perspectiva-feminista-ecologista-antiracista-anticapacitista-i-en-definitiva-des-duna-perspectiva-veritablement-transformadora\/","title":{"rendered":"Repensem l\u2019educaci\u00f3 p\u00fablica a partir d\u2019una perspectiva feminista, ecologista, antiracista, anticapacitista i, en definitiva, des d\u2019una perspectiva veritablement transformadora!"},"content":{"rendered":"<p><b>El proper dissabte 27 de maig de 2023<\/b> es celebra la <b><i>Quarta trobada vers les escoles feministes<\/i><\/b> i encara estan obertes les inscripcions. Us passem el detall del programa per si \u00e9s del vostre inter\u00e8s.<br \/>\n<b style=\"font-family: inherit; font-size: 1em;\"><\/b><\/p>\n<p><b style=\"font-family: inherit; font-size: 1em;\">Quarta trobada vers les escoles feministes<\/b><span style=\"font-family: inherit; font-size: 1em;\">:<\/span><span style=\"color: #000000;\">\u00a0<\/span><span style=\"color: #ff0000;\"><span style=\"color: #000000;\">f\u00f2rum de xerrades, tallers i experi\u00e8ncies per a tota la comunitat educativa<\/span><\/span><\/p>\n<ul>\n<li><b>Lloc i hora<\/b>: ser\u00e0 dissabte 27 de maig, de 9 a 19.30 h a l&#8217;Institut Salvador Dal\u00ed d&#8217;El Prat de Llobregat<\/li>\n<li><b>Adre\u00e7a<\/b>: Av. Pare Andreu de Palma, 1-3, Metro: Les Moreres (L9S)<\/li>\n<li><b>Programa detallat\u00a0<\/b>de la trobada:\u00a0<a href=\"http:\/\/www.escolesfeministes.org\/quarta-trobada\/\" target=\"_blank\" rel=\"noopener\" data-saferedirecturl=\"https:\/\/www.google.com\/url?q=http:\/\/www.escolesfeministes.org\/quarta-trobada\/&amp;source=gmail&amp;ust=1684915310568000&amp;usg=AOvVaw3fpxiaZh09IBIgCdJSj-Rq\">http:\/\/www.<wbr \/>escolesfeministes.org\/quarta-<wbr \/>trobada\/<\/a><\/li>\n<li><b>Inscripcions gratu\u00eftes a<\/b>:\u00a0<a href=\"http:\/\/www.escolesfeministes.org\/inscripcio-quarta-trobada\/\" target=\"_blank\" rel=\"noopener\" data-saferedirecturl=\"https:\/\/www.google.com\/url?q=http:\/\/www.escolesfeministes.org\/inscripcio-quarta-trobada\/&amp;source=gmail&amp;ust=1684915310568000&amp;usg=AOvVaw0U1m3Rgehur_GCmMuVU9ao\">http:\/\/www.<wbr \/>escolesfeministes.org\/<wbr \/>inscripcio-quarta-trobada\/<\/a><\/li>\n<\/ul>\n<div>\n<b>PROGRAMA:<\/b><\/p>\n<p><b>DE 9 A 14h SESSIONS DE MAT\u00cd \u00a0&gt;&gt;<\/b><\/p>\n<ul>\n<li>Masculinitats a les aules<\/li>\n<li>Per qu\u00e8 l\u2019educaci\u00f3 sexual ruboritza l\u2019extrema dreta? Parlem dels atacs a l\u2019educaci\u00f3 afectivo-sexual de l\u2019agenda conservadora<\/li>\n<li>La democr\u00e0cia als centres: governan\u00e7a, professorat, personal educatiu, classe social i lluita sindical<\/li>\n<li>La situaci\u00f3 i visibilitat dels estudiants LGTBIQ+ als instituts: ens ho expliquen ellis!<\/li>\n<li>Projectes de centre amb perspectiva coeducadora global (1): dos instituts p\u00fablics expliquen la seva experi\u00e8ncia<\/li>\n<li>Geopol\u00edtica de l\u2019exili i de la resist\u00e8ncia \u00a0des d\u2019una perspectiva de g\u00e8nere transversal i interseccional. Projecte d\u2019ESO<\/li>\n<li>Patriarcat digital: el desembarcament de Google al sistema educatiu catal\u00e0 i altres hist\u00f2ries dels senyors de les Big Tech i de l\u2019administraci\u00f3<\/li>\n<li>Migraci\u00f3, antirracisme pol\u00edtic i apropiaci\u00f3 cultural en el marc de l\u2019educaci\u00f3<\/li>\n<li>La situaci\u00f3 i visibilitat dels docents LGTBIQ+ als instituts: ens ho expliquen ellis!<\/li>\n<li>Antimilitarisme: estrat\u00e8gies i recursos per una cultura de la pau<\/li>\n<li>Les 40 principals de l\u2019Hist\u00f2ria. Dones rellevants de l\u2019Imperi Rom\u00e0 a trav\u00e9s de la poesia i la m\u00fasica.<\/li>\n<\/ul>\n<p><b>DE 14 A 16h DINAR DE CARMANYOLA AMB BINGO MUSICAL &gt;&gt;<\/b><\/p>\n<ul>\n<li>Porteu de casa men\u00fa de carmanyola, que farem un bingo musical!!! L\u2019organitza la Comissi\u00f3 Lila de l\u2019Institut Salvador Dal\u00ed.<\/li>\n<\/ul>\n<p><b>DE 16 A 18.30h SESSIONS DE LA TARDA &gt;&gt;<\/b><\/p>\n<ul>\n<li>Educaci\u00f3 fisica i coeducaci\u00f3: Joc del bar\u00f2metre dels valors<\/li>\n<li>Taula sexualitats: Introduir l\u2019assignatura d\u2019educacio afecto-sexual \u00e9s possible!<\/li>\n<li>Projectes de centre amb perspectiva coeducadora global (2): xarxes territorials i formaci\u00f3 professional<\/li>\n<li>La vulneraci\u00f3 de drets educatius de les persones amb diversitat funcional<\/li>\n<li>Per qu\u00e8 el sistema educatiu p\u00fablic catal\u00e0 \u00e9s racista, classista, capacitista i masclista?<\/li>\n<li>Dones i mem\u00f2ria: Vides i treballs a la Barcelona del s. XX. Visibilitzem les dones quan llegim la ciutat<\/li>\n<li>Activitat transversal sobre la identitat: entre filosofia i dibuix en el batxillerat art\u00edstic<\/li>\n<\/ul>\n<p><b>DE 18.30 A 19.30 h CLOENDA DE TRACA: TEATRE F\u00d2RUM &gt;&gt;<\/b><\/p>\n<ul>\n<li>L\u2019alumnat de tercer d\u2019ESO de l\u2019Institut Maria Espinalt far\u00e0 un teatre f\u00f2rum.<\/li>\n<\/ul>\n<\/div>\n","protected":false},"excerpt":{"rendered":"<p>El proper dissabte 27 de maig de 2023 es celebra la Quarta trobada vers les escoles feministes i encara estan obertes les inscripcions. Us passem el detall del programa per si \u00e9s del vostre inter\u00e8s.<\/p>\n<p>Quarta trobada vers les escoles feministes:\u00a0f\u00f2rum de xerrades, tallers i experi\u00e8ncies&hellip;  <a href=\"https:\/\/serveiseducatius.xtec.cat\/altmaresme\/portada\/repensem-leducacio-publica-a-partir-duna-perspectiva-feminista-ecologista-antiracista-anticapacitista-i-en-definitiva-des-duna-perspectiva-veritablement-transformadora\/\" title=\"Read Repensem l\u2019educaci\u00f3 p\u00fablica a partir d\u2019una perspectiva feminista, ecologista, antiracista, anticapacitista i, en definitiva, des d\u2019una perspectiva veritablement transformadora!\">Llegeix m\u00e9s\u00bb<\/a><\/p>\n","protected":false},"author":137,"featured_media":17390,"comment_status":"open","ping_status":"closed","sticky":false,"template":"","format":"standard","meta":{"_bbp_topic_count":0,"_bbp_reply_count":0,"_bbp_total_topic_count":0,"_bbp_total_reply_count":0,"_bbp_voice_count":0,"_bbp_anonymous_reply_count":0,"_bbp_topic_count_hidden":0,"_bbp_reply_count_hidden":0,"_bbp_forum_subforum_count":0,"footnotes":""},"categories":[1051,1206,1193,29,1046,1045],"tags":[],"class_list":["post-17389","post","type-post","status-publish","format-standard","has-post-thumbnail","hentry","category-formacio","category-infantil","category-genere","category-portada","category-primaria","category-secundaria"],"post_mailing_queue_ids":[],"_links":{"self":[{"href":"https:\/\/serveiseducatius.xtec.cat\/altmaresme\/wp-json\/wp\/v2\/posts\/17389","targetHints":{"allow":["GET"]}}],"collection":[{"href":"https:\/\/serveiseducatius.xtec.cat\/altmaresme\/wp-json\/wp\/v2\/posts"}],"about":[{"href":"https:\/\/serveiseducatius.xtec.cat\/altmaresme\/wp-json\/wp\/v2\/types\/post"}],"author":[{"embeddable":true,"href":"https:\/\/serveiseducatius.xtec.cat\/altmaresme\/wp-json\/wp\/v2\/users\/137"}],"replies":[{"embeddable":true,"href":"https:\/\/serveiseducatius.xtec.cat\/altmaresme\/wp-json\/wp\/v2\/comments?post=17389"}],"version-history":[{"count":1,"href":"https:\/\/serveiseducatius.xtec.cat\/altmaresme\/wp-json\/wp\/v2\/posts\/17389\/revisions"}],"predecessor-version":[{"id":17391,"href":"https:\/\/serveiseducatius.xtec.cat\/altmaresme\/wp-json\/wp\/v2\/posts\/17389\/revisions\/17391"}],"wp:featuredmedia":[{"embeddable":true,"href":"https:\/\/serveiseducatius.xtec.cat\/altmaresme\/wp-json\/wp\/v2\/media\/17390"}],"wp:attachment":[{"href":"https:\/\/serveiseducatius.xtec.cat\/altmaresme\/wp-json\/wp\/v2\/media?parent=17389"}],"wp:term":[{"taxonomy":"category","embeddable":true,"href":"https:\/\/serveiseducatius.xtec.cat\/altmaresme\/wp-json\/wp\/v2\/categories?post=17389"},{"taxonomy":"post_tag","embeddable":true,"href":"https:\/\/serveiseducatius.xtec.cat\/altmaresme\/wp-json\/wp\/v2\/tags?post=17389"}],"curies":[{"name":"wp","href":"https:\/\/api.w.org\/{rel}","templated":true}]}}