{"id":17362,"date":"2023-05-16T09:34:31","date_gmt":"2023-05-16T07:34:31","guid":{"rendered":"https:\/\/serveiseducatius.xtec.cat\/altmaresme\/?p=17362"},"modified":"2023-05-16T09:34:31","modified_gmt":"2023-05-16T07:34:31","slug":"ins-lluis-companys-el-documental-el-dia-de-molts-adolescents-seleccionat-al-fic-cat","status":"publish","type":"post","link":"https:\/\/serveiseducatius.xtec.cat\/altmaresme\/portada\/ins-lluis-companys-el-documental-el-dia-de-molts-adolescents-seleccionat-al-fic-cat\/","title":{"rendered":"INS Llu\u00eds Companys: El documental \u201cEl dia de molts adolescents\u201d seleccionat al FIC-CAT"},"content":{"rendered":"<p>El documental &#8220;El dia de molts adolescents&#8221; fet per Laia Gallen, Laura Montoya i Rub\u00e9n L\u00f3pez formar\u00e0 part de la <a href=\"https:\/\/www.fic-cat.cat\/\" target=\"_blank\" rel=\"noopener\">Selecci\u00f3 Oficial del Festival Internacional de Cinema en Catal\u00e0.<\/a><\/p>\n<p>Tracta sobre l&#8217;ansietat que pateix un adolescent en el seu dia a dia.<\/p>\n<p>Us deixem el tr\u00e0iler:<\/p>\n<p style=\"text-align: center;\"><iframe loading=\"lazy\" src=\"\/\/www.youtube.com\/embed\/8i3argUIeJw\" width=\"560\" height=\"314\" allowfullscreen=\"allowfullscreen\"><\/iframe><\/p>\n","protected":false},"excerpt":{"rendered":"<p>El documental &#8220;El dia de molts adolescents&#8221; fet per Laia Gallen, Laura Montoya i Rub\u00e9n L\u00f3pez formar\u00e0 part de la <a href=\"https:\/\/www.fic-cat.cat\/\" target=\"_blank\" rel=\"noopener\">Selecci\u00f3 Oficial del Festival Internacional de Cinema en Catal\u00e0.<\/a><br \/>\nTracta sobre l&#8217;ansietat que pateix un adolescent en el seu dia a dia.<br \/>\nUs deixem&hellip;  <a href=\"https:\/\/serveiseducatius.xtec.cat\/altmaresme\/portada\/ins-lluis-companys-el-documental-el-dia-de-molts-adolescents-seleccionat-al-fic-cat\/\" title=\"Read INS Llu\u00eds Companys: El documental \u201cEl dia de molts adolescents\u201d seleccionat al FIC-CAT\">Llegeix m\u00e9s\u00bb<\/a><\/p>\n","protected":false},"author":1,"featured_media":17363,"comment_status":"open","ping_status":"closed","sticky":false,"template":"","format":"standard","meta":{"_bbp_topic_count":0,"_bbp_reply_count":0,"_bbp_total_topic_count":0,"_bbp_total_reply_count":0,"_bbp_voice_count":0,"_bbp_anonymous_reply_count":0,"_bbp_topic_count_hidden":0,"_bbp_reply_count_hidden":0,"_bbp_forum_subforum_count":0,"footnotes":""},"categories":[1063,1061,1042,29,1045],"tags":[],"class_list":["post-17362","post","type-post","status-publish","format-standard","has-post-thumbnail","hentry","category-premis-i-concursos","category-competencies","category-benestar-emocional","category-portada","category-secundaria"],"post_mailing_queue_ids":[],"_links":{"self":[{"href":"https:\/\/serveiseducatius.xtec.cat\/altmaresme\/wp-json\/wp\/v2\/posts\/17362","targetHints":{"allow":["GET"]}}],"collection":[{"href":"https:\/\/serveiseducatius.xtec.cat\/altmaresme\/wp-json\/wp\/v2\/posts"}],"about":[{"href":"https:\/\/serveiseducatius.xtec.cat\/altmaresme\/wp-json\/wp\/v2\/types\/post"}],"author":[{"embeddable":true,"href":"https:\/\/serveiseducatius.xtec.cat\/altmaresme\/wp-json\/wp\/v2\/users\/1"}],"replies":[{"embeddable":true,"href":"https:\/\/serveiseducatius.xtec.cat\/altmaresme\/wp-json\/wp\/v2\/comments?post=17362"}],"version-history":[{"count":1,"href":"https:\/\/serveiseducatius.xtec.cat\/altmaresme\/wp-json\/wp\/v2\/posts\/17362\/revisions"}],"predecessor-version":[{"id":17364,"href":"https:\/\/serveiseducatius.xtec.cat\/altmaresme\/wp-json\/wp\/v2\/posts\/17362\/revisions\/17364"}],"wp:featuredmedia":[{"embeddable":true,"href":"https:\/\/serveiseducatius.xtec.cat\/altmaresme\/wp-json\/wp\/v2\/media\/17363"}],"wp:attachment":[{"href":"https:\/\/serveiseducatius.xtec.cat\/altmaresme\/wp-json\/wp\/v2\/media?parent=17362"}],"wp:term":[{"taxonomy":"category","embeddable":true,"href":"https:\/\/serveiseducatius.xtec.cat\/altmaresme\/wp-json\/wp\/v2\/categories?post=17362"},{"taxonomy":"post_tag","embeddable":true,"href":"https:\/\/serveiseducatius.xtec.cat\/altmaresme\/wp-json\/wp\/v2\/tags?post=17362"}],"curies":[{"name":"wp","href":"https:\/\/api.w.org\/{rel}","templated":true}]}}