{"id":1729,"date":"2016-02-19T12:00:10","date_gmt":"2016-02-19T11:00:10","guid":{"rendered":"http:\/\/serveieducatiu.eu\/?p=1729"},"modified":"2016-05-06T10:33:18","modified_gmt":"2016-05-06T09:33:18","slug":"miralletres","status":"publish","type":"post","link":"https:\/\/serveiseducatius.xtec.cat\/altmaresme\/general\/miralletres\/","title":{"rendered":"Miralletres"},"content":{"rendered":"<p>I concurs de lletrejar de Pineda de Mar, Miralletres. \u00a0Aquesta activitat forma part del Pla Lector. Tots els centres educatius han participat per fer-lo possible. Podeu veure la preparaci\u00f3 amb l&#8217;alumnat en un v\u00eddeo que mostra les fotos que ens han fet arribar les escoles i els instituts:<\/p>\n<p><embed type=\"application\/x-shockwave-flash\" src=\"https:\/\/photos.gstatic.com\/media\/slideshow.swf\" width=\"288\" height=\"192\" flashvars=\"host=picasaweb.google.com&#038;hl=ca&#038;feat=flashalbum&#038;RGB=0x000000&#038;feed=https%3A%2F%2Fpicasaweb.google.com%2Fdata%2Ffeed%2Fapi%2Fuser%2F118388854383005174185%2Falbumid%2F6252959655086969793%3Falt%3Drss%26kind%3Dphoto%26hl%3Dca\" pluginspage=\"http:\/\/www.macromedia.com\/go\/getflashplayer\"><\/embed><\/p>\n<p>En el Concurs del 18 de febrer, al Centre Cultural de Pineda, van participar-hi 37 alumnes organitzats en 4 categories:<\/p>\n<p>Categoria A; 3r i 4t de prim\u00e0ria<\/p>\n<p>Categoria B; 5\u00e8 i 6\u00e8 de prim\u00e0ria<\/p>\n<p>Categorei C; 1r i 2n ESO<\/p>\n<p>Categoria D; 3r i 4t ESO<\/p>\n<p>Felicitem a tots els participants!!<\/p>\n<p>Aquest any els guanyadors han estat: \u00a0Jan Sal\u00f3 de l&#8217;escola Aloc, Jazz Mayugo de l&#8217;escola Mediterr\u00e0nia, Roger G\u00f3mez del FEDAC-Pineda, Roger Maldonado de l&#8217;escola Aloc, N\u00faria Torres de l&#8217;institut Euclides , \u00a0Marc Boadas de l&#8217;institut Joan Coromines , Juan Vargas \u00a0i en Joan Gr\u00e9bol de l&#8217;institut Pineda.<\/p>\n<p><embed type=\"application\/x-shockwave-flash\" src=\"https:\/\/photos.gstatic.com\/media\/slideshow.swf\" width=\"288\" height=\"192\" flashvars=\"host=picasaweb.google.com&#038;hl=ca&#038;feat=flashalbum&#038;RGB=0x000000&#038;feed=https%3A%2F%2Fpicasaweb.google.com%2Fdata%2Ffeed%2Fapi%2Fuser%2F118388854383005174185%2Falbumid%2F6252942910994072817%3Falt%3Drss%26kind%3Dphoto%26hl%3Dca\" pluginspage=\"http:\/\/www.macromedia.com\/go\/getflashplayer\"><\/embed><\/p>\n<p>Imatges cedides pel fot\u00f2graf Joan Caimel: <\/p>\n<p><embed type=\"application\/x-shockwave-flash\" src=\"https:\/\/photos.gstatic.com\/media\/slideshow.swf\" width=\"288\" height=\"192\" flashvars=\"host=picasaweb.google.com&#038;hl=ca&#038;feat=flashalbum&#038;RGB=0x000000&#038;feed=https%3A%2F%2Fpicasaweb.google.com%2Fdata%2Ffeed%2Fapi%2Fuser%2F118388854383005174185%2Falbumid%2F6254406406900790353%3Falt%3Drss%26kind%3Dphoto%26hl%3Dca\" pluginspage=\"http:\/\/www.macromedia.com\/go\/getflashplayer\"><\/embed><\/p>\n<p>Podeu llegir la not\u00edcia de <a href=\"http:\/\/www.radiopineda.cat\/ca\/front\/noticies\/detall\/id\/9163\" target=\"_blank\">R\u00e0dio Pineda<\/a><\/p>\n<p>I la cr\u00f2nica de l&#8217;<a href=\"https:\/\/meslliures.wordpress.com\/2016\/02\/18\/i-certamen-del-concurs-de-lletrejar-miralletres-a-pineda\/\" target=\"_blank\">Institut Joan Coromines<\/a><\/p>\n","protected":false},"excerpt":{"rendered":"<p>I concurs de lletrejar de Pineda de Mar, Miralletres. \u00a0Aquesta activitat forma part del Pla Lector. Tots els centres educatius han participat per fer-lo possible. Podeu veure la preparaci\u00f3 amb l&#8217;alumnat en un v\u00eddeo que mostra les fotos que ens han fet arribar les escoles&hellip;  <a href=\"https:\/\/serveiseducatius.xtec.cat\/altmaresme\/general\/miralletres\/\" title=\"Read Miralletres\">Llegeix m\u00e9s\u00bb<\/a><\/p>\n","protected":false},"author":6,"featured_media":0,"comment_status":"open","ping_status":"open","sticky":false,"template":"","format":"standard","meta":{"_bbp_topic_count":0,"_bbp_reply_count":0,"_bbp_total_topic_count":0,"_bbp_total_reply_count":0,"_bbp_voice_count":0,"_bbp_anonymous_reply_count":0,"_bbp_topic_count_hidden":0,"_bbp_reply_count_hidden":0,"_bbp_forum_subforum_count":0,"footnotes":""},"categories":[1],"tags":[],"class_list":["post-1729","post","type-post","status-publish","format-standard","hentry","category-general"],"post_mailing_queue_ids":[],"_links":{"self":[{"href":"https:\/\/serveiseducatius.xtec.cat\/altmaresme\/wp-json\/wp\/v2\/posts\/1729","targetHints":{"allow":["GET"]}}],"collection":[{"href":"https:\/\/serveiseducatius.xtec.cat\/altmaresme\/wp-json\/wp\/v2\/posts"}],"about":[{"href":"https:\/\/serveiseducatius.xtec.cat\/altmaresme\/wp-json\/wp\/v2\/types\/post"}],"author":[{"embeddable":true,"href":"https:\/\/serveiseducatius.xtec.cat\/altmaresme\/wp-json\/wp\/v2\/users\/6"}],"replies":[{"embeddable":true,"href":"https:\/\/serveiseducatius.xtec.cat\/altmaresme\/wp-json\/wp\/v2\/comments?post=1729"}],"version-history":[{"count":1,"href":"https:\/\/serveiseducatius.xtec.cat\/altmaresme\/wp-json\/wp\/v2\/posts\/1729\/revisions"}],"predecessor-version":[{"id":8511,"href":"https:\/\/serveiseducatius.xtec.cat\/altmaresme\/wp-json\/wp\/v2\/posts\/1729\/revisions\/8511"}],"wp:attachment":[{"href":"https:\/\/serveiseducatius.xtec.cat\/altmaresme\/wp-json\/wp\/v2\/media?parent=1729"}],"wp:term":[{"taxonomy":"category","embeddable":true,"href":"https:\/\/serveiseducatius.xtec.cat\/altmaresme\/wp-json\/wp\/v2\/categories?post=1729"},{"taxonomy":"post_tag","embeddable":true,"href":"https:\/\/serveiseducatius.xtec.cat\/altmaresme\/wp-json\/wp\/v2\/tags?post=1729"}],"curies":[{"name":"wp","href":"https:\/\/api.w.org\/{rel}","templated":true}]}}