{"id":17226,"date":"2023-03-20T16:50:49","date_gmt":"2023-03-20T15:50:49","guid":{"rendered":"https:\/\/serveiseducatius.xtec.cat\/altmaresme\/?p=17226"},"modified":"2023-03-20T16:50:49","modified_gmt":"2023-03-20T15:50:49","slug":"linstitut-tres-turons-guanya-el-tercer-premi-del-concurs-un-reto-por-la-ciencia","status":"publish","type":"post","link":"https:\/\/serveiseducatius.xtec.cat\/altmaresme\/portada\/linstitut-tres-turons-guanya-el-tercer-premi-del-concurs-un-reto-por-la-ciencia\/","title":{"rendered":"L&#8217;institut Tres Turons guanya el tercer premi del concurs &#8220;Un reto por la ci\u00e8ncia&#8221;"},"content":{"rendered":"<p>El centre est\u00e0 d&#8217;enhorabona despr\u00e9s d&#8217;obtenir el tercer premi en aquest projecte &#8220;un reto por la ci\u00e8ncia&#8221; de la fundaci\u00f3\u00a0Sener, que t\u00e9 com a finalitat promoure iniciatives i activitats que fomentin la cerca del coneixement i siguin socialment responsables i sostenibles amb el medi ambient. \u00c9s un projecte que ja ha arribat a m\u00e9s de 800 alumnes d&#8217;arreu de l&#8217;estat en edat escolar.<\/p>\n<p>La idea \u00e9s que a partir de 7 iniciatives tecnol\u00f2gicament sostenibles les alumnes tri\u00efn una i la desenvolupin un projecte o solucions per aquesta.<\/p>\n<p>Una part d&#8217;aquests reptes estava dirigit a la possibilitat d&#8217;habitar la lluna en un futur. Precisament les propostes relacionades amb la cursa espacial \u00e9s la que m\u00e9s ha triomfat entre els alumnes de segon de l&#8217;ESO de l&#8217;institut tres turons. La majoria dels 5 grups de treball que es van fer d&#8217;inici, van escollir dedicar els seus esfor\u00e7os i temps a treballar projectes relacionats amb la lluna.<\/p>\n<p>Els altres dos projectes que es van presentar per part de l&#8217;institut\u00a0tamb\u00e9 tractaven sobre una hipot\u00e8tica i futura vida a la lluna. Per un costat com enviar un r\u00f2ver a la lluna i que no es congel\u00e9s i, per altra banda, com fer una vida saludable un cop establerts all\u00e0.<\/p>\n<p>Des de l&#8217;institut, tant professorat com pares n&#8217;estan molt satisfets dels resultats, per\u00f2\u00a0sobretot de veure com han treballat els i les alumnes en aquests projectes.<\/p>\n","protected":false},"excerpt":{"rendered":"<p>El centre est\u00e0 d&#8217;enhorabona despr\u00e9s d&#8217;obtenir el tercer premi en aquest projecte &#8220;un reto por la ci\u00e8ncia&#8221; de la fundaci\u00f3\u00a0Sener, que t\u00e9 com a finalitat promoure iniciatives i activitats que fomentin la cerca del coneixement i siguin socialment responsables i sostenibles amb el medi ambient.&hellip;  <a href=\"https:\/\/serveiseducatius.xtec.cat\/altmaresme\/portada\/linstitut-tres-turons-guanya-el-tercer-premi-del-concurs-un-reto-por-la-ciencia\/\" title=\"Read L&#8217;institut Tres Turons guanya el tercer premi del concurs &#8220;Un reto por la ci\u00e8ncia&#8221;\">Llegeix m\u00e9s\u00bb<\/a><\/p>\n","protected":false},"author":1,"featured_media":17227,"comment_status":"open","ping_status":"closed","sticky":false,"template":"","format":"standard","meta":{"_bbp_topic_count":0,"_bbp_reply_count":0,"_bbp_total_topic_count":0,"_bbp_total_reply_count":0,"_bbp_voice_count":0,"_bbp_anonymous_reply_count":0,"_bbp_topic_count_hidden":0,"_bbp_reply_count_hidden":0,"_bbp_forum_subforum_count":0,"footnotes":""},"categories":[1063,29,1045],"tags":[],"class_list":["post-17226","post","type-post","status-publish","format-standard","has-post-thumbnail","hentry","category-premis-i-concursos","category-portada","category-secundaria"],"post_mailing_queue_ids":[],"_links":{"self":[{"href":"https:\/\/serveiseducatius.xtec.cat\/altmaresme\/wp-json\/wp\/v2\/posts\/17226","targetHints":{"allow":["GET"]}}],"collection":[{"href":"https:\/\/serveiseducatius.xtec.cat\/altmaresme\/wp-json\/wp\/v2\/posts"}],"about":[{"href":"https:\/\/serveiseducatius.xtec.cat\/altmaresme\/wp-json\/wp\/v2\/types\/post"}],"author":[{"embeddable":true,"href":"https:\/\/serveiseducatius.xtec.cat\/altmaresme\/wp-json\/wp\/v2\/users\/1"}],"replies":[{"embeddable":true,"href":"https:\/\/serveiseducatius.xtec.cat\/altmaresme\/wp-json\/wp\/v2\/comments?post=17226"}],"version-history":[{"count":1,"href":"https:\/\/serveiseducatius.xtec.cat\/altmaresme\/wp-json\/wp\/v2\/posts\/17226\/revisions"}],"predecessor-version":[{"id":17228,"href":"https:\/\/serveiseducatius.xtec.cat\/altmaresme\/wp-json\/wp\/v2\/posts\/17226\/revisions\/17228"}],"wp:featuredmedia":[{"embeddable":true,"href":"https:\/\/serveiseducatius.xtec.cat\/altmaresme\/wp-json\/wp\/v2\/media\/17227"}],"wp:attachment":[{"href":"https:\/\/serveiseducatius.xtec.cat\/altmaresme\/wp-json\/wp\/v2\/media?parent=17226"}],"wp:term":[{"taxonomy":"category","embeddable":true,"href":"https:\/\/serveiseducatius.xtec.cat\/altmaresme\/wp-json\/wp\/v2\/categories?post=17226"},{"taxonomy":"post_tag","embeddable":true,"href":"https:\/\/serveiseducatius.xtec.cat\/altmaresme\/wp-json\/wp\/v2\/tags?post=17226"}],"curies":[{"name":"wp","href":"https:\/\/api.w.org\/{rel}","templated":true}]}}