{"id":16993,"date":"2023-01-23T11:01:50","date_gmt":"2023-01-23T10:01:50","guid":{"rendered":"https:\/\/serveiseducatius.xtec.cat\/altmaresme\/?p=16993"},"modified":"2023-01-20T09:43:39","modified_gmt":"2023-01-20T08:43:39","slug":"formacions-virtuals-llengua","status":"publish","type":"post","link":"https:\/\/serveiseducatius.xtec.cat\/altmaresme\/general\/formacions-virtuals-llengua\/","title":{"rendered":"Formaci\u00f3 virtual Llengua"},"content":{"rendered":"<p>Des de la Secci\u00f3 Immersi\u00f3 Ling\u00fc\u00edstica del Departament d&#8217;educaci\u00f3 s&#8217;ofereixen les seg\u00fcents formacions virtuals.<\/p>\n<div class=\"gmail_default\">&#8211; Activitat per a <b>cicle mitj\u00e0 i cicle superior<\/b>, per treballar el recurs l&#8217;<a href=\"https:\/\/xtec.gencat.cat\/ca\/projectes\/plurilinguisme\/metodologies\/tilc\/immersiolinguistica\/enrolat\/\" target=\"_blank\" rel=\"noopener\" data-saferedirecturl=\"https:\/\/www.google.com\/url?q=https:\/\/xtec.gencat.cat\/ca\/projectes\/plurilinguisme\/metodologies\/tilc\/immersiolinguistica\/enrolat\/&amp;source=gmail&amp;ust=1673429753215000&amp;usg=AOvVaw13ZZcGwpJMzkra0nOSiDTd\">Enrola&#8217;t.<\/a><\/div>\n<div><\/div>\n<div><a href=\"https:\/\/xtec.gencat.cat\/ca\/projectes\/plurilinguisme\/metodologies\/tilc\/immersiolinguistica\/enrolat\/\"><img loading=\"lazy\" decoding=\"async\" class=\"size-full wp-image-17019 aligncenter\" src=\"https:\/\/serveiseducatius.xtec.cat\/altmaresme\/wp-content\/uploads\/usu1140\/2023\/01\/enrolat.png\" alt=\"\" width=\"300\" height=\"168\" \/><\/a><\/div>\n<div><\/div>\n<div class=\"gmail_default\">Inscripci\u00f3 oberta fins al dia abans de l&#8217;inici de l&#8217;activitat.<\/div>\n<div><\/div>\n<div><\/div>\n<div>\n<table border=\"0\" cellspacing=\"0\" cellpadding=\"0\">\n<tbody>\n<tr>\n<td valign=\"TOP\"><span style=\"font-family: arial, helvetica, geneva; font-size: small;\">A150160555\u00a0<\/span><\/td>\n<td><span style=\"font-family: arial, helvetica, geneva; font-size: small;\"><b><a href=\"https:\/\/aplicacions.gestioeducativa.gencat.cat\/pls\/soloas\/pk_for_mod_ins.p_for_detall_activitat?p_codi=A150160555&amp;p_curs=2022-2023&amp;p_es_inscr=S\" target=\"_blank\" rel=\"noopener\" data-saferedirecturl=\"https:\/\/www.google.com\/url?q=https:\/\/aplicacions.gestioeducativa.gencat.cat\/pls\/soloas\/pk_for_mod_ins.p_for_detall_activitat?p_codi%3DA150160555%26p_curs%3D2022-2023%26p_es_inscr%3DS&amp;source=gmail&amp;ust=1673429753215000&amp;usg=AOvVaw20PfnvWB1fSiWH500DK0mI\">L&#8217;ensenyament de la llengua oral mitjan\u00e7ant els jocs de rol<\/a> inici de l&#8217;activitat 9 de febrer<\/b><\/span><\/td>\n<\/tr>\n<\/tbody>\n<\/table>\n<\/div>\n","protected":false},"excerpt":{"rendered":"<p>Des de la Secci\u00f3 Immersi\u00f3 Ling\u00fc\u00edstica del Departament d&#8217;educaci\u00f3 s&#8217;ofereixen les seg\u00fcents formacions virtuals.<br \/>\n&#8211; Activitat per a cicle mitj\u00e0 i cicle superior, per treballar el recurs l&#8217;<a href=\"https:\/\/xtec.gencat.cat\/ca\/projectes\/plurilinguisme\/metodologies\/tilc\/immersiolinguistica\/enrolat\/\" target=\"_blank\" rel=\"noopener\" data-saferedirecturl=\"https:\/\/www.google.com\/url?q=https:\/\/xtec.gencat.cat\/ca\/projectes\/plurilinguisme\/metodologies\/tilc\/immersiolinguistica\/enrolat\/&amp;source=gmail&amp;ust=1673429753215000&amp;usg=AOvVaw13ZZcGwpJMzkra0nOSiDTd\">Enrola&#8217;t.<\/a><\/p>\n<p><a href=\"https:\/\/xtec.gencat.cat\/ca\/projectes\/plurilinguisme\/metodologies\/tilc\/immersiolinguistica\/enrolat\/\"><\/a><\/p>\n<p>Inscripci\u00f3 oberta fins al dia abans de l&#8217;inici de l&#8217;activitat.<\/p>\n<p>A150160555\u00a0<br \/>\n<a href=\"https:\/\/aplicacions.gestioeducativa.gencat.cat\/pls\/soloas\/pk_for_mod_ins.p_for_detall_activitat?p_codi=A150160555&amp;p_curs=2022-2023&amp;p_es_inscr=S\" target=\"_blank\" rel=\"noopener\" data-saferedirecturl=\"https:\/\/www.google.com\/url?q=https:\/\/aplicacions.gestioeducativa.gencat.cat\/pls\/soloas\/pk_for_mod_ins.p_for_detall_activitat?p_codi%3DA150160555%26p_curs%3D2022-2023%26p_es_inscr%3DS&amp;source=gmail&amp;ust=1673429753215000&amp;usg=AOvVaw20PfnvWB1fSiWH500DK0mI\">L&#8217;ensenyament&hellip;  <a href=\"https:\/\/serveiseducatius.xtec.cat\/altmaresme\/general\/formacions-virtuals-llengua\/\" title=\"Read Formaci\u00f3 virtual Llengua\">Llegeix m\u00e9s\u00bb<\/a><\/p>\n","protected":false},"author":137,"featured_media":17019,"comment_status":"open","ping_status":"closed","sticky":false,"template":"","format":"standard","meta":{"_bbp_topic_count":0,"_bbp_reply_count":0,"_bbp_total_topic_count":0,"_bbp_total_reply_count":0,"_bbp_voice_count":0,"_bbp_anonymous_reply_count":0,"_bbp_topic_count_hidden":0,"_bbp_reply_count_hidden":0,"_bbp_forum_subforum_count":0,"footnotes":""},"categories":[1051,1,1206,29,1046],"tags":[],"class_list":["post-16993","post","type-post","status-publish","format-standard","has-post-thumbnail","hentry","category-formacio","category-general","category-infantil","category-portada","category-primaria"],"post_mailing_queue_ids":[],"_links":{"self":[{"href":"https:\/\/serveiseducatius.xtec.cat\/altmaresme\/wp-json\/wp\/v2\/posts\/16993","targetHints":{"allow":["GET"]}}],"collection":[{"href":"https:\/\/serveiseducatius.xtec.cat\/altmaresme\/wp-json\/wp\/v2\/posts"}],"about":[{"href":"https:\/\/serveiseducatius.xtec.cat\/altmaresme\/wp-json\/wp\/v2\/types\/post"}],"author":[{"embeddable":true,"href":"https:\/\/serveiseducatius.xtec.cat\/altmaresme\/wp-json\/wp\/v2\/users\/137"}],"replies":[{"embeddable":true,"href":"https:\/\/serveiseducatius.xtec.cat\/altmaresme\/wp-json\/wp\/v2\/comments?post=16993"}],"version-history":[{"count":3,"href":"https:\/\/serveiseducatius.xtec.cat\/altmaresme\/wp-json\/wp\/v2\/posts\/16993\/revisions"}],"predecessor-version":[{"id":17093,"href":"https:\/\/serveiseducatius.xtec.cat\/altmaresme\/wp-json\/wp\/v2\/posts\/16993\/revisions\/17093"}],"wp:featuredmedia":[{"embeddable":true,"href":"https:\/\/serveiseducatius.xtec.cat\/altmaresme\/wp-json\/wp\/v2\/media\/17019"}],"wp:attachment":[{"href":"https:\/\/serveiseducatius.xtec.cat\/altmaresme\/wp-json\/wp\/v2\/media?parent=16993"}],"wp:term":[{"taxonomy":"category","embeddable":true,"href":"https:\/\/serveiseducatius.xtec.cat\/altmaresme\/wp-json\/wp\/v2\/categories?post=16993"},{"taxonomy":"post_tag","embeddable":true,"href":"https:\/\/serveiseducatius.xtec.cat\/altmaresme\/wp-json\/wp\/v2\/tags?post=16993"}],"curies":[{"name":"wp","href":"https:\/\/api.w.org\/{rel}","templated":true}]}}