{"id":16908,"date":"2022-12-15T08:52:41","date_gmt":"2022-12-15T07:52:41","guid":{"rendered":"https:\/\/serveiseducatius.xtec.cat\/altmaresme\/?p=16908"},"modified":"2022-12-15T08:52:41","modified_gmt":"2022-12-15T07:52:41","slug":"programa-de-suport-vital-als-centres-educatius","status":"publish","type":"post","link":"https:\/\/serveiseducatius.xtec.cat\/altmaresme\/general\/programa-de-suport-vital-als-centres-educatius\/","title":{"rendered":"Programa de suport vital als centres educatius"},"content":{"rendered":"<p>Us informem\u00a0 que el Departament d&#8217;Educaci\u00f3 planifica activitats formatives\u00a0 relacionades amb el <strong>Programa Suport Vital<\/strong> als centres educatius fruit del conveni entre el Departament d&#8217;Educaci\u00f3 i el Consell Catal\u00e0 de Ressuscitaci\u00f3. La formaci\u00f3 en Suport Vital (SV) suposa un pas endavant en la consci\u00e8ncia de salut i\u00a0 sistematitza l&#8217;actuaci\u00f3 de la ciutadania davant una mort sobtada aconseguint augmentar la superviv\u00e8ncia. A Catalunya el programa s\u2019inicia amb els alumnes d\u2019Educaci\u00f3 Infantil i finalitza a 4t d\u2019ESO.<\/p>\n<p>El programa preveu organitzar les formacions inicials i els seminaris que s\u00f3n formacions de continu\u00eftat. Podeu trobar m\u00e9s informaci\u00f3 en aquest enlla\u00e7: <a href=\"http:\/\/xtec.gencat.cat\/ca\/comunitat\/salutescola\/suport-vital-als-centres-educatius\/\" target=\"_blank\" rel=\"noopener\" data-saferedirecturl=\"https:\/\/www.google.com\/url?q=http:\/\/xtec.gencat.cat\/ca\/comunitat\/salutescola\/suport-vital-als-centres-educatius\/&amp;source=gmail&amp;ust=1600414699414000&amp;usg=AFQjCNGFCfZ1rRb_883ID4L8ngyvkCn4Tg\">Suport Vital als centres educatius<\/a>.<\/p>\n<p>El centres que estigueu interessats en realitzar la formaci\u00f3 inicial d&#8217;aquest programa cal que us adreceu al CRP per tel\u00e8fon o per correu electr\u00f2nic.<\/p>\n<p>&nbsp;<\/p>\n","protected":false},"excerpt":{"rendered":"<p>Us informem\u00a0 que el Departament d&#8217;Educaci\u00f3 planifica activitats formatives\u00a0 relacionades amb el Programa Suport Vital als centres educatius fruit del conveni entre el Departament d&#8217;Educaci\u00f3 i el Consell Catal\u00e0 de Ressuscitaci\u00f3. La formaci\u00f3 en Suport Vital (SV) suposa un pas endavant en la consci\u00e8ncia de&hellip;  <a href=\"https:\/\/serveiseducatius.xtec.cat\/altmaresme\/general\/programa-de-suport-vital-als-centres-educatius\/\" title=\"Read Programa de suport vital als centres educatius\">Llegeix m\u00e9s\u00bb<\/a><\/p>\n","protected":false},"author":73,"featured_media":16912,"comment_status":"open","ping_status":"closed","sticky":false,"template":"","format":"standard","meta":{"_bbp_topic_count":0,"_bbp_reply_count":0,"_bbp_total_topic_count":0,"_bbp_total_reply_count":0,"_bbp_voice_count":0,"_bbp_anonymous_reply_count":0,"_bbp_topic_count_hidden":0,"_bbp_reply_count_hidden":0,"_bbp_forum_subforum_count":0,"footnotes":""},"categories":[1060,1051,1,29,1046,1045],"tags":[],"class_list":["post-16908","post","type-post","status-publish","format-standard","has-post-thumbnail","hentry","category-educaciofisica","category-formacio","category-general","category-portada","category-primaria","category-secundaria"],"post_mailing_queue_ids":[],"_links":{"self":[{"href":"https:\/\/serveiseducatius.xtec.cat\/altmaresme\/wp-json\/wp\/v2\/posts\/16908","targetHints":{"allow":["GET"]}}],"collection":[{"href":"https:\/\/serveiseducatius.xtec.cat\/altmaresme\/wp-json\/wp\/v2\/posts"}],"about":[{"href":"https:\/\/serveiseducatius.xtec.cat\/altmaresme\/wp-json\/wp\/v2\/types\/post"}],"author":[{"embeddable":true,"href":"https:\/\/serveiseducatius.xtec.cat\/altmaresme\/wp-json\/wp\/v2\/users\/73"}],"replies":[{"embeddable":true,"href":"https:\/\/serveiseducatius.xtec.cat\/altmaresme\/wp-json\/wp\/v2\/comments?post=16908"}],"version-history":[{"count":2,"href":"https:\/\/serveiseducatius.xtec.cat\/altmaresme\/wp-json\/wp\/v2\/posts\/16908\/revisions"}],"predecessor-version":[{"id":16913,"href":"https:\/\/serveiseducatius.xtec.cat\/altmaresme\/wp-json\/wp\/v2\/posts\/16908\/revisions\/16913"}],"wp:featuredmedia":[{"embeddable":true,"href":"https:\/\/serveiseducatius.xtec.cat\/altmaresme\/wp-json\/wp\/v2\/media\/16912"}],"wp:attachment":[{"href":"https:\/\/serveiseducatius.xtec.cat\/altmaresme\/wp-json\/wp\/v2\/media?parent=16908"}],"wp:term":[{"taxonomy":"category","embeddable":true,"href":"https:\/\/serveiseducatius.xtec.cat\/altmaresme\/wp-json\/wp\/v2\/categories?post=16908"},{"taxonomy":"post_tag","embeddable":true,"href":"https:\/\/serveiseducatius.xtec.cat\/altmaresme\/wp-json\/wp\/v2\/tags?post=16908"}],"curies":[{"name":"wp","href":"https:\/\/api.w.org\/{rel}","templated":true}]}}