{"id":16814,"date":"2022-11-18T08:30:17","date_gmt":"2022-11-18T07:30:17","guid":{"rendered":"https:\/\/serveiseducatius.xtec.cat\/altmaresme\/?p=16814"},"modified":"2022-11-17T16:15:43","modified_gmt":"2022-11-17T15:15:43","slug":"xxviii-concurs-el-gust-per-la-lectura","status":"publish","type":"post","link":"https:\/\/serveiseducatius.xtec.cat\/altmaresme\/portada\/xxviii-concurs-el-gust-per-la-lectura\/","title":{"rendered":"XXVIII Concurs El Gust per la Lectura"},"content":{"rendered":"<p>El Departament d\u2019Educaci\u00f3 convoca el XXVIII Concurs El Gust per la Lectura, basat en una s\u00e8rie\u00a0<span id=\"m_-8057664797702695825m_3655820864920431042m_-9164578322619208106m_3361763618854092734gmail-docs-internal-guid-79b1e8eb-7fff-7aef-5192-9cfdb52bd56e\">de propostes d\u2019obres a les quals s\u2019associen materials did\u00e0ctic<\/span>s.<\/p>\n<table style=\"height: 59px; width: 97.6969%; border-collapse: collapse; border-style: solid; border-color: #000000;\">\n<tbody>\n<tr style=\"height: 59px;\">\n<td style=\"width: 100%; height: 59px;\">\n<h4 style=\"text-align: center;\">El per\u00edode d&#8217;inscripci\u00f3\u00a0\u00e9s del 14 de novembre de 2022 al 18 de gener de 2023.<\/h4>\n<\/td>\n<\/tr>\n<\/tbody>\n<\/table>\n<p>Es far\u00e0 una inscripci\u00f3 per a cada grup classe que hi participi, amb independ\u00e8ncia de la modalitat del treball (de grup o individual). Cal fer constar el nombre d\u2019alumnes del grup classe.<\/p>\n<table style=\"width: 100%; border-collapse: collapse; border-color: #000000; border-style: solid;\">\n<tbody>\n<tr>\n<td style=\"width: 100%; text-align: center;\"><span style=\"font-size: 10.5pt; font-family: 'Helvetica','sans-serif'; color: #333333;\">Les categories van des d\u2019alumnat de cicle inicial de prim\u00e0ria fins a alumnat de batxillerat i d\u2019educaci\u00f3 d\u2019adults (preparaci\u00f3 per a la prova d\u2019acc\u00e9s a cicles formatius de grau superior \u2013PPACFGS\u2013 i acc\u00e9s a la universitat per a majors de 25 anys \u2013PAU &gt;25 anys\u2013)<\/span><\/td>\n<\/tr>\n<\/tbody>\n<\/table>\n<p>La formalitzaci\u00f3 de la inscripci\u00f3 i el lliurament dels treballs es duu a terme mitjan\u00e7ant el formulari en l\u00ednia del concurs, que trobareu a <a title=\"Portals de centres del Departament d\u2019Educaci\u00f3\" href=\"https:\/\/espai.educacio.gencat.cat\/Centres\/Projectes-educatius\/Gust-Lectura\/Pagines\/default.aspx\" target=\"_blank\" rel=\"noopener\" data-saferedirecturl=\"https:\/\/www.google.com\/url?q=https:\/\/inici.espai.educacio.gencat.cat\/&amp;source=gmail&amp;ust=1668782539958000&amp;usg=AOvVaw1Fq3WR9uxvs4761hBUK-dj\">Portals de centres del Departament d\u2019Educaci\u00f3<\/a>, \u00a0on tamb\u00e9 trobaran un tutorial per guiar el proc\u00e9s.<\/p>\n<p><a href=\"https:\/\/xtec.gencat.cat\/ca\/centres\/premis-i-concursos\/concurs-el-gust-per-la-lectura\/\" target=\"_blank\" rel=\"noopener\" data-saferedirecturl=\"https:\/\/www.google.com\/url?q=https:\/\/xtec.gencat.cat\/ca\/centres\/premis-i-concursos\/concurs-el-gust-per-la-lectura\/&amp;source=gmail&amp;ust=1668782539958000&amp;usg=AOvVaw0WlHHAgjRZO3krk-HITvf-\">Convocat\u00f2ria i bases<\/a><\/p>\n<p><a href=\"https:\/\/projectes.xtec.cat\/bescat\/general\/xviii-concurs-el-gust-per-la-lectura\/\" target=\"_blank\" rel=\"noopener\" data-saferedirecturl=\"https:\/\/www.google.com\/url?q=https:\/\/projectes.xtec.cat\/bescat\/general\/xviii-concurs-el-gust-per-la-lectura\/&amp;source=gmail&amp;ust=1668782539958000&amp;usg=AOvVaw3qjsRM1H7G95EGaF4TC2G9\">Enlla\u00e7 publicaci\u00f3 BESCAT<\/a><\/p>\n<p>Aquesta i moltes altres propostes i recursos a l&#8217;apartat de biblioteca escolar del nostre Nodes: <a href=\"https:\/\/serveiseducatius.xtec.cat\/altmaresme\/dinamitzacio\/bibliotecaescolar\/\">DINAMITZACI\u00d3\/Biblioteca escolar<\/a>.<\/p>\n","protected":false},"excerpt":{"rendered":"<p>El Departament d\u2019Educaci\u00f3 convoca el XXVIII Concurs El Gust per la Lectura, basat en una s\u00e8rie\u00a0de propostes d\u2019obres a les quals s\u2019associen materials did\u00e0ctics.<\/p>\n<p>El per\u00edode d&#8217;inscripci\u00f3\u00a0\u00e9s del 14 de novembre de 2022 al 18 de gener de 2023.<\/p>\n<p>Es far\u00e0 una inscripci\u00f3 per a cada grup&hellip;  <a href=\"https:\/\/serveiseducatius.xtec.cat\/altmaresme\/portada\/xxviii-concurs-el-gust-per-la-lectura\/\" title=\"Read XXVIII Concurs El Gust per la Lectura\">Llegeix m\u00e9s\u00bb<\/a><\/p>\n","protected":false},"author":137,"featured_media":9140,"comment_status":"open","ping_status":"closed","sticky":false,"template":"","format":"standard","meta":{"_bbp_topic_count":0,"_bbp_reply_count":0,"_bbp_total_topic_count":0,"_bbp_total_reply_count":0,"_bbp_voice_count":0,"_bbp_anonymous_reply_count":0,"_bbp_topic_count_hidden":0,"_bbp_reply_count_hidden":0,"_bbp_forum_subforum_count":0,"footnotes":""},"categories":[81,29,1046,1045],"tags":[],"class_list":["post-16814","post","type-post","status-publish","format-standard","has-post-thumbnail","hentry","category-biblioteca-escolar","category-portada","category-primaria","category-secundaria"],"post_mailing_queue_ids":[],"_links":{"self":[{"href":"https:\/\/serveiseducatius.xtec.cat\/altmaresme\/wp-json\/wp\/v2\/posts\/16814","targetHints":{"allow":["GET"]}}],"collection":[{"href":"https:\/\/serveiseducatius.xtec.cat\/altmaresme\/wp-json\/wp\/v2\/posts"}],"about":[{"href":"https:\/\/serveiseducatius.xtec.cat\/altmaresme\/wp-json\/wp\/v2\/types\/post"}],"author":[{"embeddable":true,"href":"https:\/\/serveiseducatius.xtec.cat\/altmaresme\/wp-json\/wp\/v2\/users\/137"}],"replies":[{"embeddable":true,"href":"https:\/\/serveiseducatius.xtec.cat\/altmaresme\/wp-json\/wp\/v2\/comments?post=16814"}],"version-history":[{"count":1,"href":"https:\/\/serveiseducatius.xtec.cat\/altmaresme\/wp-json\/wp\/v2\/posts\/16814\/revisions"}],"predecessor-version":[{"id":16815,"href":"https:\/\/serveiseducatius.xtec.cat\/altmaresme\/wp-json\/wp\/v2\/posts\/16814\/revisions\/16815"}],"wp:featuredmedia":[{"embeddable":true,"href":"https:\/\/serveiseducatius.xtec.cat\/altmaresme\/wp-json\/wp\/v2\/media\/9140"}],"wp:attachment":[{"href":"https:\/\/serveiseducatius.xtec.cat\/altmaresme\/wp-json\/wp\/v2\/media?parent=16814"}],"wp:term":[{"taxonomy":"category","embeddable":true,"href":"https:\/\/serveiseducatius.xtec.cat\/altmaresme\/wp-json\/wp\/v2\/categories?post=16814"},{"taxonomy":"post_tag","embeddable":true,"href":"https:\/\/serveiseducatius.xtec.cat\/altmaresme\/wp-json\/wp\/v2\/tags?post=16814"}],"curies":[{"name":"wp","href":"https:\/\/api.w.org\/{rel}","templated":true}]}}