{"id":16704,"date":"2022-10-25T17:42:31","date_gmt":"2022-10-25T15:42:31","guid":{"rendered":"https:\/\/serveiseducatius.xtec.cat\/altmaresme\/?p=16704"},"modified":"2022-10-26T09:40:43","modified_gmt":"2022-10-26T07:40:43","slug":"4-de-novembre-sota-la-pell-del-llop","status":"publish","type":"post","link":"https:\/\/serveiseducatius.xtec.cat\/altmaresme\/portada\/4-de-novembre-sota-la-pell-del-llop\/","title":{"rendered":"4 de novembre Sota la pell del Llop"},"content":{"rendered":"<p style=\"font-weight: 400;\">Xerrada relacionada amb el llibre Sota la pell del llop a c\u00e0rrec de la seva autora Eva Mart\u00ednez a la biblioteca M. Serra i Moret de Pineda de Mar.\u00a0 Divendres, 4 de novembre a las 17:00h.<\/p>\n<p style=\"font-weight: 400;\">Aquest llibre exposa la import\u00e0ncia dels contes tradicionals per treballar les emocions dels infants.<\/p>\n<p>Els contes tradicionals s\u00f3n petits tresors de la nostra literatura i tamb\u00e9 de la nostra ess\u00e8ncia com a essers humans. Hi trobem una antiga saviesa que recupera all\u00f2 hum\u00e0, que ens porta a llocs oblidats i que, generaci\u00f3 rere generaci\u00f3, acaricia l\u00b4\u00e0nima de petits i grans. Ara be, algunes de les versions adulterades (i edulcorades) dels nostres contes han fet perdre de vista el sentit profund que guarden aquests relats. A partir d\u00b4una mirada suggeridora sobre les emocions i el seu acompanyament educatiu, aquestes p\u00e0gines ens conviden a descobrir tot all\u00f2 que els contes permeten transitar i elaborar. Des de diferents experi\u00e8ncies educatives, l\u00b4autora s\u00b4endinsa en les entranyes de diversos contes de la nostra tradici\u00f3 oral i ens mostra camins d&#8217;acompanyament emocional interessants a la llum d\u00b4aquestes histories.<\/p>\n<p>&nbsp;<\/p>\n<p>Aquesta \u00e9s una activitat emmarcada al Pla lector de Pineda. <a href=\"https:\/\/serveiseducatius.xtec.cat\/altmaresme\/wp-content\/uploads\/usu1140\/2022\/10\/PEE.jpg\"><img loading=\"lazy\" decoding=\"async\" class=\"alignnone  wp-image-16708\" src=\"https:\/\/serveiseducatius.xtec.cat\/altmaresme\/wp-content\/uploads\/usu1140\/2022\/10\/PEE-1024x1024.jpg\" alt=\"\" width=\"96\" height=\"96\" srcset=\"https:\/\/serveiseducatius.xtec.cat\/altmaresme\/wp-content\/uploads\/usu1140\/2022\/10\/PEE-1024x1024.jpg 1024w, https:\/\/serveiseducatius.xtec.cat\/altmaresme\/wp-content\/uploads\/usu1140\/2022\/10\/PEE-300x300.jpg 300w, https:\/\/serveiseducatius.xtec.cat\/altmaresme\/wp-content\/uploads\/usu1140\/2022\/10\/PEE-150x150.jpg 150w, https:\/\/serveiseducatius.xtec.cat\/altmaresme\/wp-content\/uploads\/usu1140\/2022\/10\/PEE-768x768.jpg 768w, https:\/\/serveiseducatius.xtec.cat\/altmaresme\/wp-content\/uploads\/usu1140\/2022\/10\/PEE-1536x1536.jpg 1536w, https:\/\/serveiseducatius.xtec.cat\/altmaresme\/wp-content\/uploads\/usu1140\/2022\/10\/PEE.jpg 2048w\" sizes=\"auto, (max-width: 96px) 100vw, 96px\" \/><\/a><\/p>\n","protected":false},"excerpt":{"rendered":"<p>Xerrada relacionada amb el llibre Sota la pell del llop a c\u00e0rrec de la seva autora Eva Mart\u00ednez a la biblioteca M. Serra i Moret de Pineda de Mar.\u00a0 Divendres, 4 de novembre a las 17:00h.<br \/>\nAquest llibre exposa la import\u00e0ncia dels contes tradicionals per treballar&hellip;  <a href=\"https:\/\/serveiseducatius.xtec.cat\/altmaresme\/portada\/4-de-novembre-sota-la-pell-del-llop\/\" title=\"Read 4 de novembre Sota la pell del Llop\">Llegeix m\u00e9s\u00bb<\/a><\/p>\n","protected":false},"author":137,"featured_media":16705,"comment_status":"open","ping_status":"closed","sticky":false,"template":"","format":"standard","meta":{"_bbp_topic_count":0,"_bbp_reply_count":0,"_bbp_total_topic_count":0,"_bbp_total_reply_count":0,"_bbp_voice_count":0,"_bbp_anonymous_reply_count":0,"_bbp_topic_count_hidden":0,"_bbp_reply_count_hidden":0,"_bbp_forum_subforum_count":0,"footnotes":""},"categories":[81,1206,29,1046,1045],"tags":[],"class_list":["post-16704","post","type-post","status-publish","format-standard","has-post-thumbnail","hentry","category-biblioteca-escolar","category-infantil","category-portada","category-primaria","category-secundaria"],"post_mailing_queue_ids":[],"_links":{"self":[{"href":"https:\/\/serveiseducatius.xtec.cat\/altmaresme\/wp-json\/wp\/v2\/posts\/16704","targetHints":{"allow":["GET"]}}],"collection":[{"href":"https:\/\/serveiseducatius.xtec.cat\/altmaresme\/wp-json\/wp\/v2\/posts"}],"about":[{"href":"https:\/\/serveiseducatius.xtec.cat\/altmaresme\/wp-json\/wp\/v2\/types\/post"}],"author":[{"embeddable":true,"href":"https:\/\/serveiseducatius.xtec.cat\/altmaresme\/wp-json\/wp\/v2\/users\/137"}],"replies":[{"embeddable":true,"href":"https:\/\/serveiseducatius.xtec.cat\/altmaresme\/wp-json\/wp\/v2\/comments?post=16704"}],"version-history":[{"count":2,"href":"https:\/\/serveiseducatius.xtec.cat\/altmaresme\/wp-json\/wp\/v2\/posts\/16704\/revisions"}],"predecessor-version":[{"id":16709,"href":"https:\/\/serveiseducatius.xtec.cat\/altmaresme\/wp-json\/wp\/v2\/posts\/16704\/revisions\/16709"}],"wp:featuredmedia":[{"embeddable":true,"href":"https:\/\/serveiseducatius.xtec.cat\/altmaresme\/wp-json\/wp\/v2\/media\/16705"}],"wp:attachment":[{"href":"https:\/\/serveiseducatius.xtec.cat\/altmaresme\/wp-json\/wp\/v2\/media?parent=16704"}],"wp:term":[{"taxonomy":"category","embeddable":true,"href":"https:\/\/serveiseducatius.xtec.cat\/altmaresme\/wp-json\/wp\/v2\/categories?post=16704"},{"taxonomy":"post_tag","embeddable":true,"href":"https:\/\/serveiseducatius.xtec.cat\/altmaresme\/wp-json\/wp\/v2\/tags?post=16704"}],"curies":[{"name":"wp","href":"https:\/\/api.w.org\/{rel}","templated":true}]}}