{"id":16638,"date":"2022-10-14T09:00:01","date_gmt":"2022-10-14T07:00:01","guid":{"rendered":"https:\/\/serveiseducatius.xtec.cat\/altmaresme\/?p=16638"},"modified":"2022-10-13T13:03:45","modified_gmt":"2022-10-13T11:03:45","slug":"27a-edicio-de-la-setmana-de-la-ciencia","status":"publish","type":"post","link":"https:\/\/serveiseducatius.xtec.cat\/altmaresme\/portada\/27a-edicio-de-la-setmana-de-la-ciencia\/","title":{"rendered":"27a edici\u00f3 de la Setmana de la Ci\u00e8ncia"},"content":{"rendered":"<p dir=\"ltr\">Es celebrar\u00e0 del 12 al 21 de novembre, arreu de Catalunya.<\/p>\n<p dir=\"ltr\">L&#8217;activitat &#8220;La ci\u00e8ncia en primera persona&#8221; que es celebrar\u00e0 el dia 16 de novembre al mat\u00ed s&#8217;emmarca en la Setmana de la Ci\u00e8ncia,\u00a0 amb la finalitat del foment de les vocacions cient\u00edfiques i tecnol\u00f2giques entre l&#8217;alumnat del nostre pa\u00eds, pretenent apropar els i les cient\u00edfiques als instituts.<\/p>\n<p dir=\"ltr\">Seguint la bona acollida de l\u2019edici\u00f3 passada, enguany es mant\u00e9 la modalitat virtual i poden participar tots els centres de secund\u00e0ria.<\/p>\n<p dir=\"ltr\">L\u2019 activitat es fonamenta en tres parts:<\/p>\n<p dir=\"ltr\">1. Edici\u00f3 d\u2019un v\u00eddeo, d\u2019una durada d\u2019uns 5-10 minuts on es llen\u00e7a tamb\u00e9 una proposta o un repte.<\/p>\n<p dir=\"ltr\">2. Aquest v\u00eddeo el visualitzar\u00e0 l\u2019alumnat en hores lectives juntament amb els seus professors\/es. L\u2019alumnat ens faran arribar imatge del repte aconseguit (5 fotografies m\u00e0xim per grup) aix\u00ed com les preguntes que volen formular als\/a les cient\u00edfics\/ques (3 preguntes m\u00e0xim per grup).<\/p>\n<p dir=\"ltr\">3. El dia 16 de novembre al mat\u00ed, retransmissi\u00f3 en directe pel canal youtube de cadascun dels cient\u00edfics\/ques.<\/p>\n<p dir=\"ltr\">L\u2019activitat adre\u00e7ada a l\u2019alumnat de 3r i 4t d\u2019ESO va a c\u00e0rrec de cient\u00edfics\/ques que es dediquen a la investigaci\u00f3 i que expliquen la seva tasca, tant des del vessant cient\u00edfic com del vessant hum\u00e0.<\/p>\n<p dir=\"ltr\">Es proposen 4 grans temes per a tractar amb els seg\u00fcents ponents:<\/p>\n<p dir=\"ltr\">Biologia Marina: Ariadna Martinez (ICM \u2013 CSIC)<\/p>\n<p dir=\"ltr\">Qu\u00edmica: Jos\u00e9 Ram\u00f3n Gal\u00e1n-Mascar\u00f3s (ICIQ)<\/p>\n<p dir=\"ltr\">Matem\u00e0tiques: Mari\u00e0 Cano f\u00edsic i professor de matem\u00e0tiques d\u2019ensenyament de secund\u00e0ria<\/p>\n<p dir=\"ltr\">Energia: Lucile Bernadet, Radostin Stefanov, Kosova Kreka i Juan Carlos Gonz\u00e1lez, \u00a0 grup de recerca de Nanoi\u00f2nica i Piles de combustible de l&#8217;Institut de Recerca en Energia de Catalunya (IREC)<\/p>\n<p dir=\"ltr\">En el document adjunt hi trobareu els enlla\u00e7os als 4 v\u00eddeos, els 4 reptes i els horaris de les connexions en directe de les pon\u00e8ncies que es transmetran en directe des del <a href=\"https:\/\/www.youtube.com\/user\/fcrivideo\" target=\"_blank\" rel=\"noopener\" data-saferedirecturl=\"https:\/\/www.google.com\/url?q=https:\/\/www.youtube.com\/user\/fcrivideo&amp;source=gmail&amp;ust=1664259808937000&amp;usg=AOvVaw0RJiAi7LTKDR4H99L54BX0\">canal de Youtube de la FCRI<\/a> el mat\u00ed del dia 16 de novembre.<\/p>\n<p dir=\"ltr\">Aprofitem per falicitar-vos l&#8217;enlla\u00e7 que han d\u2019omplir els centres educatius interessats a participar en l\u2019activitat, abans del 7 d&#8217;octubre.<\/p>\n<p dir=\"ltr\"><a href=\"https:\/\/docs.google.com\/forms\/d\/e\/1FAIpQLSeDssxfBp4IDz0gsa2d_eFhmumXv-jtx7qEiITKgYdQG0bfzg\/viewform?usp=sf_link\" target=\"_blank\" rel=\"noopener\" data-saferedirecturl=\"https:\/\/www.google.com\/url?q=https:\/\/docs.google.com\/forms\/d\/e\/1FAIpQLSeDssxfBp4IDz0gsa2d_eFhmumXv-jtx7qEiITKgYdQG0bfzg\/viewform?usp%3Dsf_link&amp;source=gmail&amp;ust=1664259808938000&amp;usg=AOvVaw0QvevhHRvILTEzrd13tSeS\">Formulari d&#8217;inscripci\u00f3 dels centres\u00a0<\/a><\/p>\n<p dir=\"ltr\">Els centres que ho desitgin podran participar en directe el mateix dia 16 de novembre, podran enviar els reptes i les preguntes als cient\u00edfics per a qu\u00e8 les comentin en directe:<\/p>\n<p dir=\"ltr\">Data l\u00edmit per enviar els reptes i les preguntes: 3 de novembre<\/p>\n<p dir=\"ltr\"><a href=\"https:\/\/docs.google.com\/forms\/d\/e\/1FAIpQLScYfnM3iR5VPoo-YiIh5Wzp7feY3tU1fqd6ornj6RwZWm-URw\/viewform?usp=sf_link\" target=\"_blank\" rel=\"noopener\" data-saferedirecturl=\"https:\/\/www.google.com\/url?q=https:\/\/docs.google.com\/forms\/d\/e\/1FAIpQLScYfnM3iR5VPoo-YiIh5Wzp7feY3tU1fqd6ornj6RwZWm-URw\/viewform?usp%3Dsf_link&amp;source=gmail&amp;ust=1664259808938000&amp;usg=AOvVaw0UI2RJirsU3Y_VW7yfoyaT\">Formulari d\u2019enviament dels reptes i preguntes als cient\u00edfics<\/a><\/p>\n<p dir=\"ltr\">M\u00e9s informaci\u00f3 detallada a<a href=\"http:\/\/www.setmanaciencia.cat\/\" target=\"_blank\" rel=\"noopener\" data-saferedirecturl=\"https:\/\/www.google.com\/url?q=http:\/\/www.setmanaciencia.cat\/&amp;source=gmail&amp;ust=1664259808938000&amp;usg=AOvVaw2GsmZIPuiOZv0ZMh7NIYyt\"> www.setmanaciencia.cat<\/a><\/p>\n","protected":false},"excerpt":{"rendered":"<p>Es celebrar\u00e0 del 12 al 21 de novembre, arreu de Catalunya.<br \/>\nL&#8217;activitat &#8220;La ci\u00e8ncia en primera persona&#8221; que es celebrar\u00e0 el dia 16 de novembre al mat\u00ed s&#8217;emmarca en la Setmana de la Ci\u00e8ncia,\u00a0 amb la finalitat del foment de les vocacions cient\u00edfiques i tecnol\u00f2giques entre&hellip;  <a href=\"https:\/\/serveiseducatius.xtec.cat\/altmaresme\/portada\/27a-edicio-de-la-setmana-de-la-ciencia\/\" title=\"Read 27a edici\u00f3 de la Setmana de la Ci\u00e8ncia\">Llegeix m\u00e9s\u00bb<\/a><\/p>\n","protected":false},"author":1,"featured_media":15915,"comment_status":"open","ping_status":"closed","sticky":false,"template":"","format":"standard","meta":{"_bbp_topic_count":0,"_bbp_reply_count":0,"_bbp_total_topic_count":0,"_bbp_total_reply_count":0,"_bbp_voice_count":0,"_bbp_anonymous_reply_count":0,"_bbp_topic_count_hidden":0,"_bbp_reply_count_hidden":0,"_bbp_forum_subforum_count":0,"footnotes":""},"categories":[1063,1057,29,1045],"tags":[],"class_list":["post-16638","post","type-post","status-publish","format-standard","has-post-thumbnail","hentry","category-premis-i-concursos","category-medi","category-portada","category-secundaria"],"post_mailing_queue_ids":[],"_links":{"self":[{"href":"https:\/\/serveiseducatius.xtec.cat\/altmaresme\/wp-json\/wp\/v2\/posts\/16638","targetHints":{"allow":["GET"]}}],"collection":[{"href":"https:\/\/serveiseducatius.xtec.cat\/altmaresme\/wp-json\/wp\/v2\/posts"}],"about":[{"href":"https:\/\/serveiseducatius.xtec.cat\/altmaresme\/wp-json\/wp\/v2\/types\/post"}],"author":[{"embeddable":true,"href":"https:\/\/serveiseducatius.xtec.cat\/altmaresme\/wp-json\/wp\/v2\/users\/1"}],"replies":[{"embeddable":true,"href":"https:\/\/serveiseducatius.xtec.cat\/altmaresme\/wp-json\/wp\/v2\/comments?post=16638"}],"version-history":[{"count":1,"href":"https:\/\/serveiseducatius.xtec.cat\/altmaresme\/wp-json\/wp\/v2\/posts\/16638\/revisions"}],"predecessor-version":[{"id":16639,"href":"https:\/\/serveiseducatius.xtec.cat\/altmaresme\/wp-json\/wp\/v2\/posts\/16638\/revisions\/16639"}],"wp:featuredmedia":[{"embeddable":true,"href":"https:\/\/serveiseducatius.xtec.cat\/altmaresme\/wp-json\/wp\/v2\/media\/15915"}],"wp:attachment":[{"href":"https:\/\/serveiseducatius.xtec.cat\/altmaresme\/wp-json\/wp\/v2\/media?parent=16638"}],"wp:term":[{"taxonomy":"category","embeddable":true,"href":"https:\/\/serveiseducatius.xtec.cat\/altmaresme\/wp-json\/wp\/v2\/categories?post=16638"},{"taxonomy":"post_tag","embeddable":true,"href":"https:\/\/serveiseducatius.xtec.cat\/altmaresme\/wp-json\/wp\/v2\/tags?post=16638"}],"curies":[{"name":"wp","href":"https:\/\/api.w.org\/{rel}","templated":true}]}}