{"id":16546,"date":"2022-08-30T08:03:18","date_gmt":"2022-08-30T06:03:18","guid":{"rendered":"https:\/\/serveiseducatius.xtec.cat\/altmaresme\/?p=16546"},"modified":"2022-07-23T20:11:46","modified_gmt":"2022-07-23T18:11:46","slug":"recursos-de-socials-vinculats-al-territori","status":"publish","type":"post","link":"https:\/\/serveiseducatius.xtec.cat\/altmaresme\/portada\/recursos-de-socials-vinculats-al-territori\/","title":{"rendered":"Recursos de socials vinculats al territori"},"content":{"rendered":"<p>Us fem arribar uns materials did\u00e0ctics que poden ser d\u2019inter\u00e8s per a les tasques pedag\u00f2giques del professorat prim\u00e0ria i secund\u00e0ria de les \u00e0rees de Ci\u00e8ncies Socials, tamb\u00e9 Llat\u00ed i Filosofia.<\/p>\n<p>Els comparteix el professor jubilat, Sr. Josep Maria Rovira Juan.<\/p>\n<p><a href=\"http:\/\/www.cabrerademarpatrimoni.cat\/\" data-saferedirecturl=\"https:\/\/www.google.com\/url?q=http:\/\/www.cabrerademarpatrimoni.cat\/&amp;source=gmail&amp;ust=1658685630598000&amp;usg=AOvVaw2pImNqyEUewb-SJ_cGCmsh\">www.cabrerademarpatrimoni.cat<\/a> (Web did\u00e0ctica Arqueologia i Patrimoni)<\/p>\n<p>i els documentals:<\/p>\n<p><a href=\"https:\/\/youtu.be\/8q_DlnGvnQE\" data-saferedirecturl=\"https:\/\/www.google.com\/url?q=https:\/\/youtu.be\/8q_DlnGvnQE&amp;source=gmail&amp;ust=1658685630598000&amp;usg=AOvVaw383ZLE7OG0r_Z9NBoGs0YC\">https:\/\/youtu.be\/8q_DlnGvnQE<\/a> El poblat ib\u00e8ric de Burriac<\/p>\n<p><a href=\"https:\/\/youtu.be\/rrr-FKSJ_Os\" data-saferedirecturl=\"https:\/\/www.google.com\/url?q=https:\/\/youtu.be\/rrr-FKSJ_Os&amp;source=gmail&amp;ust=1658685630598000&amp;usg=AOvVaw04ZZjtVi7r4ZUS4OHfkkW3\">https:\/\/youtu.be\/rrr-FKSJ_Os<\/a> Les necr\u00f2polis d\u2019<em>Ilturo<\/em><\/p>\n<p><a href=\"https:\/\/youtu.be\/_Qvwu4ZDNns\" data-saferedirecturl=\"https:\/\/www.google.com\/url?q=https:\/\/youtu.be\/_Qvwu4ZDNns&amp;source=gmail&amp;ust=1658685630598000&amp;usg=AOvVaw3VT6Az8YZuSVEjg8reCasY\">https:\/\/youtu.be\/_Qvwu4ZDNns <\/a>Els banys o termes romanes d\u2019Ilturo<\/p>\n<p><a href=\"https:\/\/youtu.be\/Tc5yzJSv1VY\" data-saferedirecturl=\"https:\/\/www.google.com\/url?q=https:\/\/youtu.be\/Tc5yzJSv1VY&amp;source=gmail&amp;ust=1658685630598000&amp;usg=AOvVaw2V4Sp21lXgt1wwDiIZyhCJ\">https:\/\/youtu.be\/Tc5yzJSv1VY<\/a> El forn d\u2019\u00e0mfores de ca l\u2019Arnau<\/p>\n<p><a href=\"https:\/\/youtu.be\/kk8Nu4JFw2U\" data-saferedirecturl=\"https:\/\/www.google.com\/url?q=https:\/\/youtu.be\/kk8Nu4JFw2U&amp;source=gmail&amp;ust=1658685630598000&amp;usg=AOvVaw3B4m-v_qWHmtXhF0wCc3oc\">https:\/\/youtu.be\/kk8Nu4JFw2U<\/a> El castell de Burriac<\/p>\n<p><a href=\"https:\/\/youtu.be\/1HLIAVS946s\" data-saferedirecturl=\"https:\/\/www.google.com\/url?q=https:\/\/youtu.be\/1HLIAVS946s&amp;source=gmail&amp;ust=1658685630598000&amp;usg=AOvVaw2qXXcBQbcgRUaza3Iyywnq\">https:\/\/youtu.be\/1HLIAVS946s<\/a> El celler de can Bartomeu<\/p>\n","protected":false},"excerpt":{"rendered":"<p>Us fem arribar uns materials did\u00e0ctics que poden ser d\u2019inter\u00e8s per a les tasques pedag\u00f2giques del professorat prim\u00e0ria i secund\u00e0ria de les \u00e0rees de Ci\u00e8ncies Socials, tamb\u00e9 Llat\u00ed i Filosofia.<br \/>\nEls comparteix el professor jubilat, Sr. Josep Maria Rovira Juan.<br \/>\n<a href=\"http:\/\/www.cabrerademarpatrimoni.cat\/\" data-saferedirecturl=\"https:\/\/www.google.com\/url?q=http:\/\/www.cabrerademarpatrimoni.cat\/&amp;source=gmail&amp;ust=1658685630598000&amp;usg=AOvVaw2pImNqyEUewb-SJ_cGCmsh\">www.cabrerademarpatrimoni.cat<\/a> (Web did\u00e0ctica Arqueologia i&hellip;  <a href=\"https:\/\/serveiseducatius.xtec.cat\/altmaresme\/portada\/recursos-de-socials-vinculats-al-territori\/\" title=\"Read Recursos de socials vinculats al territori\">Llegeix m\u00e9s\u00bb<\/a><\/p>\n","protected":false},"author":1,"featured_media":16547,"comment_status":"open","ping_status":"closed","sticky":false,"template":"","format":"standard","meta":{"_bbp_topic_count":0,"_bbp_reply_count":0,"_bbp_total_topic_count":0,"_bbp_total_reply_count":0,"_bbp_voice_count":0,"_bbp_anonymous_reply_count":0,"_bbp_topic_count_hidden":0,"_bbp_reply_count_hidden":0,"_bbp_forum_subforum_count":0,"footnotes":""},"categories":[1057,29,1046,1045],"tags":[],"class_list":["post-16546","post","type-post","status-publish","format-standard","has-post-thumbnail","hentry","category-medi","category-portada","category-primaria","category-secundaria"],"post_mailing_queue_ids":[],"_links":{"self":[{"href":"https:\/\/serveiseducatius.xtec.cat\/altmaresme\/wp-json\/wp\/v2\/posts\/16546","targetHints":{"allow":["GET"]}}],"collection":[{"href":"https:\/\/serveiseducatius.xtec.cat\/altmaresme\/wp-json\/wp\/v2\/posts"}],"about":[{"href":"https:\/\/serveiseducatius.xtec.cat\/altmaresme\/wp-json\/wp\/v2\/types\/post"}],"author":[{"embeddable":true,"href":"https:\/\/serveiseducatius.xtec.cat\/altmaresme\/wp-json\/wp\/v2\/users\/1"}],"replies":[{"embeddable":true,"href":"https:\/\/serveiseducatius.xtec.cat\/altmaresme\/wp-json\/wp\/v2\/comments?post=16546"}],"version-history":[{"count":1,"href":"https:\/\/serveiseducatius.xtec.cat\/altmaresme\/wp-json\/wp\/v2\/posts\/16546\/revisions"}],"predecessor-version":[{"id":16548,"href":"https:\/\/serveiseducatius.xtec.cat\/altmaresme\/wp-json\/wp\/v2\/posts\/16546\/revisions\/16548"}],"wp:featuredmedia":[{"embeddable":true,"href":"https:\/\/serveiseducatius.xtec.cat\/altmaresme\/wp-json\/wp\/v2\/media\/16547"}],"wp:attachment":[{"href":"https:\/\/serveiseducatius.xtec.cat\/altmaresme\/wp-json\/wp\/v2\/media?parent=16546"}],"wp:term":[{"taxonomy":"category","embeddable":true,"href":"https:\/\/serveiseducatius.xtec.cat\/altmaresme\/wp-json\/wp\/v2\/categories?post=16546"},{"taxonomy":"post_tag","embeddable":true,"href":"https:\/\/serveiseducatius.xtec.cat\/altmaresme\/wp-json\/wp\/v2\/tags?post=16546"}],"curies":[{"name":"wp","href":"https:\/\/api.w.org\/{rel}","templated":true}]}}