{"id":16529,"date":"2022-07-04T08:52:50","date_gmt":"2022-07-04T06:52:50","guid":{"rendered":"https:\/\/serveiseducatius.xtec.cat\/altmaresme\/?p=16529"},"modified":"2022-07-04T19:56:01","modified_gmt":"2022-07-04T17:56:01","slug":"ecentres-laplicacio-per-atendre-digitalment-la-ciutadania","status":"publish","type":"post","link":"https:\/\/serveiseducatius.xtec.cat\/altmaresme\/portada\/ecentres-laplicacio-per-atendre-digitalment-la-ciutadania\/","title":{"rendered":"eCentres, l&#8217;aplicaci\u00f3 per atendre digitalment la ciutadania"},"content":{"rendered":"<p>Us informem que els centres educatius p\u00fablics\u00a0ja podeu accedir a la nova aplicaci\u00f3 &#8220;eCENTRES&#8221;\u00a0 que us permetr\u00e0\u00a0l\u2019\u00fas de les eines d\u2019administraci\u00f3 electr\u00f2nica digitalitzaci\u00f3 segura, eC\u00f2pia i, pr\u00f2ximament, eNotum.<\/p>\n<p>En\u00a0<a href=\"https:\/\/eur03.safelinks.protection.outlook.com\/?url=https%3A%2F%2Fwww.youtube.com%2Fwatch%3Fv%3Dz3WVBYQsnk4&amp;data=05%7C01%7Csecretaria_mvo.educacio%40gencat.cat%7C167ce51931af4c2ac70308da4927c0d3%7C3b9427dcd30e43bc8c06ff7253676fec%7C1%7C0%7C637902732328305206%7CUnknown%7CTWFpbGZsb3d8eyJWIjoiMC4wLjAwMDAiLCJQIjoiV2luMzIiLCJBTiI6Ik1haWwiLCJXVCI6Mn0%3D%7C3000%7C%7C%7C&amp;sdata=27FyjJM69GKlXi5eCWU2p%2B3heYugZl%2FyZFnq5GNQhzI%3D&amp;reserved=0\" data-saferedirecturl=\"https:\/\/www.google.com\/url?q=https:\/\/eur03.safelinks.protection.outlook.com\/?url%3Dhttps%253A%252F%252Fwww.youtube.com%252Fwatch%253Fv%253Dz3WVBYQsnk4%26data%3D05%257C01%257Csecretaria_mvo.educacio%2540gencat.cat%257C167ce51931af4c2ac70308da4927c0d3%257C3b9427dcd30e43bc8c06ff7253676fec%257C1%257C0%257C637902732328305206%257CUnknown%257CTWFpbGZsb3d8eyJWIjoiMC4wLjAwMDAiLCJQIjoiV2luMzIiLCJBTiI6Ik1haWwiLCJXVCI6Mn0%253D%257C3000%257C%257C%257C%26sdata%3D27FyjJM69GKlXi5eCWU2p%252B3heYugZl%252FyZFnq5GNQhzI%253D%26reserved%3D0&amp;source=gmail&amp;ust=1657043271213000&amp;usg=AOvVaw2OWohUZcHzAudIuOMAnbEI\">aquest v\u00eddeo<\/a>\u00a0de presentaci\u00f3 d&#8217;eCENTRES, podeu veure les principals caracter\u00edstiques de la nova aplicaci\u00f3.<\/p>\n<p>Aix\u00ed mateix, des del Gabinet T\u00e8cnic, s&#8217;ha preparat el seg\u00fcent material de suport\u00a0 per facilitar la gesti\u00f3 del canvi als usuaris de l&#8217;aplicaci\u00f3.<\/p>\n<ul>\n<li><a href=\"https:\/\/eur03.safelinks.protection.outlook.com\/?url=https%3A%2F%2Fodissea.xtec.cat%2Fcourse%2Fview.php%3Fid%3D114968&amp;data=05%7C01%7Csecretaria_mvo.educacio%40gencat.cat%7C167ce51931af4c2ac70308da4927c0d3%7C3b9427dcd30e43bc8c06ff7253676fec%7C1%7C0%7C637902732328305206%7CUnknown%7CTWFpbGZsb3d8eyJWIjoiMC4wLjAwMDAiLCJQIjoiV2luMzIiLCJBTiI6Ik1haWwiLCJXVCI6Mn0%3D%7C3000%7C%7C%7C&amp;sdata=CfN79I%2F2MX3WWSgYrcvIGEYz3N1gdxRSLIFsjlhSpdY%3D&amp;reserved=0\" data-saferedirecturl=\"https:\/\/www.google.com\/url?q=https:\/\/eur03.safelinks.protection.outlook.com\/?url%3Dhttps%253A%252F%252Fodissea.xtec.cat%252Fcourse%252Fview.php%253Fid%253D114968%26data%3D05%257C01%257Csecretaria_mvo.educacio%2540gencat.cat%257C167ce51931af4c2ac70308da4927c0d3%257C3b9427dcd30e43bc8c06ff7253676fec%257C1%257C0%257C637902732328305206%257CUnknown%257CTWFpbGZsb3d8eyJWIjoiMC4wLjAwMDAiLCJQIjoiV2luMzIiLCJBTiI6Ik1haWwiLCJXVCI6Mn0%253D%257C3000%257C%257C%257C%26sdata%3DCfN79I%252F2MX3WWSgYrcvIGEYz3N1gdxRSLIFsjlhSpdY%253D%26reserved%3D0&amp;source=gmail&amp;ust=1657043271213000&amp;usg=AOvVaw3J1X_-cH4dRwgemsYV8zdA\">Curs d&#8217;autoaprenetatge en la plataforma odissea:<\/a>\u00a0En aquest curs els usuaris de l&#8217;aplicaci\u00f3 podran aprendre tant l&#8217;\u00fas t\u00e8cnic com les principals funcionalitats, amb el suport de videotutorials, un document de preguntes m\u00e9s freq\u00fcents, material te\u00f2ric i un q\u00fcestionari per repassar conceptes. El curs est\u00e0 obert a tots els usuaris i no \u00e9s necessari sol\u00b7licitar la inscripci\u00f3. \u00c9s recomanable fer el curs abans d&#8217;utilitzar l&#8217;aplicaci\u00f3.<\/li>\n<li>Informaci\u00f3 actualitzada sobre la nova plataforma al nou espai d&#8217;Administraci\u00f3 Digital del Portal de Centre.<\/li>\n<li>Suport t\u00e8cnic i funcional a trav\u00e9s del SAU.<\/li>\n<\/ul>\n<p>La gesti\u00f3 d&#8217;usuaris es far\u00e0 a trav\u00e9s del GUAC, el\/la director\/a del centre educatiu gestionar\u00e0 els permisos d\u2019acc\u00e9s a l&#8217;equip directiu i al personal PAS.<\/p>\n","protected":false},"excerpt":{"rendered":"<p>Us informem que els centres educatius p\u00fablics\u00a0ja podeu accedir a la nova aplicaci\u00f3 &#8220;eCENTRES&#8221;\u00a0 que us permetr\u00e0\u00a0l\u2019\u00fas de les eines d\u2019administraci\u00f3 electr\u00f2nica digitalitzaci\u00f3 segura, eC\u00f2pia i, pr\u00f2ximament, eNotum.<br \/>\nEn\u00a0<a href=\"https:\/\/eur03.safelinks.protection.outlook.com\/?url=https%3A%2F%2Fwww.youtube.com%2Fwatch%3Fv%3Dz3WVBYQsnk4&amp;data=05%7C01%7Csecretaria_mvo.educacio%40gencat.cat%7C167ce51931af4c2ac70308da4927c0d3%7C3b9427dcd30e43bc8c06ff7253676fec%7C1%7C0%7C637902732328305206%7CUnknown%7CTWFpbGZsb3d8eyJWIjoiMC4wLjAwMDAiLCJQIjoiV2luMzIiLCJBTiI6Ik1haWwiLCJXVCI6Mn0%3D%7C3000%7C%7C%7C&amp;sdata=27FyjJM69GKlXi5eCWU2p%2B3heYugZl%2FyZFnq5GNQhzI%3D&amp;reserved=0\" data-saferedirecturl=\"https:\/\/www.google.com\/url?q=https:\/\/eur03.safelinks.protection.outlook.com\/?url%3Dhttps%253A%252F%252Fwww.youtube.com%252Fwatch%253Fv%253Dz3WVBYQsnk4%26data%3D05%257C01%257Csecretaria_mvo.educacio%2540gencat.cat%257C167ce51931af4c2ac70308da4927c0d3%257C3b9427dcd30e43bc8c06ff7253676fec%257C1%257C0%257C637902732328305206%257CUnknown%257CTWFpbGZsb3d8eyJWIjoiMC4wLjAwMDAiLCJQIjoiV2luMzIiLCJBTiI6Ik1haWwiLCJXVCI6Mn0%253D%257C3000%257C%257C%257C%26sdata%3D27FyjJM69GKlXi5eCWU2p%252B3heYugZl%252FyZFnq5GNQhzI%253D%26reserved%3D0&amp;source=gmail&amp;ust=1657043271213000&amp;usg=AOvVaw2OWohUZcHzAudIuOMAnbEI\">aquest v\u00eddeo<\/a>\u00a0de presentaci\u00f3 d&#8217;eCENTRES, podeu veure les principals caracter\u00edstiques de la nova aplicaci\u00f3.<br \/>\nAix\u00ed mateix, des del&hellip;  <a href=\"https:\/\/serveiseducatius.xtec.cat\/altmaresme\/portada\/ecentres-laplicacio-per-atendre-digitalment-la-ciutadania\/\" title=\"Read eCentres, l&#8217;aplicaci\u00f3 per atendre digitalment la ciutadania\">Llegeix m\u00e9s\u00bb<\/a><\/p>\n","protected":false},"author":1,"featured_media":8630,"comment_status":"open","ping_status":"closed","sticky":false,"template":"","format":"standard","meta":{"_bbp_topic_count":0,"_bbp_reply_count":0,"_bbp_total_topic_count":0,"_bbp_total_reply_count":0,"_bbp_voice_count":0,"_bbp_anonymous_reply_count":0,"_bbp_topic_count_hidden":0,"_bbp_reply_count_hidden":0,"_bbp_forum_subforum_count":0,"footnotes":""},"categories":[1068,29,1046,1045],"tags":[],"class_list":["post-16529","post","type-post","status-publish","format-standard","has-post-thumbnail","hentry","category-gestio-de-centres","category-portada","category-primaria","category-secundaria"],"post_mailing_queue_ids":[],"_links":{"self":[{"href":"https:\/\/serveiseducatius.xtec.cat\/altmaresme\/wp-json\/wp\/v2\/posts\/16529","targetHints":{"allow":["GET"]}}],"collection":[{"href":"https:\/\/serveiseducatius.xtec.cat\/altmaresme\/wp-json\/wp\/v2\/posts"}],"about":[{"href":"https:\/\/serveiseducatius.xtec.cat\/altmaresme\/wp-json\/wp\/v2\/types\/post"}],"author":[{"embeddable":true,"href":"https:\/\/serveiseducatius.xtec.cat\/altmaresme\/wp-json\/wp\/v2\/users\/1"}],"replies":[{"embeddable":true,"href":"https:\/\/serveiseducatius.xtec.cat\/altmaresme\/wp-json\/wp\/v2\/comments?post=16529"}],"version-history":[{"count":1,"href":"https:\/\/serveiseducatius.xtec.cat\/altmaresme\/wp-json\/wp\/v2\/posts\/16529\/revisions"}],"predecessor-version":[{"id":16530,"href":"https:\/\/serveiseducatius.xtec.cat\/altmaresme\/wp-json\/wp\/v2\/posts\/16529\/revisions\/16530"}],"wp:featuredmedia":[{"embeddable":true,"href":"https:\/\/serveiseducatius.xtec.cat\/altmaresme\/wp-json\/wp\/v2\/media\/8630"}],"wp:attachment":[{"href":"https:\/\/serveiseducatius.xtec.cat\/altmaresme\/wp-json\/wp\/v2\/media?parent=16529"}],"wp:term":[{"taxonomy":"category","embeddable":true,"href":"https:\/\/serveiseducatius.xtec.cat\/altmaresme\/wp-json\/wp\/v2\/categories?post=16529"},{"taxonomy":"post_tag","embeddable":true,"href":"https:\/\/serveiseducatius.xtec.cat\/altmaresme\/wp-json\/wp\/v2\/tags?post=16529"}],"curies":[{"name":"wp","href":"https:\/\/api.w.org\/{rel}","templated":true}]}}