{"id":16526,"date":"2022-06-30T09:07:54","date_gmt":"2022-06-30T07:07:54","guid":{"rendered":"https:\/\/serveiseducatius.xtec.cat\/altmaresme\/?p=16526"},"modified":"2022-06-30T09:07:54","modified_gmt":"2022-06-30T07:07:54","slug":"xiii-premi-per-a-la-diversitat-en-laudiovisual","status":"publish","type":"post","link":"https:\/\/serveiseducatius.xtec.cat\/altmaresme\/portada\/xiii-premi-per-a-la-diversitat-en-laudiovisual\/","title":{"rendered":"XIII Premi per a la Diversitat en l\u2019Audiovisual"},"content":{"rendered":"<p><a href=\"https:\/\/projectes.xtec.cat\/secrp\/wp-content\/uploads\/usu2432\/2022\/06\/premi.png\"><img loading=\"lazy\" decoding=\"async\" class=\" wp-image-11322 alignleft\" src=\"https:\/\/projectes.xtec.cat\/secrp\/wp-content\/uploads\/usu2432\/2022\/06\/premi.png\" sizes=\"auto, (max-width: 288px) 100vw, 288px\" srcset=\"https:\/\/projectes.xtec.cat\/secrp\/wp-content\/uploads\/usu2432\/2022\/06\/premi.png 564w, https:\/\/projectes.xtec.cat\/secrp\/wp-content\/uploads\/usu2432\/2022\/06\/premi-300x172.png 300w\" alt=\"\" width=\"288\" height=\"165\" \/><\/a>La\u00a0<b><i>Mesa per a la Diversitat en l\u2019Audiovisual\u00a0<\/i><\/b>convoca el\u00a0XIII Premi per a la Diversitat en l\u2019Audiovisual\u00a0amb l\u2019objectiu de promoure una millor representaci\u00f3 de la diversitat etnocultural en els mitjans audiovisuals de Catalunya.<\/p>\n<p>Es valoraran les bones pr\u00e0ctiques en el tractament de la diversitat cultural i les migracions, entesa com la representaci\u00f3 i participaci\u00f3 normalitzada de persones d\u2019or\u00edgens i contextos culturals diversos, aix\u00ed com sobre els processos migratoris en els mitjans de comunicaci\u00f3.<\/p>\n<p>Les categories espec\u00edfiques s\u00f3n:<\/p>\n<ul>\n<li><b>Categoria A<\/b>. Programa de televisi\u00f3<\/li>\n<li><b>Categoria B<\/b>. Programa de r\u00e0dio<\/li>\n<li><b>Categoria C<\/b>. Producci\u00f3 audiovisual<\/li>\n<li><b>Categoria D<\/b>.\u00a0Produccions podcast<\/li>\n<li><b>Categoria E<\/b>. Webs i xarxes socials<\/li>\n<li><b>Categoria F<\/b>. Traject\u00f2ria de les persones pel foment de la diversitat en l\u2019\u00e0mbit de la comunicaci\u00f3 audiovisual<\/li>\n<li><b>Categoria G<\/b>. Traject\u00f2ria d\u2019entitats, dels mitjans i\/o dels programes de televisi\u00f3 i r\u00e0dio pel foment de la diversitat en l\u2019\u00e0mbit de la comunicaci\u00f3 audiovisual<\/li>\n<\/ul>\n<p>El termini de presentaci\u00f3 de sol\u00b7licituds finalitza\u00a0<b><i>el 20 de setembre de 2022,\u00a0<\/i><\/b>cal presentar una sol\u00b7licitud per cadascun dels materials.<\/p>\n<p><a href=\"https:\/\/eur03.safelinks.protection.outlook.com\/?url=https%3A%2F%2Fwww.mesadiversitat.cat%2Fsites%2Fdefault%2Ffiles%2F2022-06%2FBases%2520XIII%2520Premi%2520MDA%25202021_cat_def_1.pdf&amp;data=05%7C01%7Cjesus.moral%40gencat.cat%7C8bbc711ea6434c5aeaa708da580cfbc7%7C3b9427dcd30e43bc8c06ff7253676fec%7C1%7C0%7C637919110027813391%7CUnknown%7CTWFpbGZsb3d8eyJWIjoiMC4wLjAwMDAiLCJQIjoiV2luMzIiLCJBTiI6Ik1haWwiLCJXVCI6Mn0%3D%7C3000%7C%7C%7C&amp;sdata=qhVdV5XUW2Q%2FNww0T7I7MOABNQ0YRmB2jS9PZ6voi6I%3D&amp;reserved=0\">Bases i requisits<\/a><\/p>\n<p><a href=\"https:\/\/eur03.safelinks.protection.outlook.com\/?url=https%3A%2F%2Fwww.mesadiversitat.cat%2Fsites%2Fdefault%2Ffiles%2F2022-06%2FSollicitud%2520XIII%2520Premi%2520MDA%25202021_2.pdf&amp;data=05%7C01%7Cjesus.moral%40gencat.cat%7C8bbc711ea6434c5aeaa708da580cfbc7%7C3b9427dcd30e43bc8c06ff7253676fec%7C1%7C0%7C637919110027813391%7CUnknown%7CTWFpbGZsb3d8eyJWIjoiMC4wLjAwMDAiLCJQIjoiV2luMzIiLCJBTiI6Ik1haWwiLCJXVCI6Mn0%3D%7C3000%7C%7C%7C&amp;sdata=JOG893Gy7mFMTtSeP68OHG94Ir7JqBmvOrpF7wdmSa8%3D&amp;reserved=0\">Sol\u00b7licitud<\/a><\/p>\n<p>Trobareu tota la informaci\u00f3 detallada a:\u00a0<b><i>\u00a0<\/i><\/b><a href=\"http:\/\/www.mesadiversitat.cat\/\" target=\"_blank\" rel=\"noopener\">www.mesadiversitat.cat<\/a><\/p>\n","protected":false},"excerpt":{"rendered":"<p><a href=\"https:\/\/projectes.xtec.cat\/secrp\/wp-content\/uploads\/usu2432\/2022\/06\/premi.png\"><\/a>La\u00a0Mesa per a la Diversitat en l\u2019Audiovisual\u00a0convoca el\u00a0XIII Premi per a la Diversitat en l\u2019Audiovisual\u00a0amb l\u2019objectiu de promoure una millor representaci\u00f3 de la diversitat etnocultural en els mitjans audiovisuals de Catalunya.<br \/>\nEs valoraran les bones pr\u00e0ctiques en el tractament de la diversitat cultural i les&hellip;  <a href=\"https:\/\/serveiseducatius.xtec.cat\/altmaresme\/portada\/xiii-premi-per-a-la-diversitat-en-laudiovisual\/\" title=\"Read XIII Premi per a la Diversitat en l\u2019Audiovisual\">Llegeix m\u00e9s\u00bb<\/a><\/p>\n","protected":false},"author":1,"featured_media":16527,"comment_status":"open","ping_status":"closed","sticky":false,"template":"","format":"standard","meta":{"_bbp_topic_count":0,"_bbp_reply_count":0,"_bbp_total_topic_count":0,"_bbp_total_reply_count":0,"_bbp_voice_count":0,"_bbp_anonymous_reply_count":0,"_bbp_topic_count_hidden":0,"_bbp_reply_count_hidden":0,"_bbp_forum_subforum_count":0,"footnotes":""},"categories":[29,1046,1045],"tags":[],"class_list":["post-16526","post","type-post","status-publish","format-standard","has-post-thumbnail","hentry","category-portada","category-primaria","category-secundaria"],"post_mailing_queue_ids":[],"_links":{"self":[{"href":"https:\/\/serveiseducatius.xtec.cat\/altmaresme\/wp-json\/wp\/v2\/posts\/16526","targetHints":{"allow":["GET"]}}],"collection":[{"href":"https:\/\/serveiseducatius.xtec.cat\/altmaresme\/wp-json\/wp\/v2\/posts"}],"about":[{"href":"https:\/\/serveiseducatius.xtec.cat\/altmaresme\/wp-json\/wp\/v2\/types\/post"}],"author":[{"embeddable":true,"href":"https:\/\/serveiseducatius.xtec.cat\/altmaresme\/wp-json\/wp\/v2\/users\/1"}],"replies":[{"embeddable":true,"href":"https:\/\/serveiseducatius.xtec.cat\/altmaresme\/wp-json\/wp\/v2\/comments?post=16526"}],"version-history":[{"count":1,"href":"https:\/\/serveiseducatius.xtec.cat\/altmaresme\/wp-json\/wp\/v2\/posts\/16526\/revisions"}],"predecessor-version":[{"id":16528,"href":"https:\/\/serveiseducatius.xtec.cat\/altmaresme\/wp-json\/wp\/v2\/posts\/16526\/revisions\/16528"}],"wp:featuredmedia":[{"embeddable":true,"href":"https:\/\/serveiseducatius.xtec.cat\/altmaresme\/wp-json\/wp\/v2\/media\/16527"}],"wp:attachment":[{"href":"https:\/\/serveiseducatius.xtec.cat\/altmaresme\/wp-json\/wp\/v2\/media?parent=16526"}],"wp:term":[{"taxonomy":"category","embeddable":true,"href":"https:\/\/serveiseducatius.xtec.cat\/altmaresme\/wp-json\/wp\/v2\/categories?post=16526"},{"taxonomy":"post_tag","embeddable":true,"href":"https:\/\/serveiseducatius.xtec.cat\/altmaresme\/wp-json\/wp\/v2\/tags?post=16526"}],"curies":[{"name":"wp","href":"https:\/\/api.w.org\/{rel}","templated":true}]}}