{"id":16461,"date":"2022-06-03T10:53:45","date_gmt":"2022-06-03T08:53:45","guid":{"rendered":"https:\/\/serveiseducatius.xtec.cat\/altmaresme\/?p=16461"},"modified":"2022-06-03T10:53:45","modified_gmt":"2022-06-03T08:53:45","slug":"els-grup-de-treball-com-a-espai-delaboracio-de-propostes-didactiques","status":"publish","type":"post","link":"https:\/\/serveiseducatius.xtec.cat\/altmaresme\/portada\/els-grup-de-treball-com-a-espai-delaboracio-de-propostes-didactiques\/","title":{"rendered":"Els grup de treball com a espai d&#8217;elaboraci\u00f3 de propostes did\u00e0ctiques"},"content":{"rendered":"<p>El grup d&#8217;especialistes d&#8217;educaci\u00f3 f\u00edsica de secund\u00e0ria culmina la tasca d&#8217;aquest curs amb una trobada d&#8217;esports alternatius intercentres a Sant Pol de Mar. En Juanra S\u00faarez, coordinador del grup de treball, ho explica amb tot detall al seg\u00fcent article.<\/p>\n<p><a href=\"https:\/\/serveiseducatius.xtec.cat\/altmaresme\/wp-content\/uploads\/usu1140\/2022\/06\/Trobada-esports-SEC-1.jpg\"><img loading=\"lazy\" decoding=\"async\" class=\"alignnone size-large wp-image-16463\" src=\"https:\/\/serveiseducatius.xtec.cat\/altmaresme\/wp-content\/uploads\/usu1140\/2022\/06\/Trobada-esports-SEC-1-1024x217.jpg\" alt=\"\" width=\"1024\" height=\"217\" srcset=\"https:\/\/serveiseducatius.xtec.cat\/altmaresme\/wp-content\/uploads\/usu1140\/2022\/06\/Trobada-esports-SEC-1-1024x217.jpg 1024w, https:\/\/serveiseducatius.xtec.cat\/altmaresme\/wp-content\/uploads\/usu1140\/2022\/06\/Trobada-esports-SEC-1-300x64.jpg 300w, https:\/\/serveiseducatius.xtec.cat\/altmaresme\/wp-content\/uploads\/usu1140\/2022\/06\/Trobada-esports-SEC-1-768x163.jpg 768w, https:\/\/serveiseducatius.xtec.cat\/altmaresme\/wp-content\/uploads\/usu1140\/2022\/06\/Trobada-esports-SEC-1.jpg 1098w\" sizes=\"auto, (max-width: 1024px) 100vw, 1024px\" \/><\/a><\/p>\n<p>&nbsp;<\/p>\n<p><a href=\"https:\/\/serveiseducatius.xtec.cat\/altmaresme\/wp-content\/uploads\/usu1140\/2022\/06\/Trobada-esports-SEC.jpg\"><img loading=\"lazy\" decoding=\"async\" class=\"alignnone size-large wp-image-16462\" src=\"https:\/\/serveiseducatius.xtec.cat\/altmaresme\/wp-content\/uploads\/usu1140\/2022\/06\/Trobada-esports-SEC-881x1024.jpg\" alt=\"\" width=\"881\" height=\"1024\" srcset=\"https:\/\/serveiseducatius.xtec.cat\/altmaresme\/wp-content\/uploads\/usu1140\/2022\/06\/Trobada-esports-SEC-881x1024.jpg 881w, https:\/\/serveiseducatius.xtec.cat\/altmaresme\/wp-content\/uploads\/usu1140\/2022\/06\/Trobada-esports-SEC-258x300.jpg 258w, https:\/\/serveiseducatius.xtec.cat\/altmaresme\/wp-content\/uploads\/usu1140\/2022\/06\/Trobada-esports-SEC-768x893.jpg 768w, https:\/\/serveiseducatius.xtec.cat\/altmaresme\/wp-content\/uploads\/usu1140\/2022\/06\/Trobada-esports-SEC.jpg 1061w\" sizes=\"auto, (max-width: 881px) 100vw, 881px\" \/><\/a><\/p>\n<p><span style=\"font-weight: 400;\">Els grups de treball tenen com a prop\u00f2sit alguna o diverses de les seg\u00fcents finalitats:<\/span><\/p>\n<ul>\n<li><span style=\"font-weight: 400;\">Millorar les compet\u00e8ncies professionals del professorat.<\/span><\/li>\n<li><span style=\"font-weight: 400;\">Promoure la incorporaci\u00f3 de canvis metodol\u00f2gics i pr\u00e0ctiques innovadores.<\/span><\/li>\n<li><span style=\"font-weight: 400;\">Promoure la recerca en l\u2019\u00e0mbit de l\u2019educaci\u00f3.<\/span><\/li>\n<li><span style=\"font-weight: 400;\">Afavorir la interacci\u00f3 dels professionals de l\u2019educaci\u00f3 amb altres professionals vinculats a l\u2019\u00e0mbit educatiu i universitari.<\/span><\/li>\n<li><span style=\"font-weight: 400;\">Elaborar i difondre propostes educatives i formatives.<\/span><\/li>\n<\/ul>\n","protected":false},"excerpt":{"rendered":"<p>El grup d&#8217;especialistes d&#8217;educaci\u00f3 f\u00edsica de secund\u00e0ria culmina la tasca d&#8217;aquest curs amb una trobada d&#8217;esports alternatius intercentres a Sant Pol de Mar. En Juanra S\u00faarez, coordinador del grup de treball, ho explica amb tot detall al seg\u00fcent article.<br \/>\n<a href=\"https:\/\/serveiseducatius.xtec.cat\/altmaresme\/wp-content\/uploads\/usu1140\/2022\/06\/Trobada-esports-SEC-1.jpg\"><\/a><br \/>\n&nbsp;<br \/>\n<a href=\"https:\/\/serveiseducatius.xtec.cat\/altmaresme\/wp-content\/uploads\/usu1140\/2022\/06\/Trobada-esports-SEC.jpg\"><\/a><br \/>\nEls grups de treball tenen&hellip;  <a href=\"https:\/\/serveiseducatius.xtec.cat\/altmaresme\/portada\/els-grup-de-treball-com-a-espai-delaboracio-de-propostes-didactiques\/\" title=\"Read Els grup de treball com a espai d&#8217;elaboraci\u00f3 de propostes did\u00e0ctiques\">Llegeix m\u00e9s\u00bb<\/a><\/p>\n","protected":false},"author":137,"featured_media":16464,"comment_status":"open","ping_status":"closed","sticky":false,"template":"","format":"standard","meta":{"_bbp_topic_count":0,"_bbp_reply_count":0,"_bbp_total_topic_count":0,"_bbp_total_reply_count":0,"_bbp_voice_count":0,"_bbp_anonymous_reply_count":0,"_bbp_topic_count_hidden":0,"_bbp_reply_count_hidden":0,"_bbp_forum_subforum_count":0,"footnotes":""},"categories":[1051,29,1045],"tags":[],"class_list":["post-16461","post","type-post","status-publish","format-standard","has-post-thumbnail","hentry","category-formacio","category-portada","category-secundaria"],"post_mailing_queue_ids":[],"_links":{"self":[{"href":"https:\/\/serveiseducatius.xtec.cat\/altmaresme\/wp-json\/wp\/v2\/posts\/16461","targetHints":{"allow":["GET"]}}],"collection":[{"href":"https:\/\/serveiseducatius.xtec.cat\/altmaresme\/wp-json\/wp\/v2\/posts"}],"about":[{"href":"https:\/\/serveiseducatius.xtec.cat\/altmaresme\/wp-json\/wp\/v2\/types\/post"}],"author":[{"embeddable":true,"href":"https:\/\/serveiseducatius.xtec.cat\/altmaresme\/wp-json\/wp\/v2\/users\/137"}],"replies":[{"embeddable":true,"href":"https:\/\/serveiseducatius.xtec.cat\/altmaresme\/wp-json\/wp\/v2\/comments?post=16461"}],"version-history":[{"count":1,"href":"https:\/\/serveiseducatius.xtec.cat\/altmaresme\/wp-json\/wp\/v2\/posts\/16461\/revisions"}],"predecessor-version":[{"id":16465,"href":"https:\/\/serveiseducatius.xtec.cat\/altmaresme\/wp-json\/wp\/v2\/posts\/16461\/revisions\/16465"}],"wp:featuredmedia":[{"embeddable":true,"href":"https:\/\/serveiseducatius.xtec.cat\/altmaresme\/wp-json\/wp\/v2\/media\/16464"}],"wp:attachment":[{"href":"https:\/\/serveiseducatius.xtec.cat\/altmaresme\/wp-json\/wp\/v2\/media?parent=16461"}],"wp:term":[{"taxonomy":"category","embeddable":true,"href":"https:\/\/serveiseducatius.xtec.cat\/altmaresme\/wp-json\/wp\/v2\/categories?post=16461"},{"taxonomy":"post_tag","embeddable":true,"href":"https:\/\/serveiseducatius.xtec.cat\/altmaresme\/wp-json\/wp\/v2\/tags?post=16461"}],"curies":[{"name":"wp","href":"https:\/\/api.w.org\/{rel}","templated":true}]}}