{"id":16334,"date":"2022-05-12T18:07:15","date_gmt":"2022-05-12T16:07:15","guid":{"rendered":"https:\/\/serveiseducatius.xtec.cat\/altmaresme\/?p=16334"},"modified":"2022-05-12T18:07:15","modified_gmt":"2022-05-12T16:07:15","slug":"16a-edicio-de-lescola-destiu-de-laemcat","status":"publish","type":"post","link":"https:\/\/serveiseducatius.xtec.cat\/altmaresme\/portada\/16a-edicio-de-lescola-destiu-de-laemcat\/","title":{"rendered":"16a edici\u00f3 de l&#8217;Escola d&#8217;Estiu de l&#8217;AEMCAT"},"content":{"rendered":"<div class=\"CjVfdc\">Acompassadament us dibuixem aquest comp\u00e0s de 4 per 4 que viatja en vaixell pel damunt les ones sonores. Ara que ja podem trobar-nos presencialment, reprendrem el nostre viatge per les terres catalanes aquest cop a l&#8217;Escola Pia de Calella, al Maresme. L&#8217;aventura no ha estat f\u00e0cil perqu\u00e8 hem tingut diversos canvis de dates i de normatives per\u00f2 finalment hem arribat a bon port.<\/div>\n<div class=\"CjVfdc\">\n<div class=\"PPhIP rviiZ\"><\/div>\n<\/div>\n<div class=\"CjVfdc\">Com a cada edici\u00f3 hi podreu trobar tallers ben variats i aquesta vegada compartirem amb vosaltres la cantata &#8220;Quan va despertar del somni tot era diferent&#8221; que en Marc Parrot va compondre especialment per a l&#8217;AEMCAT.<\/div>\n<div class=\"CjVfdc\">\n<div class=\"PPhIP rviiZ\"><\/div>\n<\/div>\n<div class=\"CjVfdc\">Recordeu que com a totes les edicions l&#8217;activitat t\u00e9 certificaci\u00f3 de 30 hores del Departament d&#8217;Educaci\u00f3.<\/div>\n<p class=\"CDt4Ke zfr3Q\" dir=\"ltr\">US ESPEREM A CALELLA!<\/p>\n<p dir=\"ltr\"><strong><a href=\"https:\/\/sites.google.com\/aemcat.cat\/nou\/escoles-d-estiu\/ee-2022\">+info sobre tallers, formadors, allotjament&#8230;<\/a><\/strong><\/p>\n","protected":false},"excerpt":{"rendered":"<p>Acompassadament us dibuixem aquest comp\u00e0s de 4 per 4 que viatja en vaixell pel damunt les ones sonores. Ara que ja podem trobar-nos presencialment, reprendrem el nostre viatge per les terres catalanes aquest cop a l&#8217;Escola Pia de Calella, al Maresme. L&#8217;aventura no ha estat&hellip;  <a href=\"https:\/\/serveiseducatius.xtec.cat\/altmaresme\/portada\/16a-edicio-de-lescola-destiu-de-laemcat\/\" title=\"Read 16a edici\u00f3 de l&#8217;Escola d&#8217;Estiu de l&#8217;AEMCAT\">Llegeix m\u00e9s\u00bb<\/a><\/p>\n","protected":false},"author":1,"featured_media":16335,"comment_status":"open","ping_status":"closed","sticky":false,"template":"","format":"standard","meta":{"_bbp_topic_count":0,"_bbp_reply_count":0,"_bbp_total_topic_count":0,"_bbp_total_reply_count":0,"_bbp_voice_count":0,"_bbp_anonymous_reply_count":0,"_bbp_topic_count_hidden":0,"_bbp_reply_count_hidden":0,"_bbp_forum_subforum_count":0,"footnotes":""},"categories":[1051,29,1046,1045],"tags":[],"class_list":["post-16334","post","type-post","status-publish","format-standard","has-post-thumbnail","hentry","category-formacio","category-portada","category-primaria","category-secundaria"],"post_mailing_queue_ids":[],"_links":{"self":[{"href":"https:\/\/serveiseducatius.xtec.cat\/altmaresme\/wp-json\/wp\/v2\/posts\/16334","targetHints":{"allow":["GET"]}}],"collection":[{"href":"https:\/\/serveiseducatius.xtec.cat\/altmaresme\/wp-json\/wp\/v2\/posts"}],"about":[{"href":"https:\/\/serveiseducatius.xtec.cat\/altmaresme\/wp-json\/wp\/v2\/types\/post"}],"author":[{"embeddable":true,"href":"https:\/\/serveiseducatius.xtec.cat\/altmaresme\/wp-json\/wp\/v2\/users\/1"}],"replies":[{"embeddable":true,"href":"https:\/\/serveiseducatius.xtec.cat\/altmaresme\/wp-json\/wp\/v2\/comments?post=16334"}],"version-history":[{"count":1,"href":"https:\/\/serveiseducatius.xtec.cat\/altmaresme\/wp-json\/wp\/v2\/posts\/16334\/revisions"}],"predecessor-version":[{"id":16336,"href":"https:\/\/serveiseducatius.xtec.cat\/altmaresme\/wp-json\/wp\/v2\/posts\/16334\/revisions\/16336"}],"wp:featuredmedia":[{"embeddable":true,"href":"https:\/\/serveiseducatius.xtec.cat\/altmaresme\/wp-json\/wp\/v2\/media\/16335"}],"wp:attachment":[{"href":"https:\/\/serveiseducatius.xtec.cat\/altmaresme\/wp-json\/wp\/v2\/media?parent=16334"}],"wp:term":[{"taxonomy":"category","embeddable":true,"href":"https:\/\/serveiseducatius.xtec.cat\/altmaresme\/wp-json\/wp\/v2\/categories?post=16334"},{"taxonomy":"post_tag","embeddable":true,"href":"https:\/\/serveiseducatius.xtec.cat\/altmaresme\/wp-json\/wp\/v2\/tags?post=16334"}],"curies":[{"name":"wp","href":"https:\/\/api.w.org\/{rel}","templated":true}]}}