{"id":16330,"date":"2022-05-15T08:56:57","date_gmt":"2022-05-15T06:56:57","guid":{"rendered":"https:\/\/serveiseducatius.xtec.cat\/altmaresme\/?p=16330"},"modified":"2022-05-12T18:02:22","modified_gmt":"2022-05-12T16:02:22","slug":"57a-escola-destiu-de-rosa-sensat","status":"publish","type":"post","link":"https:\/\/serveiseducatius.xtec.cat\/altmaresme\/portada\/57a-escola-destiu-de-rosa-sensat\/","title":{"rendered":"57a Escola d&#8217;Estiu de Rosa Sensat"},"content":{"rendered":"<div><strong>Et convidem al Tema General de la\u00a0<\/strong><strong><a href=\"https:\/\/www.youtube.com\/watch?v=YKxibal6x0I\" target=\"_blank\" rel=\"noopener\" data-saferedirecturl=\"https:\/\/www.google.com\/url?q=https:\/\/www.youtube.com\/watch?v%3DYKxibal6x0I&amp;source=gmail&amp;ust=1652426168782000&amp;usg=AOvVaw1cfd9XDovSZEfsJcegpNdq\">57a Escola d&#8217;Estiu de Rosa Sensat<\/a><\/strong><strong>, que tractar\u00e0 el catal\u00e0 a l&#8217;escola, i en concret les actituds ling\u00fc\u00edstiques del professorat.\u00a0<\/strong><\/div>\n<div>\n<p>La jornada tindr\u00e0 lloc\u00a0<strong>el 16 de juny a la seu de l\u2019Institut d\u2019Estudis Catalans\u00a0<\/strong><em>(Carrer del Carme, 47, Barcelona)<\/em><strong>, de les 16.30 a les 20 hores.<\/strong><\/p>\n<p>Confer\u00e8ncia i debats de\u00a0<strong>car\u00e0cter obert i gratu\u00eft, amb<\/strong>\u00a0<strong>inscripci\u00f3 pr\u00e8via.<\/strong><\/p>\n<\/div>\n<table border=\"0\" cellspacing=\"0\" cellpadding=\"0\">\n<tbody>\n<tr>\n<td align=\"center\" valign=\"top\">\n<table border=\"0\" cellspacing=\"0\" cellpadding=\"0\">\n<tbody>\n<tr>\n<td align=\"center\" valign=\"middle\"><a title=\"Vull reservar pla\u00e7a!\" href=\"https:\/\/docs.google.com\/forms\/d\/e\/1FAIpQLSf22iCLB671bwYoNNCToRYqQJkU0Uimt5-NvJDW5z0HZD2naw\/viewform?usp=sf_link\" target=\"_blank\" rel=\"noopener\" data-saferedirecturl=\"https:\/\/www.google.com\/url?q=https:\/\/docs.google.com\/forms\/d\/e\/1FAIpQLSf22iCLB671bwYoNNCToRYqQJkU0Uimt5-NvJDW5z0HZD2naw\/viewform?usp%3Dsf_link&amp;source=gmail&amp;ust=1652426168782000&amp;usg=AOvVaw3Hs-nfAo5nE4LtpwyTFjHJ\">Vull reservar pla\u00e7a!<\/a><\/td>\n<\/tr>\n<\/tbody>\n<\/table>\n<\/td>\n<\/tr>\n<\/tbody>\n<\/table>\n<p><strong>Les conclusions extretes del debat i la reflexi\u00f3 del tema formaran part del Pacte Nacional per la Llengua<\/strong>, impulsat des de Secretaria de Pol\u00edtica Ling\u00fc\u00edstica \u2013 Dep. Cultura.<\/p>\n<p>Per a l\u2019organitzaci\u00f3 del Tema General,\u00a0<strong>comptem amb la col\u00b7laboraci\u00f3 d\u2019altres entitats\u00a0<\/strong>amb qui compartim l\u2019objectiu del foment de la llengua catalana:\u00a0<strong>CEB, IEC, CONSESCAT, \u00d2MNIUM CULTURAL i Secretaria de Pol\u00edtica Ling\u00fc\u00edstica \u2013 Dep. Cultura.<\/strong><\/p>\n<table border=\"0\" cellspacing=\"0\" cellpadding=\"0\">\n<tbody>\n<tr>\n<td align=\"center\" valign=\"top\">\n<table style=\"width: 80.9983%; height: 70px;\" border=\"0\" cellspacing=\"0\" cellpadding=\"0\">\n<tbody>\n<tr style=\"height: 70px;\">\n<td style=\"height: 70px;\" align=\"center\" valign=\"middle\"><a title=\"T'encoratgem a participar-hi!\" href=\"https:\/\/docs.google.com\/forms\/d\/e\/1FAIpQLSf22iCLB671bwYoNNCToRYqQJkU0Uimt5-NvJDW5z0HZD2naw\/viewform?usp=sf_link\" target=\"_blank\" rel=\"noopener\" data-saferedirecturl=\"https:\/\/www.google.com\/url?q=https:\/\/docs.google.com\/forms\/d\/e\/1FAIpQLSf22iCLB671bwYoNNCToRYqQJkU0Uimt5-NvJDW5z0HZD2naw\/viewform?usp%3Dsf_link&amp;source=gmail&amp;ust=1652426168782000&amp;usg=AOvVaw3Hs-nfAo5nE4LtpwyTFjHJ\">T&#8217;encoratgem a participar-hi!<\/a><\/td>\n<\/tr>\n<\/tbody>\n<\/table>\n<\/td>\n<\/tr>\n<\/tbody>\n<\/table>\n","protected":false},"excerpt":{"rendered":"<p>Et convidem al Tema General de la\u00a0<a href=\"https:\/\/www.youtube.com\/watch?v=YKxibal6x0I\" target=\"_blank\" rel=\"noopener\" data-saferedirecturl=\"https:\/\/www.google.com\/url?q=https:\/\/www.youtube.com\/watch?v%3DYKxibal6x0I&amp;source=gmail&amp;ust=1652426168782000&amp;usg=AOvVaw1cfd9XDovSZEfsJcegpNdq\">57a Escola d&#8217;Estiu de Rosa Sensat<\/a>, que tractar\u00e0 el catal\u00e0 a l&#8217;escola, i en concret les actituds ling\u00fc\u00edstiques del professorat.\u00a0<\/p>\n<p>La jornada tindr\u00e0 lloc\u00a0el 16 de juny a la seu de l\u2019Institut d\u2019Estudis Catalans\u00a0(Carrer del Carme,&hellip;  <a href=\"https:\/\/serveiseducatius.xtec.cat\/altmaresme\/portada\/57a-escola-destiu-de-rosa-sensat\/\" title=\"Read 57a Escola d&#8217;Estiu de Rosa Sensat\">Llegeix m\u00e9s\u00bb<\/a><\/p>\n","protected":false},"author":1,"featured_media":16331,"comment_status":"open","ping_status":"closed","sticky":false,"template":"","format":"standard","meta":{"_bbp_topic_count":0,"_bbp_reply_count":0,"_bbp_total_topic_count":0,"_bbp_total_reply_count":0,"_bbp_voice_count":0,"_bbp_anonymous_reply_count":0,"_bbp_topic_count_hidden":0,"_bbp_reply_count_hidden":0,"_bbp_forum_subforum_count":0,"footnotes":""},"categories":[1051,29,1046,1045],"tags":[],"class_list":["post-16330","post","type-post","status-publish","format-standard","has-post-thumbnail","hentry","category-formacio","category-portada","category-primaria","category-secundaria"],"post_mailing_queue_ids":[],"_links":{"self":[{"href":"https:\/\/serveiseducatius.xtec.cat\/altmaresme\/wp-json\/wp\/v2\/posts\/16330","targetHints":{"allow":["GET"]}}],"collection":[{"href":"https:\/\/serveiseducatius.xtec.cat\/altmaresme\/wp-json\/wp\/v2\/posts"}],"about":[{"href":"https:\/\/serveiseducatius.xtec.cat\/altmaresme\/wp-json\/wp\/v2\/types\/post"}],"author":[{"embeddable":true,"href":"https:\/\/serveiseducatius.xtec.cat\/altmaresme\/wp-json\/wp\/v2\/users\/1"}],"replies":[{"embeddable":true,"href":"https:\/\/serveiseducatius.xtec.cat\/altmaresme\/wp-json\/wp\/v2\/comments?post=16330"}],"version-history":[{"count":2,"href":"https:\/\/serveiseducatius.xtec.cat\/altmaresme\/wp-json\/wp\/v2\/posts\/16330\/revisions"}],"predecessor-version":[{"id":16333,"href":"https:\/\/serveiseducatius.xtec.cat\/altmaresme\/wp-json\/wp\/v2\/posts\/16330\/revisions\/16333"}],"wp:featuredmedia":[{"embeddable":true,"href":"https:\/\/serveiseducatius.xtec.cat\/altmaresme\/wp-json\/wp\/v2\/media\/16331"}],"wp:attachment":[{"href":"https:\/\/serveiseducatius.xtec.cat\/altmaresme\/wp-json\/wp\/v2\/media?parent=16330"}],"wp:term":[{"taxonomy":"category","embeddable":true,"href":"https:\/\/serveiseducatius.xtec.cat\/altmaresme\/wp-json\/wp\/v2\/categories?post=16330"},{"taxonomy":"post_tag","embeddable":true,"href":"https:\/\/serveiseducatius.xtec.cat\/altmaresme\/wp-json\/wp\/v2\/tags?post=16330"}],"curies":[{"name":"wp","href":"https:\/\/api.w.org\/{rel}","templated":true}]}}