{"id":16130,"date":"2022-04-06T14:59:03","date_gmt":"2022-04-06T12:59:03","guid":{"rendered":"https:\/\/serveiseducatius.xtec.cat\/altmaresme\/?p=16130"},"modified":"2022-03-31T15:58:11","modified_gmt":"2022-03-31T13:58:11","slug":"passejada-per-la-linia-defensiva-maritima-de-la-guerra-civil","status":"publish","type":"post","link":"https:\/\/serveiseducatius.xtec.cat\/altmaresme\/general\/passejada-per-la-linia-defensiva-maritima-de-la-guerra-civil\/","title":{"rendered":"Passejada per la l\u00ednia defensiva mar\u00edtima de la guerra civil."},"content":{"rendered":"<p>El passat 26 de mar\u00e7 de 2022 va tenir lloc la darrera de les tres <strong>passejades pedag\u00f2giques<\/strong> planificades al pla de formaci\u00f3 de zona de l\u2019Alt Maresme d&#8217;aquest curs.<\/p>\n<p><a href=\"https:\/\/serveiseducatius.xtec.cat\/altmaresme\/wp-content\/uploads\/usu1140\/2022\/03\/20220331_153528.jpg\"><img loading=\"lazy\" decoding=\"async\" class=\"wp-image-16166 alignright\" src=\"https:\/\/serveiseducatius.xtec.cat\/altmaresme\/wp-content\/uploads\/usu1140\/2022\/03\/20220331_153528.jpg\" alt=\"\" width=\"289\" height=\"235\" srcset=\"https:\/\/serveiseducatius.xtec.cat\/altmaresme\/wp-content\/uploads\/usu1140\/2022\/03\/20220331_153528.jpg 413w, https:\/\/serveiseducatius.xtec.cat\/altmaresme\/wp-content\/uploads\/usu1140\/2022\/03\/20220331_153528-300x244.jpg 300w\" sizes=\"auto, (max-width: 289px) 100vw, 289px\" \/><\/a>Aquesta activitat formativa \u00e9s una trobada pedag\u00f2gica internivells d\u2019una durada aproximada de 4 hores, un mat\u00ed de dissabte de 10 a 14h i que t\u00e9 com a objectiu principal promoure el coneixement de l\u2019entorn social o natural entre els docents. \u00c9s tracta d\u2019una activitat distesa acompanyada d\u2019una persona experta.<\/p>\n<p>&nbsp;<\/p>\n<p>&nbsp;<\/p>\n<p>&nbsp;<\/p>\n<p>En aquesta ocasi\u00f3 vam passar un mat\u00ed de d<a href=\"https:\/\/serveiseducatius.xtec.cat\/altmaresme\/wp-content\/uploads\/usu1140\/2022\/03\/20220326_130221-1-scaled.jpg\"><img loading=\"lazy\" decoding=\"async\" class=\"wp-image-16161 alignleft\" src=\"https:\/\/serveiseducatius.xtec.cat\/altmaresme\/wp-content\/uploads\/usu1140\/2022\/03\/20220326_130221-1-1024x768.jpg\" alt=\"\" width=\"332\" height=\"249\" srcset=\"https:\/\/serveiseducatius.xtec.cat\/altmaresme\/wp-content\/uploads\/usu1140\/2022\/03\/20220326_130221-1-1024x768.jpg 1024w, https:\/\/serveiseducatius.xtec.cat\/altmaresme\/wp-content\/uploads\/usu1140\/2022\/03\/20220326_130221-1-300x225.jpg 300w, https:\/\/serveiseducatius.xtec.cat\/altmaresme\/wp-content\/uploads\/usu1140\/2022\/03\/20220326_130221-1-768x576.jpg 768w, https:\/\/serveiseducatius.xtec.cat\/altmaresme\/wp-content\/uploads\/usu1140\/2022\/03\/20220326_130221-1-1536x1152.jpg 1536w, https:\/\/serveiseducatius.xtec.cat\/altmaresme\/wp-content\/uploads\/usu1140\/2022\/03\/20220326_130221-1-2048x1536.jpg 2048w, https:\/\/serveiseducatius.xtec.cat\/altmaresme\/wp-content\/uploads\/usu1140\/2022\/03\/20220326_130221-1-200x150.jpg 200w\" sizes=\"auto, (max-width: 332px) 100vw, 332px\" \/><\/a>issabte amb la Neus Ribas, historiadora i directora del <a href=\"https:\/\/museu.arenysdemar.cat\/\">Museu d&#8217;Arenys de Mar<\/a>, que ens va fer descobrir diferents <strong>elements de defensa <\/strong>localitzats en\u00a0 la zona mar\u00edtima d&#8217;Arenys de Mar i que van tenir\u00a0 una import\u00e0ncia destacada en la guerra civil espanyola. Despr\u00e9s d&#8217;una parada per esmorzar, la passejada es va concloure amb una visita al <a href=\"https:\/\/museu.arenysdemar.cat\/es\/pagina\/museo-mollfulleda-de-mineralog%C3%ADa\">Museu de Mollfulleda<\/a> de minerologia d&#8217;Arenys, on la N\u00faria ens va explicar tamb\u00e9 aquest recurs muse\u00edstic de la nostra zona.<\/p>\n","protected":false},"excerpt":{"rendered":"<p>El passat 26 de mar\u00e7 de 2022 va tenir lloc la darrera de les tres passejades pedag\u00f2giques planificades al pla de formaci\u00f3 de zona de l\u2019Alt Maresme d&#8217;aquest curs.<br \/>\n<a href=\"https:\/\/serveiseducatius.xtec.cat\/altmaresme\/wp-content\/uploads\/usu1140\/2022\/03\/20220331_153528.jpg\"><\/a>Aquesta activitat formativa \u00e9s una trobada pedag\u00f2gica internivells d\u2019una durada aproximada de 4 hores, un mat\u00ed&hellip;  <a href=\"https:\/\/serveiseducatius.xtec.cat\/altmaresme\/general\/passejada-per-la-linia-defensiva-maritima-de-la-guerra-civil\/\" title=\"Read Passejada per la l\u00ednia defensiva mar\u00edtima de la guerra civil.\">Llegeix m\u00e9s\u00bb<\/a><\/p>\n","protected":false},"author":73,"featured_media":16167,"comment_status":"open","ping_status":"closed","sticky":false,"template":"","format":"standard","meta":{"_bbp_topic_count":0,"_bbp_reply_count":0,"_bbp_total_topic_count":0,"_bbp_total_reply_count":0,"_bbp_voice_count":0,"_bbp_anonymous_reply_count":0,"_bbp_topic_count_hidden":0,"_bbp_reply_count_hidden":0,"_bbp_forum_subforum_count":0,"footnotes":""},"categories":[1057,1,29,1045],"tags":[],"class_list":["post-16130","post","type-post","status-publish","format-standard","has-post-thumbnail","hentry","category-medi","category-general","category-portada","category-secundaria"],"post_mailing_queue_ids":[],"_links":{"self":[{"href":"https:\/\/serveiseducatius.xtec.cat\/altmaresme\/wp-json\/wp\/v2\/posts\/16130","targetHints":{"allow":["GET"]}}],"collection":[{"href":"https:\/\/serveiseducatius.xtec.cat\/altmaresme\/wp-json\/wp\/v2\/posts"}],"about":[{"href":"https:\/\/serveiseducatius.xtec.cat\/altmaresme\/wp-json\/wp\/v2\/types\/post"}],"author":[{"embeddable":true,"href":"https:\/\/serveiseducatius.xtec.cat\/altmaresme\/wp-json\/wp\/v2\/users\/73"}],"replies":[{"embeddable":true,"href":"https:\/\/serveiseducatius.xtec.cat\/altmaresme\/wp-json\/wp\/v2\/comments?post=16130"}],"version-history":[{"count":2,"href":"https:\/\/serveiseducatius.xtec.cat\/altmaresme\/wp-json\/wp\/v2\/posts\/16130\/revisions"}],"predecessor-version":[{"id":16168,"href":"https:\/\/serveiseducatius.xtec.cat\/altmaresme\/wp-json\/wp\/v2\/posts\/16130\/revisions\/16168"}],"wp:featuredmedia":[{"embeddable":true,"href":"https:\/\/serveiseducatius.xtec.cat\/altmaresme\/wp-json\/wp\/v2\/media\/16167"}],"wp:attachment":[{"href":"https:\/\/serveiseducatius.xtec.cat\/altmaresme\/wp-json\/wp\/v2\/media?parent=16130"}],"wp:term":[{"taxonomy":"category","embeddable":true,"href":"https:\/\/serveiseducatius.xtec.cat\/altmaresme\/wp-json\/wp\/v2\/categories?post=16130"},{"taxonomy":"post_tag","embeddable":true,"href":"https:\/\/serveiseducatius.xtec.cat\/altmaresme\/wp-json\/wp\/v2\/tags?post=16130"}],"curies":[{"name":"wp","href":"https:\/\/api.w.org\/{rel}","templated":true}]}}