{"id":16127,"date":"2022-04-01T09:01:00","date_gmt":"2022-04-01T07:01:00","guid":{"rendered":"https:\/\/serveiseducatius.xtec.cat\/altmaresme\/?p=16127"},"modified":"2022-05-30T12:40:43","modified_gmt":"2022-05-30T10:40:43","slug":"2a-passejada-pedagogica-visitem-el-canet-modernista","status":"publish","type":"post","link":"https:\/\/serveiseducatius.xtec.cat\/altmaresme\/general\/2a-passejada-pedagogica-visitem-el-canet-modernista\/","title":{"rendered":"2a passejada pedag\u00f2gica. Visitem el Canet modernista."},"content":{"rendered":"<p>El passat 22 de gener de 2022 va tenir lloc la segona de les tres <strong>passejades pedag\u00f2giques<\/strong> planificades al pla de formaci\u00f3 de zona de l\u2019Alt Maresme.<\/p>\n<p>Es tracta de trobades pedag\u00f2giques internivells d\u2019una durada aproximada de 4 hores, un mat\u00ed de dissabte de 10 a 14h que tenen com a objectiu principal promoure el coneixement de l\u2019entorn social o natural entre els docents. \u00c9s tracta d\u2019una activitat distesa acompanyada d\u2019una persona experta<\/p>\n<p>En aquesta ocasi\u00f3 vam passar un mat\u00ed de dissabte amb Isaac Candelario, guia habilitat de turisme, que ens va fer descobrir diferents <strong>elements modernistes de Canet de Mar<\/strong>. L\u2019explicaci\u00f3 va consistir en una part art\u00edstica per entendre l\u2019arquitectura modernista, i una part m\u00e9s social, per saber com i per qu\u00e8 va ser possible a Canet, i per extensi\u00f3 a bona part del Maresme, aquesta riquesa cultural.<\/p>\n<p><a href=\"https:\/\/serveiseducatius.xtec.cat\/altmaresme\/wp-content\/uploads\/usu1140\/2022\/03\/IMG_20220122_101611.jpg\"><img loading=\"lazy\" decoding=\"async\" class=\"alignnone wp-image-16150\" src=\"https:\/\/serveiseducatius.xtec.cat\/altmaresme\/wp-content\/uploads\/usu1140\/2022\/03\/IMG_20220122_101611.jpg\" alt=\"\" width=\"387\" height=\"178\" srcset=\"https:\/\/serveiseducatius.xtec.cat\/altmaresme\/wp-content\/uploads\/usu1140\/2022\/03\/IMG_20220122_101611.jpg 448w, https:\/\/serveiseducatius.xtec.cat\/altmaresme\/wp-content\/uploads\/usu1140\/2022\/03\/IMG_20220122_101611-300x138.jpg 300w\" sizes=\"auto, (max-width: 387px) 100vw, 387px\" \/><\/a><\/p>\n<p>Aquestes passejades sorgeixen de reprendre la iniciativa de promoure l\u2019aprenentatge significatiu a l\u2019exterior de les aules establint lligams amb la realitat de la zona tot facilitant el coneixement de l\u2019entorn als i les docents que els hi permeti realitzar activitats d\u2019aprenentatge amb l\u2019alumnat en un espai dist\u00e9s.<\/p>\n<p><a href=\"https:\/\/serveiseducatius.xtec.cat\/altmaresme\/wp-content\/uploads\/usu1140\/2022\/03\/1648640118427.jpg\"><img loading=\"lazy\" decoding=\"async\" class=\"wp-image-16151 alignright\" src=\"https:\/\/serveiseducatius.xtec.cat\/altmaresme\/wp-content\/uploads\/usu1140\/2022\/03\/1648640118427.jpg\" alt=\"\" width=\"397\" height=\"179\" srcset=\"https:\/\/serveiseducatius.xtec.cat\/altmaresme\/wp-content\/uploads\/usu1140\/2022\/03\/1648640118427.jpg 448w, https:\/\/serveiseducatius.xtec.cat\/altmaresme\/wp-content\/uploads\/usu1140\/2022\/03\/1648640118427-300x135.jpg 300w\" sizes=\"auto, (max-width: 397px) 100vw, 397px\" \/><\/a><\/p>\n","protected":false},"excerpt":{"rendered":"<p>El passat 22 de gener de 2022 va tenir lloc la segona de les tres passejades pedag\u00f2giques planificades al pla de formaci\u00f3 de zona de l\u2019Alt Maresme.<br \/>\nEs tracta de trobades pedag\u00f2giques internivells d\u2019una durada aproximada de 4 hores, un mat\u00ed de dissabte de 10 a&hellip;  <a href=\"https:\/\/serveiseducatius.xtec.cat\/altmaresme\/general\/2a-passejada-pedagogica-visitem-el-canet-modernista\/\" title=\"Read 2a passejada pedag\u00f2gica. Visitem el Canet modernista.\">Llegeix m\u00e9s\u00bb<\/a><\/p>\n","protected":false},"author":73,"featured_media":16152,"comment_status":"open","ping_status":"closed","sticky":false,"template":"","format":"standard","meta":{"_bbp_topic_count":0,"_bbp_reply_count":0,"_bbp_total_topic_count":0,"_bbp_total_reply_count":0,"_bbp_voice_count":0,"_bbp_anonymous_reply_count":0,"_bbp_topic_count_hidden":0,"_bbp_reply_count_hidden":0,"_bbp_forum_subforum_count":0,"footnotes":""},"categories":[1,29,1046,1045],"tags":[],"class_list":["post-16127","post","type-post","status-publish","format-standard","has-post-thumbnail","hentry","category-general","category-portada","category-primaria","category-secundaria"],"post_mailing_queue_ids":[],"_links":{"self":[{"href":"https:\/\/serveiseducatius.xtec.cat\/altmaresme\/wp-json\/wp\/v2\/posts\/16127","targetHints":{"allow":["GET"]}}],"collection":[{"href":"https:\/\/serveiseducatius.xtec.cat\/altmaresme\/wp-json\/wp\/v2\/posts"}],"about":[{"href":"https:\/\/serveiseducatius.xtec.cat\/altmaresme\/wp-json\/wp\/v2\/types\/post"}],"author":[{"embeddable":true,"href":"https:\/\/serveiseducatius.xtec.cat\/altmaresme\/wp-json\/wp\/v2\/users\/73"}],"replies":[{"embeddable":true,"href":"https:\/\/serveiseducatius.xtec.cat\/altmaresme\/wp-json\/wp\/v2\/comments?post=16127"}],"version-history":[{"count":3,"href":"https:\/\/serveiseducatius.xtec.cat\/altmaresme\/wp-json\/wp\/v2\/posts\/16127\/revisions"}],"predecessor-version":[{"id":16418,"href":"https:\/\/serveiseducatius.xtec.cat\/altmaresme\/wp-json\/wp\/v2\/posts\/16127\/revisions\/16418"}],"wp:featuredmedia":[{"embeddable":true,"href":"https:\/\/serveiseducatius.xtec.cat\/altmaresme\/wp-json\/wp\/v2\/media\/16152"}],"wp:attachment":[{"href":"https:\/\/serveiseducatius.xtec.cat\/altmaresme\/wp-json\/wp\/v2\/media?parent=16127"}],"wp:term":[{"taxonomy":"category","embeddable":true,"href":"https:\/\/serveiseducatius.xtec.cat\/altmaresme\/wp-json\/wp\/v2\/categories?post=16127"},{"taxonomy":"post_tag","embeddable":true,"href":"https:\/\/serveiseducatius.xtec.cat\/altmaresme\/wp-json\/wp\/v2\/tags?post=16127"}],"curies":[{"name":"wp","href":"https:\/\/api.w.org\/{rel}","templated":true}]}}