{"id":16119,"date":"2022-04-04T11:05:58","date_gmt":"2022-04-04T09:05:58","guid":{"rendered":"https:\/\/serveiseducatius.xtec.cat\/altmaresme\/?p=16119"},"modified":"2022-03-31T09:13:58","modified_gmt":"2022-03-31T07:13:58","slug":"16jcid-25-de-maig-biblioteques-escolars","status":"publish","type":"post","link":"https:\/\/serveiseducatius.xtec.cat\/altmaresme\/portada\/16jcid-25-de-maig-biblioteques-escolars\/","title":{"rendered":"#16JCID 25 de maig Biblioteques Escolars"},"content":{"rendered":"<p>Durant el dimecres 25 de maig i dins <a href=\"https:\/\/cobdc.net\/16JCID\/\">les #16JCID<\/a>, jornades d\u2019Informaci\u00f3 i Documentaci\u00f3, hi haur\u00e0 un espai dedicat, tot el dia, al m\u00f3n de les <strong>Biblioteques Escolars<\/strong>.<\/p>\n<p>Si nom\u00e9s vols assistir a aquestes sessions t\u2019ofereixen la possibilitat de fer-ho mitjan\u00e7ant <a href=\"https:\/\/cobdc.org\/producte\/inscripcions-16es-jcid\/\">aquesta inscripci\u00f3<\/a><\/p>\n<p>TERMINI <strong>en 2a convocat\u00f2ria de dilluns\u00a014 de mar\u00e7 al 20 de maig.<\/strong><\/p>\n<p>Aquestes jornades les organitzen des del Col\u00b7legi Oficial de Bibliotecaris-Documentalistes de Catalunya \u00e9s una corporaci\u00f3 de dret p\u00fablic, amb personalitat jur\u00eddica pr\u00f2pia i \u00e9s l\u2019entitat de gesti\u00f3, participaci\u00f3 i representaci\u00f3 dels professionals de l\u2019\u00e0mbit de la Informaci\u00f3 i la Documentaci\u00f3. \u00c9s prop\u00f2sit del Col\u00b7legi vetllar perqu\u00e8 l\u2019actuaci\u00f3 dels seus col\u00b7legiats respongui als interessos i a les necessitats de la societat en relaci\u00f3 amb l\u2019exercici professional en aquest \u00e0mbit, i especialment garantir el compliment de la bona pr\u00e0ctica i de les obligacions deontol\u00f2giques de la professi\u00f3.<\/p>\n<p>Aquestes i moltes altres informacions referents per a la biblioteca del vostre centre a la p\u00e0gina web <a href=\"https:\/\/serveiseducatius.xtec.cat\/altmaresme\/dinamitzacio\/bibliotecaescolar\/\">Dinamitzaci\u00f3\/Biblioteca escolar<\/a>.<\/p>\n","protected":false},"excerpt":{"rendered":"<p>Durant el dimecres 25 de maig i dins <a href=\"https:\/\/cobdc.net\/16JCID\/\">les #16JCID<\/a>, jornades d\u2019Informaci\u00f3 i Documentaci\u00f3, hi haur\u00e0 un espai dedicat, tot el dia, al m\u00f3n de les Biblioteques Escolars.<br \/>\nSi nom\u00e9s vols assistir a aquestes sessions t\u2019ofereixen la possibilitat de fer-ho mitjan\u00e7ant <a href=\"https:\/\/cobdc.org\/producte\/inscripcions-16es-jcid\/\">aquesta inscripci\u00f3<\/a><br \/>\nTERMINI en&hellip;  <a href=\"https:\/\/serveiseducatius.xtec.cat\/altmaresme\/portada\/16jcid-25-de-maig-biblioteques-escolars\/\" title=\"Read #16JCID 25 de maig Biblioteques Escolars\">Llegeix m\u00e9s\u00bb<\/a><\/p>\n","protected":false},"author":137,"featured_media":16120,"comment_status":"open","ping_status":"closed","sticky":false,"template":"","format":"standard","meta":{"_bbp_topic_count":0,"_bbp_reply_count":0,"_bbp_total_topic_count":0,"_bbp_total_reply_count":0,"_bbp_voice_count":0,"_bbp_anonymous_reply_count":0,"_bbp_topic_count_hidden":0,"_bbp_reply_count_hidden":0,"_bbp_forum_subforum_count":0,"footnotes":""},"categories":[81,1051,29,1046,1045],"tags":[],"class_list":["post-16119","post","type-post","status-publish","format-standard","has-post-thumbnail","hentry","category-biblioteca-escolar","category-formacio","category-portada","category-primaria","category-secundaria"],"post_mailing_queue_ids":[],"_links":{"self":[{"href":"https:\/\/serveiseducatius.xtec.cat\/altmaresme\/wp-json\/wp\/v2\/posts\/16119","targetHints":{"allow":["GET"]}}],"collection":[{"href":"https:\/\/serveiseducatius.xtec.cat\/altmaresme\/wp-json\/wp\/v2\/posts"}],"about":[{"href":"https:\/\/serveiseducatius.xtec.cat\/altmaresme\/wp-json\/wp\/v2\/types\/post"}],"author":[{"embeddable":true,"href":"https:\/\/serveiseducatius.xtec.cat\/altmaresme\/wp-json\/wp\/v2\/users\/137"}],"replies":[{"embeddable":true,"href":"https:\/\/serveiseducatius.xtec.cat\/altmaresme\/wp-json\/wp\/v2\/comments?post=16119"}],"version-history":[{"count":1,"href":"https:\/\/serveiseducatius.xtec.cat\/altmaresme\/wp-json\/wp\/v2\/posts\/16119\/revisions"}],"predecessor-version":[{"id":16121,"href":"https:\/\/serveiseducatius.xtec.cat\/altmaresme\/wp-json\/wp\/v2\/posts\/16119\/revisions\/16121"}],"wp:featuredmedia":[{"embeddable":true,"href":"https:\/\/serveiseducatius.xtec.cat\/altmaresme\/wp-json\/wp\/v2\/media\/16120"}],"wp:attachment":[{"href":"https:\/\/serveiseducatius.xtec.cat\/altmaresme\/wp-json\/wp\/v2\/media?parent=16119"}],"wp:term":[{"taxonomy":"category","embeddable":true,"href":"https:\/\/serveiseducatius.xtec.cat\/altmaresme\/wp-json\/wp\/v2\/categories?post=16119"},{"taxonomy":"post_tag","embeddable":true,"href":"https:\/\/serveiseducatius.xtec.cat\/altmaresme\/wp-json\/wp\/v2\/tags?post=16119"}],"curies":[{"name":"wp","href":"https:\/\/api.w.org\/{rel}","templated":true}]}}