{"id":16110,"date":"2022-03-30T11:05:12","date_gmt":"2022-03-30T09:05:12","guid":{"rendered":"https:\/\/serveiseducatius.xtec.cat\/altmaresme\/?p=16110"},"modified":"2022-03-29T10:10:59","modified_gmt":"2022-03-29T08:10:59","slug":"que-fem-amb-qui-exerceix-la-violencia-masclista","status":"publish","type":"post","link":"https:\/\/serveiseducatius.xtec.cat\/altmaresme\/portada\/que-fem-amb-qui-exerceix-la-violencia-masclista\/","title":{"rendered":"Qu\u00e8 fem amb qui exerceix la viol\u00e8ncia masclista?"},"content":{"rendered":"<p dir=\"ltr\">El Pla Les Escoles Lliures de Viol\u00e8ncia ens informa sobre la nova c\u00e0psula formativa de sensibilitzaci\u00f3 \u201cQu\u00e8 fem amb qui exerceix la viol\u00e8ncia masclista?\u201d<\/p>\n<table border=\"0\" cellspacing=\"0\" cellpadding=\"0\">\n<tbody>\n<tr>\n<td align=\"RIGHT\" valign=\"TOP\"><b><span style=\"font-family: arial, helvetica, geneva; font-size: small;\">Descripci\u00f3\u00a0\u00a0<\/span><\/b><\/td>\n<td valign=\"TOP\"><span style=\"font-family: arial, helvetica, geneva; font-size: small;\">Activitat formativa destinada a aportar eines i recursos per a l\u2019abordatge amb persones que exerceixen la viol\u00e8ncia masclista en l\u2019\u00e0mbit educatiu.<\/span><\/td>\n<\/tr>\n<tr>\n<td><\/td>\n<td><\/td>\n<\/tr>\n<tr>\n<td align=\"RIGHT\" valign=\"TOP\"><b><span style=\"font-family: arial, helvetica, geneva; font-size: small;\">Objectius\u00a0\u00a0<\/span><\/b><\/td>\n<td valign=\"TOP\"><span style=\"font-family: arial, helvetica, geneva; font-size: small;\">\u2022 Con\u00e8ixer el marc conceptual de les viol\u00e8ncies masclistes<br \/>\n\u2022 Descriure els principals tipus de viol\u00e8ncies que s&#8217;exerceixen i les seves causes, especialment amb infants i joves.<br \/>\n\u2022 Aportar diferents models de masculinitat<br \/>\n\u2022 Adquirir eines per a la intervenci\u00f3 amb persones que han exercit viol\u00e8ncia.<br \/>\n<\/span><\/td>\n<\/tr>\n<tr>\n<td><\/td>\n<td><\/td>\n<\/tr>\n<tr>\n<td align=\"RIGHT\" valign=\"TOP\"><b><span style=\"font-family: arial, helvetica, geneva; font-size: small;\">Continguts\u00a0\u00a0<\/span><\/b><\/td>\n<td valign=\"TOP\"><span style=\"font-family: arial, helvetica, geneva; font-size: small;\">1. Con\u00e8ixer el marc conceptual de les viol\u00e8ncies masclistes.<br \/>\n2. Conseq\u00fc\u00e8ncies de les viol\u00e8ncies en la inf\u00e0ncia, adolesc\u00e8ncia i joves<br \/>\n3. Eines i recursos d&#8217;intervenci\u00f3 amb persones agressores.<\/span><\/td>\n<\/tr>\n<\/tbody>\n<\/table>\n<p dir=\"ltr\">En el cas que hi hagi persones interessades en rebre la formaci\u00f3 facilitem a continuaci\u00f3 les formacions que es portaran a terme durant el mes de <span style=\"text-decoration: underline;\"><strong>juny i juliol<\/strong><\/span>.<\/p>\n<p dir=\"ltr\">Clicant al codi accedireu a la inscripci\u00f3 directament, si aquesta est\u00e0 activa:<\/p>\n<div dir=\"ltr\" align=\"left\">\n<table style=\"width: 87.5532%;\">\n<colgroup>\n<col width=\"126\" \/>\n<col width=\"107\" \/>\n<col width=\"79\" \/><\/colgroup>\n<tbody>\n<tr>\n<td style=\"width: 20.0207%;\">\n<p dir=\"ltr\"><a href=\"https:\/\/aplicacions.gestioeducativa.gencat.cat\/pls\/soloas\/pk_for_mod_ins.p_for_detall_activitat?p_header=Llista%20d%27activitats^pk_for_mod_ins.p_for_cons_activitats?p_tipus_act=VM01,VM02,VM03,VM04%26p_totes=S%26p_inici=11%26p_excloure_crp_rec=F&amp;p_codi=9000270517&amp;p_curs=2021-2022&amp;p_excloure_crp_rec=F\">9000270517<\/a><\/p>\n<\/td>\n<td style=\"width: 20.4759%; text-align: center;\">\n<p dir=\"ltr\">2\/6\/2022<\/p>\n<\/td>\n<td style=\"width: 26.5588%; text-align: center;\">\n<p dir=\"ltr\">16h a19h<\/p>\n<\/td>\n<td style=\"width: 139.794%;\">\n<p dir=\"ltr\">\n<\/td>\n<\/tr>\n<tr>\n<td style=\"width: 20.0207%;\">\n<p dir=\"ltr\"><a href=\"https:\/\/aplicacions.gestioeducativa.gencat.cat\/pls\/soloas\/pk_for_mod_ins.p_for_detall_activitat?p_header=Llista%20d%27activitats^pk_for_mod_ins.p_for_cons_activitats?p_tipus_act=VM01,VM02,VM03,VM04%26p_totes=S%26p_inici=11%26p_excloure_crp_rec=F&amp;p_codi=9000280517&amp;p_curs=2021-2022&amp;p_excloure_crp_rec=F\">9000280517<\/a><\/p>\n<\/td>\n<td style=\"width: 20.4759%; text-align: center;\">\n<p dir=\"ltr\">7\/6\/2022<\/p>\n<\/td>\n<td style=\"width: 26.5588%; text-align: center;\">\n<p dir=\"ltr\">16h a19h<\/p>\n<\/td>\n<td style=\"width: 139.794%;\">\n<p dir=\"ltr\">\n<\/td>\n<\/tr>\n<tr>\n<td style=\"width: 20.0207%;\">\n<p dir=\"ltr\"><a href=\"https:\/\/aplicacions.gestioeducativa.gencat.cat\/pls\/soloas\/pk_for_mod_ins.p_for_detall_activitat?p_header=Llista%20d%27activitats^pk_for_mod_ins.p_for_cons_activitats?p_tipus_act=VM01,VM02,VM03,VM04%26p_totes=S%26p_inici=11%26p_excloure_crp_rec=F&amp;p_codi=9000290517&amp;p_curs=2021-2022&amp;p_excloure_crp_rec=F\">9000290517<\/a><\/p>\n<\/td>\n<td style=\"width: 20.4759%; text-align: center;\">\n<p dir=\"ltr\">9\/6\/2022<\/p>\n<\/td>\n<td style=\"width: 26.5588%; text-align: center;\">\n<p dir=\"ltr\">16h a19h<\/p>\n<\/td>\n<td style=\"width: 139.794%;\">\n<p dir=\"ltr\">\n<\/td>\n<\/tr>\n<tr>\n<td style=\"width: 20.0207%;\">\n<p dir=\"ltr\"><a href=\"https:\/\/aplicacions.gestioeducativa.gencat.cat\/pls\/soloas\/pk_for_mod_ins.p_for_detall_activitat?p_header=Llista%20d%27activitats^pk_for_mod_ins.p_for_cons_activitats?p_tipus_act=VM01,VM02,VM03,VM04%26p_totes=S%26p_inici=11%26p_excloure_crp_rec=F&amp;p_codi=9000300517&amp;p_curs=2021-2022&amp;p_excloure_crp_rec=F\">9000300517<\/a><\/p>\n<\/td>\n<td style=\"width: 20.4759%; text-align: center;\">\n<p dir=\"ltr\">14\/6\/2022<\/p>\n<\/td>\n<td style=\"width: 26.5588%; text-align: center;\">\n<p dir=\"ltr\">16h a19h<\/p>\n<\/td>\n<td style=\"width: 139.794%;\">\n<p dir=\"ltr\">\n<\/td>\n<\/tr>\n<tr>\n<td style=\"width: 20.0207%;\">\n<p dir=\"ltr\"><a href=\"https:\/\/aplicacions.gestioeducativa.gencat.cat\/pls\/soloas\/pk_for_mod_ins.p_for_detall_activitat?p_header=Llista%20d%27activitats^pk_for_mod_ins.p_for_cons_activitats?p_tipus_act=VM01,VM02,VM03,VM04%26p_totes=S%26p_inici=21%26p_excloure_crp_rec=F&amp;p_codi=9000310517&amp;p_curs=2021-2022&amp;p_excloure_crp_rec=F\">9000310517<\/a><\/p>\n<\/td>\n<td style=\"width: 20.4759%; text-align: center;\">\n<p dir=\"ltr\">16\/6\/2022<\/p>\n<\/td>\n<td style=\"width: 26.5588%; text-align: center;\">\n<p dir=\"ltr\">16h a19h<\/p>\n<\/td>\n<td style=\"width: 139.794%;\">\n<p dir=\"ltr\">\n<\/td>\n<\/tr>\n<tr>\n<td style=\"width: 20.0207%;\">\n<p dir=\"ltr\"><a href=\"https:\/\/aplicacions.gestioeducativa.gencat.cat\/pls\/soloas\/pk_for_mod_ins.p_for_detall_activitat?p_header=Llista%20d%27activitats^pk_for_mod_ins.p_for_cons_activitats?p_tipus_act=VM01,VM02,VM03,VM04%26p_totes=S%26p_inici=21%26p_excloure_crp_rec=F&amp;p_codi=9000320517&amp;p_curs=2021-2022&amp;p_excloure_crp_rec=F\">9000320517<\/a><\/p>\n<\/td>\n<td style=\"width: 20.4759%; text-align: center;\">\n<p dir=\"ltr\">28\/6\/2022<\/p>\n<\/td>\n<td style=\"width: 26.5588%; text-align: center;\">\n<p dir=\"ltr\">16h a19h<\/p>\n<\/td>\n<td style=\"width: 139.794%;\">\n<p dir=\"ltr\">\n<\/td>\n<\/tr>\n<tr>\n<td style=\"width: 20.0207%;\">\n<p dir=\"ltr\"><a href=\"https:\/\/aplicacions.gestioeducativa.gencat.cat\/pls\/soloas\/pk_for_mod_ins.p_for_detall_activitat?p_header=Llista%20d%27activitats^pk_for_mod_ins.p_for_cons_activitats?p_tipus_act=VM01,VM02,VM03,VM04%26p_totes=S%26p_inici=21%26p_excloure_crp_rec=F&amp;p_codi=9000330517&amp;p_curs=2021-2022&amp;p_excloure_crp_rec=F\">9000330517<\/a><\/p>\n<\/td>\n<td style=\"width: 20.4759%; text-align: center;\">\n<p dir=\"ltr\">30\/6\/2022<\/p>\n<\/td>\n<td style=\"width: 26.5588%; text-align: center;\">\n<p dir=\"ltr\">16h a19h<\/p>\n<\/td>\n<td style=\"width: 139.794%;\">\n<p dir=\"ltr\">\n<\/td>\n<\/tr>\n<tr>\n<td style=\"width: 20.0207%;\">\n<p dir=\"ltr\"><a href=\"https:\/\/aplicacions.gestioeducativa.gencat.cat\/pls\/soloas\/pk_for_mod_ins.p_for_detall_activitat?p_header=Llista%20d%27activitats^pk_for_mod_ins.p_for_cons_activitats?p_tipus_act=VM01,VM02,VM03,VM04%26p_totes=S%26p_inici=21%26p_excloure_crp_rec=F&amp;p_codi=9000340517&amp;p_curs=2021-2022&amp;p_excloure_crp_rec=F\">9000340517<\/a><\/p>\n<\/td>\n<td style=\"width: 20.4759%; text-align: center;\">\n<p dir=\"ltr\">6\/7\/2022<\/p>\n<\/td>\n<td style=\"width: 26.5588%; text-align: center;\">\n<p dir=\"ltr\">9h a 12h<\/p>\n<\/td>\n<td style=\"width: 139.794%;\">\n<p dir=\"ltr\">\n<\/td>\n<\/tr>\n<tr>\n<td style=\"width: 20.0207%;\">\n<p dir=\"ltr\"><a href=\"https:\/\/aplicacions.gestioeducativa.gencat.cat\/pls\/soloas\/pk_for_mod_ins.p_for_detall_activitat?p_header=Llista%20d%27activitats^pk_for_mod_ins.p_for_cons_activitats?p_tipus_act=VM01,VM02,VM03,VM04%26p_totes=S%26p_inici=21%26p_excloure_crp_rec=F&amp;p_codi=9000350517&amp;p_curs=2021-2022&amp;p_excloure_crp_rec=F\">9000350517<\/a><\/p>\n<\/td>\n<td style=\"width: 20.4759%; text-align: center;\">\n<p dir=\"ltr\">13\/7\/2022<\/p>\n<\/td>\n<td style=\"width: 26.5588%; text-align: center;\">\n<p dir=\"ltr\">9h a 12h<\/p>\n<\/td>\n<td style=\"width: 139.794%;\">\n<p dir=\"ltr\"><span style=\"color: #3366ff;\">INSCRIPCI\u00d3 OBERTA a data d&#8217;avui!!!<\/span><\/p>\n<\/td>\n<\/tr>\n<tr>\n<td style=\"width: 20.0207%;\">\n<p dir=\"ltr\"><a href=\"https:\/\/aplicacions.gestioeducativa.gencat.cat\/pls\/soloas\/pk_for_mod_ins.p_for_detall_activitat?p_header=Llista%20d%27activitats^pk_for_mod_ins.p_for_cons_activitats?p_tipus_act=VM01,VM02,VM03,VM04%26p_totes=S%26p_inici=21%26p_excloure_crp_rec=F&amp;p_codi=9000360517&amp;p_curs=2021-2022&amp;p_excloure_crp_rec=F\">9000360517<\/a><\/p>\n<\/td>\n<td style=\"width: 20.4759%; text-align: center;\">\n<p dir=\"ltr\">20\/7\/2022<\/p>\n<\/td>\n<td style=\"width: 26.5588%; text-align: center;\">\n<p dir=\"ltr\">9h a 12h<\/p>\n<\/td>\n<td style=\"width: 139.794%;\">\n<p dir=\"ltr\"><span style=\"color: #3366ff;\">INSCRIPCI\u00d3 OBERTA a data d&#8217;avui!!!<\/span><\/p>\n<\/td>\n<\/tr>\n<tr>\n<td style=\"width: 20.0207%;\">\n<p dir=\"ltr\"><a href=\"https:\/\/aplicacions.gestioeducativa.gencat.cat\/pls\/soloas\/pk_for_mod_ins.p_for_detall_activitat?p_header=Llista%20d%27activitats^pk_for_mod_ins.p_for_cons_activitats?p_tipus_act=VM01,VM02,VM03,VM04%26p_totes=S%26p_inici=21%26p_excloure_crp_rec=F&amp;p_codi=9000370517&amp;p_curs=2021-2022&amp;p_excloure_crp_rec=F\">9000370517<\/a><\/p>\n<\/td>\n<td style=\"width: 20.4759%; text-align: center;\">\n<p dir=\"ltr\">27\/7\/2022<\/p>\n<\/td>\n<td style=\"width: 26.5588%; text-align: center;\">\n<p dir=\"ltr\">9h a 12h<\/p>\n<\/td>\n<td style=\"width: 139.794%;\">\n<p dir=\"ltr\"><span style=\"color: #3366ff;\">INSCRIPCI\u00d3 OBERTA a data d&#8217;avui!!!<\/span><\/p>\n<\/td>\n<\/tr>\n<\/tbody>\n<\/table>\n<\/div>\n<p dir=\"ltr\">Les inscripcions de les activitats formatives es tancaran en funci\u00f3 que es vagin omplint les formacions.<\/p>\n<p dir=\"ltr\">Per poder accedir a l&#8217;oferta formativa tamb\u00e9 podeu anar a:<\/p>\n<h6 class=\"NG-menu__title\">Abordatge de les viol\u00e8ncies masclistes<\/h6>\n<h6 dir=\"ltr\"><a href=\"http:\/\/xtec.gencat.cat\/ca\/formacio\/formaciogeneralprofessorat\/coeducacio-i-violencies-masclistes\/abordatge-de-les-violencies-masclistes\/\" target=\"_blank\" rel=\"noopener\" data-saferedirecturl=\"https:\/\/www.google.com\/url?q=http:\/\/xtec.gencat.cat\/ca\/formacio\/formaciogeneralprofessorat\/coeducacio-i-violencies-masclistes\/abordatge-de-les-violencies-masclistes\/&amp;source=gmail&amp;ust=1648626216281000&amp;usg=AOvVaw0QFms8udC-zy_Dz4fdBIPo\">http:\/\/xtec.gencat.cat\/ca\/<wbr \/>formacio\/<wbr \/>formaciogeneralprofessorat\/<wbr \/>coeducacio-i-violencies-<wbr \/>masclistes\/abordatge-de-les-<wbr \/>violencies-masclistes\/<\/a><\/h6>\n<p dir=\"ltr\">Per visualitzar totes les formacions us podeu moure per les fletxes negres (a dalt de tot a l\u2019esquerra) per passar de p\u00e0gina i veure aix\u00ed les diferents edicions de les formacions. Al costat esquerre de cada edici\u00f3 trobareu una <span style=\"text-decoration: underline;\">fletxa vermella<\/span> que indica que <span style=\"text-decoration: underline;\">l\u2019activitat formativa est\u00e0 oberta<\/span>, en el cas que no aparegui la fletxa vermella vol dir que les formacions en q\u00fcesti\u00f3 ja estan amb les places exhaurides o amb les inscripcions tancades.<\/p>\n<p dir=\"ltr\">Per qualsevol dubte o consulta adreceu-vos a: <a href=\"mailto:formacions.usav.educacio@gencat.cat\" target=\"_blank\" rel=\"noopener\">formacions.usav.educacio@<wbr \/>gencat.cat<\/a><\/p>\n","protected":false},"excerpt":{"rendered":"<p>El Pla Les Escoles Lliures de Viol\u00e8ncia ens informa sobre la nova c\u00e0psula formativa de sensibilitzaci\u00f3 \u201cQu\u00e8 fem amb qui exerceix la viol\u00e8ncia masclista?\u201d<\/p>\n<p>Descripci\u00f3\u00a0\u00a0<br \/>\nActivitat formativa destinada a aportar eines i recursos per a l\u2019abordatge amb persones que exerceixen la viol\u00e8ncia masclista en l\u2019\u00e0mbit educatiu.<\/p>\n<p>Objectius\u00a0\u00a0<br \/>\n\u2022 Con\u00e8ixer&hellip;  <a href=\"https:\/\/serveiseducatius.xtec.cat\/altmaresme\/portada\/que-fem-amb-qui-exerceix-la-violencia-masclista\/\" title=\"Read Qu\u00e8 fem amb qui exerceix la viol\u00e8ncia masclista?\">Llegeix m\u00e9s\u00bb<\/a><\/p>\n","protected":false},"author":137,"featured_media":16111,"comment_status":"open","ping_status":"closed","sticky":false,"template":"","format":"standard","meta":{"_bbp_topic_count":0,"_bbp_reply_count":0,"_bbp_total_topic_count":0,"_bbp_total_reply_count":0,"_bbp_voice_count":0,"_bbp_anonymous_reply_count":0,"_bbp_topic_count_hidden":0,"_bbp_reply_count_hidden":0,"_bbp_forum_subforum_count":0,"footnotes":""},"categories":[1051,1193,29,1046,1045],"tags":[],"class_list":["post-16110","post","type-post","status-publish","format-standard","has-post-thumbnail","hentry","category-formacio","category-genere","category-portada","category-primaria","category-secundaria"],"post_mailing_queue_ids":[],"_links":{"self":[{"href":"https:\/\/serveiseducatius.xtec.cat\/altmaresme\/wp-json\/wp\/v2\/posts\/16110","targetHints":{"allow":["GET"]}}],"collection":[{"href":"https:\/\/serveiseducatius.xtec.cat\/altmaresme\/wp-json\/wp\/v2\/posts"}],"about":[{"href":"https:\/\/serveiseducatius.xtec.cat\/altmaresme\/wp-json\/wp\/v2\/types\/post"}],"author":[{"embeddable":true,"href":"https:\/\/serveiseducatius.xtec.cat\/altmaresme\/wp-json\/wp\/v2\/users\/137"}],"replies":[{"embeddable":true,"href":"https:\/\/serveiseducatius.xtec.cat\/altmaresme\/wp-json\/wp\/v2\/comments?post=16110"}],"version-history":[{"count":1,"href":"https:\/\/serveiseducatius.xtec.cat\/altmaresme\/wp-json\/wp\/v2\/posts\/16110\/revisions"}],"predecessor-version":[{"id":16112,"href":"https:\/\/serveiseducatius.xtec.cat\/altmaresme\/wp-json\/wp\/v2\/posts\/16110\/revisions\/16112"}],"wp:featuredmedia":[{"embeddable":true,"href":"https:\/\/serveiseducatius.xtec.cat\/altmaresme\/wp-json\/wp\/v2\/media\/16111"}],"wp:attachment":[{"href":"https:\/\/serveiseducatius.xtec.cat\/altmaresme\/wp-json\/wp\/v2\/media?parent=16110"}],"wp:term":[{"taxonomy":"category","embeddable":true,"href":"https:\/\/serveiseducatius.xtec.cat\/altmaresme\/wp-json\/wp\/v2\/categories?post=16110"},{"taxonomy":"post_tag","embeddable":true,"href":"https:\/\/serveiseducatius.xtec.cat\/altmaresme\/wp-json\/wp\/v2\/tags?post=16110"}],"curies":[{"name":"wp","href":"https:\/\/api.w.org\/{rel}","templated":true}]}}