{"id":16107,"date":"2022-03-29T07:10:42","date_gmt":"2022-03-29T05:10:42","guid":{"rendered":"https:\/\/serveiseducatius.xtec.cat\/altmaresme\/?p=16107"},"modified":"2022-03-28T13:15:55","modified_gmt":"2022-03-28T11:15:55","slug":"xiv-jornada-de-programacio-i-robotica-educativa-citilab","status":"publish","type":"post","link":"https:\/\/serveiseducatius.xtec.cat\/altmaresme\/portada\/xiv-jornada-de-programacio-i-robotica-educativa-citilab\/","title":{"rendered":"XIV Jornada de programaci\u00f3 i rob\u00f2tica educativa (Citilab)"},"content":{"rendered":"<div class=\"entry-content\">\n<p>El dissabte, <b>dia 21 de maig de 2022<\/b> se celebrar\u00e0 la catorzena <b>edici\u00f3<\/b> de la <b>Jornada Programa<\/b>, dedicada a l\u2019intercanvi d\u2019experi\u00e8ncies did\u00e0ctiques on s\u2019empren entorns de programaci\u00f3 i de rob\u00f2tica educatives.<\/p>\n<p>Aquest any es podr\u00e0 tornar a gaudir d\u2019una edici\u00f3 presencial, en horari de mat\u00ed i tarda, on els i les assistents podran accedir a les pon\u00e8ncies, els tallers i la fira d\u2019alumnes.<\/p>\n<p>Si voleu participar com a talleristes, com a ponents o en la fira d\u2019alumnes, podeu <strong><a href=\"https:\/\/forms.gle\/DERCm1YGRDKMxdji9\">registrar la vostra participaci\u00f3 en el seg\u00fcent formulari<\/a><\/strong>, en els diferents formats oferts en aquesta edici\u00f3.<\/p>\n<div>\n<p><strong><em>Durant el mes de maig s\u2019obrir\u00e0 la inscripci\u00f3 general per assistir a la jornada programa.<\/em><\/strong><\/p>\n<\/div>\n<p><a href=\"http:\/\/blocs.xtec.cat\/jornadaprograma\/files\/2022\/02\/formats-tallers-8-1.png\"><img loading=\"lazy\" decoding=\"async\" class=\"aligncenter wp-image-3623 size-large\" title=\"Tipologia de participaci\u00f3\" src=\"http:\/\/blocs.xtec.cat\/jornadaprograma\/files\/2022\/02\/formats-tallers-8-1-1024x576.png\" sizes=\"auto, (max-width: 584px) 100vw, 584px\" srcset=\"https:\/\/blocs.xtec.cat\/jornadaprograma\/files\/2022\/02\/formats-tallers-8-1-1024x576.png 1024w, https:\/\/blocs.xtec.cat\/jornadaprograma\/files\/2022\/02\/formats-tallers-8-1-300x169.png 300w, https:\/\/blocs.xtec.cat\/jornadaprograma\/files\/2022\/02\/formats-tallers-8-1-768x432.png 768w, https:\/\/blocs.xtec.cat\/jornadaprograma\/files\/2022\/02\/formats-tallers-8-1-500x281.png 500w\" alt=\"\" width=\"584\" height=\"329\" \/><\/a><\/p>\n<p><strong>Tipologia de tallers:<\/strong><\/p>\n<p><a href=\"http:\/\/blocs.xtec.cat\/jornadaprograma\/files\/2022\/02\/4.png\"><img loading=\"lazy\" decoding=\"async\" class=\"aligncenter wp-image-3626 size-large\" title=\"Taller presencial\" src=\"http:\/\/blocs.xtec.cat\/jornadaprograma\/files\/2022\/02\/4-1024x576.png\" sizes=\"auto, (max-width: 584px) 100vw, 584px\" srcset=\"https:\/\/blocs.xtec.cat\/jornadaprograma\/files\/2022\/02\/4-1024x576.png 1024w, https:\/\/blocs.xtec.cat\/jornadaprograma\/files\/2022\/02\/4-300x169.png 300w, https:\/\/blocs.xtec.cat\/jornadaprograma\/files\/2022\/02\/4-768x432.png 768w, https:\/\/blocs.xtec.cat\/jornadaprograma\/files\/2022\/02\/4-500x281.png 500w\" alt=\"\" width=\"584\" height=\"329\" \/><\/a><\/p>\n<p><a href=\"http:\/\/blocs.xtec.cat\/jornadaprograma\/files\/2022\/02\/6.png\"><img loading=\"lazy\" decoding=\"async\" class=\"aligncenter wp-image-3625 size-large\" title=\"Taller virtual\" src=\"http:\/\/blocs.xtec.cat\/jornadaprograma\/files\/2022\/02\/6-1024x576.png\" sizes=\"auto, (max-width: 584px) 100vw, 584px\" srcset=\"https:\/\/blocs.xtec.cat\/jornadaprograma\/files\/2022\/02\/6-1024x576.png 1024w, https:\/\/blocs.xtec.cat\/jornadaprograma\/files\/2022\/02\/6-300x169.png 300w, https:\/\/blocs.xtec.cat\/jornadaprograma\/files\/2022\/02\/6-768x432.png 768w, https:\/\/blocs.xtec.cat\/jornadaprograma\/files\/2022\/02\/6-500x281.png 500w\" alt=\"\" width=\"584\" height=\"329\" \/><\/a><\/p>\n<p><a href=\"http:\/\/blocs.xtec.cat\/jornadaprograma\/files\/2022\/02\/formats-tallers-9.png\"><img loading=\"lazy\" decoding=\"async\" class=\"aligncenter wp-image-3624 size-large\" title=\"Taller h\u00edbrid\" src=\"http:\/\/blocs.xtec.cat\/jornadaprograma\/files\/2022\/02\/formats-tallers-9-1024x576.png\" sizes=\"auto, (max-width: 584px) 100vw, 584px\" srcset=\"https:\/\/blocs.xtec.cat\/jornadaprograma\/files\/2022\/02\/formats-tallers-9-1024x576.png 1024w, https:\/\/blocs.xtec.cat\/jornadaprograma\/files\/2022\/02\/formats-tallers-9-300x169.png 300w, https:\/\/blocs.xtec.cat\/jornadaprograma\/files\/2022\/02\/formats-tallers-9-768x432.png 768w, https:\/\/blocs.xtec.cat\/jornadaprograma\/files\/2022\/02\/formats-tallers-9-500x281.png 500w\" alt=\"\" width=\"584\" height=\"329\" \/><\/a><\/p>\n<div class=\"quadre_nivell\"><\/div>\n<p>Aquesta trobada est\u00e0 especialment adre\u00e7ada als i les docents de prim\u00e0ria i de secund\u00e0ria interessats en l\u2019\u00fas de la programaci\u00f3 i la rob\u00f2tica en els seus entorns d\u2019aula, per\u00f2 tamb\u00e9 est\u00e0 oberta a altres professionals interessats en la tem\u00e0tica. Tanmateix, des de fa uns anys, tamb\u00e9 hi participen alumnes, acompanyats pels seus professors\/es, en la mostra de treballs realitzats per l\u2019alumnat.<\/p>\n<\/div>\n","protected":false},"excerpt":{"rendered":"<p>El dissabte, dia 21 de maig de 2022 se celebrar\u00e0 la catorzena edici\u00f3 de la Jornada Programa, dedicada a l\u2019intercanvi d\u2019experi\u00e8ncies did\u00e0ctiques on s\u2019empren entorns de programaci\u00f3 i de rob\u00f2tica educatives.<br \/>\nAquest any es podr\u00e0 tornar a gaudir d\u2019una edici\u00f3 presencial, en horari de mat\u00ed i&hellip;  <a href=\"https:\/\/serveiseducatius.xtec.cat\/altmaresme\/portada\/xiv-jornada-de-programacio-i-robotica-educativa-citilab\/\" title=\"Read XIV Jornada de programaci\u00f3 i rob\u00f2tica educativa (Citilab)\">Llegeix m\u00e9s\u00bb<\/a><\/p>\n","protected":false},"author":1,"featured_media":16108,"comment_status":"open","ping_status":"closed","sticky":false,"template":"","format":"standard","meta":{"_bbp_topic_count":0,"_bbp_reply_count":0,"_bbp_total_topic_count":0,"_bbp_total_reply_count":0,"_bbp_voice_count":0,"_bbp_anonymous_reply_count":0,"_bbp_topic_count_hidden":0,"_bbp_reply_count_hidden":0,"_bbp_forum_subforum_count":0,"footnotes":""},"categories":[1054,29,1046,1045],"tags":[],"class_list":["post-16107","post","type-post","status-publish","format-standard","has-post-thumbnail","hentry","category-ambitdigital","category-portada","category-primaria","category-secundaria"],"post_mailing_queue_ids":[],"_links":{"self":[{"href":"https:\/\/serveiseducatius.xtec.cat\/altmaresme\/wp-json\/wp\/v2\/posts\/16107","targetHints":{"allow":["GET"]}}],"collection":[{"href":"https:\/\/serveiseducatius.xtec.cat\/altmaresme\/wp-json\/wp\/v2\/posts"}],"about":[{"href":"https:\/\/serveiseducatius.xtec.cat\/altmaresme\/wp-json\/wp\/v2\/types\/post"}],"author":[{"embeddable":true,"href":"https:\/\/serveiseducatius.xtec.cat\/altmaresme\/wp-json\/wp\/v2\/users\/1"}],"replies":[{"embeddable":true,"href":"https:\/\/serveiseducatius.xtec.cat\/altmaresme\/wp-json\/wp\/v2\/comments?post=16107"}],"version-history":[{"count":1,"href":"https:\/\/serveiseducatius.xtec.cat\/altmaresme\/wp-json\/wp\/v2\/posts\/16107\/revisions"}],"predecessor-version":[{"id":16109,"href":"https:\/\/serveiseducatius.xtec.cat\/altmaresme\/wp-json\/wp\/v2\/posts\/16107\/revisions\/16109"}],"wp:featuredmedia":[{"embeddable":true,"href":"https:\/\/serveiseducatius.xtec.cat\/altmaresme\/wp-json\/wp\/v2\/media\/16108"}],"wp:attachment":[{"href":"https:\/\/serveiseducatius.xtec.cat\/altmaresme\/wp-json\/wp\/v2\/media?parent=16107"}],"wp:term":[{"taxonomy":"category","embeddable":true,"href":"https:\/\/serveiseducatius.xtec.cat\/altmaresme\/wp-json\/wp\/v2\/categories?post=16107"},{"taxonomy":"post_tag","embeddable":true,"href":"https:\/\/serveiseducatius.xtec.cat\/altmaresme\/wp-json\/wp\/v2\/tags?post=16107"}],"curies":[{"name":"wp","href":"https:\/\/api.w.org\/{rel}","templated":true}]}}