{"id":16039,"date":"2022-03-22T09:06:18","date_gmt":"2022-03-22T08:06:18","guid":{"rendered":"https:\/\/serveiseducatius.xtec.cat\/altmaresme\/?p=16039"},"modified":"2022-03-21T09:06:50","modified_gmt":"2022-03-21T08:06:50","slug":"16a-cantada-escolar-de-pineda","status":"publish","type":"post","link":"https:\/\/serveiseducatius.xtec.cat\/altmaresme\/portada\/16a-cantada-escolar-de-pineda\/","title":{"rendered":"16a Cantada escolar de Pineda"},"content":{"rendered":"<p>Ens fa molta il\u00b7lusi\u00f3 presentar-vos la propera Cantada escolar de Pineda que es celebrar\u00e0 el proper <strong>8 d\u2019abril<\/strong> a partir de les 10.15 hores al camp municipal d&#8217;esports de Can Xaubet. Despr\u00e9s d&#8217;un temps sense poder-se trobar per gaudir de la m\u00fasica plegats, els i les alumnes de prim\u00e0ria de les escoles\u00a0 Aloc, Sant Jordi, Montpalau, Antoni Doltra, Jaume I, FEDAC Pineda, Mediterr\u00e0nia i Poblenou interpretaran una cantata relacionada amb la cura i la conservaci\u00f3 del medi ambient.<\/p>\n<p>Hi haur\u00e0 can\u00e7ons que ens parlaran del reciclatge, amb ritmes animats i melodies enganxoses, com per exemple &#8220;Les tres erres&#8221; del grup El Pol Petit o &#8220;Si triem juts&#8221; d&#8217;en Pitu Tries; tamb\u00e9 de com\u00a0 tenir cura dels animals i de la natura amb la can\u00e7o &#8220;Els quatre elements&#8221; i &#8220;Aix\u00f2 es pot Salvar&#8221;, aquesta darrera del grup Sau, o &#8220;Quina calitxa&#8221; de la Gossa Sorda. Alguna altra can\u00e7\u00f3 ens recordar\u00e0 episodis tristos o tr\u00e0gics, com &#8220;La costa del silencio&#8221; del Mago de Oz i el vessament del Prestige. I segur que m\u00e9s d&#8217;un\/a &#8220;avi\/a&#8221; li sonar\u00e0 la versi\u00f3 que Moskeo ha fet de la can\u00e7o &#8220;El Progreso&#8221; de Roberto Carlos i que la mainada interpreta amb molta il\u00b7lusi\u00f3.<\/p>\n<p>Participaran en el concert\u00a0 quatre m\u00fasics que interpretaran els acompanyaments instrumentals en viu: en Pep Romaguera (guitarra el\u00e8ctrica i baix), en Joan Bernaus (baix), en Javi Zamora (teclats) i l\u2019Adri\u00e0 Sanz (bateria).<\/p>\n<p>L&#8217;entrada a l&#8217;esdeveniment \u00e9s lliure. Es recomana\u00a0 als assistents que evitin\u00a0 tant com puguin l\u00fas del vehicle privat. Tot i aix\u00ed, hi haur\u00e0 una reserva d&#8217;aparcament de vehicles per a persones de mobilitat redu\u00efda.<\/p>\n<p>Us hi esperem!!!!<\/p>\n","protected":false},"excerpt":{"rendered":"<p>Ens fa molta il\u00b7lusi\u00f3 presentar-vos la propera Cantada escolar de Pineda que es celebrar\u00e0 el proper 8 d\u2019abril a partir de les 10.15 hores al camp municipal d&#8217;esports de Can Xaubet. Despr\u00e9s d&#8217;un temps sense poder-se trobar per gaudir de la m\u00fasica plegats, els i&hellip;  <a href=\"https:\/\/serveiseducatius.xtec.cat\/altmaresme\/portada\/16a-cantada-escolar-de-pineda\/\" title=\"Read 16a Cantada escolar de Pineda\">Llegeix m\u00e9s\u00bb<\/a><\/p>\n","protected":false},"author":73,"featured_media":16040,"comment_status":"open","ping_status":"closed","sticky":false,"template":"","format":"standard","meta":{"_bbp_topic_count":0,"_bbp_reply_count":0,"_bbp_total_topic_count":0,"_bbp_total_reply_count":0,"_bbp_voice_count":0,"_bbp_anonymous_reply_count":0,"_bbp_topic_count_hidden":0,"_bbp_reply_count_hidden":0,"_bbp_forum_subforum_count":0,"footnotes":""},"categories":[29,1046],"tags":[],"class_list":["post-16039","post","type-post","status-publish","format-standard","has-post-thumbnail","hentry","category-portada","category-primaria"],"post_mailing_queue_ids":[],"_links":{"self":[{"href":"https:\/\/serveiseducatius.xtec.cat\/altmaresme\/wp-json\/wp\/v2\/posts\/16039","targetHints":{"allow":["GET"]}}],"collection":[{"href":"https:\/\/serveiseducatius.xtec.cat\/altmaresme\/wp-json\/wp\/v2\/posts"}],"about":[{"href":"https:\/\/serveiseducatius.xtec.cat\/altmaresme\/wp-json\/wp\/v2\/types\/post"}],"author":[{"embeddable":true,"href":"https:\/\/serveiseducatius.xtec.cat\/altmaresme\/wp-json\/wp\/v2\/users\/73"}],"replies":[{"embeddable":true,"href":"https:\/\/serveiseducatius.xtec.cat\/altmaresme\/wp-json\/wp\/v2\/comments?post=16039"}],"version-history":[{"count":2,"href":"https:\/\/serveiseducatius.xtec.cat\/altmaresme\/wp-json\/wp\/v2\/posts\/16039\/revisions"}],"predecessor-version":[{"id":16079,"href":"https:\/\/serveiseducatius.xtec.cat\/altmaresme\/wp-json\/wp\/v2\/posts\/16039\/revisions\/16079"}],"wp:featuredmedia":[{"embeddable":true,"href":"https:\/\/serveiseducatius.xtec.cat\/altmaresme\/wp-json\/wp\/v2\/media\/16040"}],"wp:attachment":[{"href":"https:\/\/serveiseducatius.xtec.cat\/altmaresme\/wp-json\/wp\/v2\/media?parent=16039"}],"wp:term":[{"taxonomy":"category","embeddable":true,"href":"https:\/\/serveiseducatius.xtec.cat\/altmaresme\/wp-json\/wp\/v2\/categories?post=16039"},{"taxonomy":"post_tag","embeddable":true,"href":"https:\/\/serveiseducatius.xtec.cat\/altmaresme\/wp-json\/wp\/v2\/tags?post=16039"}],"curies":[{"name":"wp","href":"https:\/\/api.w.org\/{rel}","templated":true}]}}