{"id":16016,"date":"2022-03-11T11:41:25","date_gmt":"2022-03-11T10:41:25","guid":{"rendered":"https:\/\/serveiseducatius.xtec.cat\/altmaresme\/?p=16016"},"modified":"2022-03-11T11:41:25","modified_gmt":"2022-03-11T10:41:25","slug":"nova-maleta-pedagogica-en-prestec-plena-de-buit","status":"publish","type":"post","link":"https:\/\/serveiseducatius.xtec.cat\/altmaresme\/portada\/nova-maleta-pedagogica-en-prestec-plena-de-buit\/","title":{"rendered":"Nova maleta pedag\u00f2gica en pr\u00e9stec: Plena de buit"},"content":{"rendered":"<p>Maleta pedag\u00f2gica amb 6 tubs per fer buit. Us permetr\u00e0 treballar conceptes relacionats amb la pressi\u00f3 atmosf\u00e8rica, transmissi\u00f3 del so&#8230;<\/p>\n<p>Un material molt senzill d&#8217;utilitzar acompanyat de propostes que es poden fer des dels cursos m\u00e9s baixos de prim\u00e0ria fins a l&#8217;ESO.<\/p>\n<p>Tamb\u00e9 trobareu un dossier amb els conceptes principals relacionats amb experiments de buit.<\/p>\n","protected":false},"excerpt":{"rendered":"<p>Maleta pedag\u00f2gica amb 6 tubs per fer buit. Us permetr\u00e0 treballar conceptes relacionats amb la pressi\u00f3 atmosf\u00e8rica, transmissi\u00f3 del so&#8230;<br \/>\nUn material molt senzill d&#8217;utilitzar acompanyat de propostes que es poden fer des dels cursos m\u00e9s baixos de prim\u00e0ria fins a l&#8217;ESO.<br \/>\nTamb\u00e9 trobareu un dossier amb&hellip;  <a href=\"https:\/\/serveiseducatius.xtec.cat\/altmaresme\/portada\/nova-maleta-pedagogica-en-prestec-plena-de-buit\/\" title=\"Read Nova maleta pedag\u00f2gica en pr\u00e9stec: Plena de buit\">Llegeix m\u00e9s\u00bb<\/a><\/p>\n","protected":false},"author":1,"featured_media":16014,"comment_status":"open","ping_status":"closed","sticky":false,"template":"","format":"standard","meta":{"_bbp_topic_count":0,"_bbp_reply_count":0,"_bbp_total_topic_count":0,"_bbp_total_reply_count":0,"_bbp_voice_count":0,"_bbp_anonymous_reply_count":0,"_bbp_topic_count_hidden":0,"_bbp_reply_count_hidden":0,"_bbp_forum_subforum_count":0,"footnotes":""},"categories":[1057,82,29,1046,1045],"tags":[],"class_list":["post-16016","post","type-post","status-publish","format-standard","has-post-thumbnail","hentry","category-medi","category-maletes-pedagogiques","category-portada","category-primaria","category-secundaria"],"post_mailing_queue_ids":[],"_links":{"self":[{"href":"https:\/\/serveiseducatius.xtec.cat\/altmaresme\/wp-json\/wp\/v2\/posts\/16016","targetHints":{"allow":["GET"]}}],"collection":[{"href":"https:\/\/serveiseducatius.xtec.cat\/altmaresme\/wp-json\/wp\/v2\/posts"}],"about":[{"href":"https:\/\/serveiseducatius.xtec.cat\/altmaresme\/wp-json\/wp\/v2\/types\/post"}],"author":[{"embeddable":true,"href":"https:\/\/serveiseducatius.xtec.cat\/altmaresme\/wp-json\/wp\/v2\/users\/1"}],"replies":[{"embeddable":true,"href":"https:\/\/serveiseducatius.xtec.cat\/altmaresme\/wp-json\/wp\/v2\/comments?post=16016"}],"version-history":[{"count":1,"href":"https:\/\/serveiseducatius.xtec.cat\/altmaresme\/wp-json\/wp\/v2\/posts\/16016\/revisions"}],"predecessor-version":[{"id":16017,"href":"https:\/\/serveiseducatius.xtec.cat\/altmaresme\/wp-json\/wp\/v2\/posts\/16016\/revisions\/16017"}],"wp:featuredmedia":[{"embeddable":true,"href":"https:\/\/serveiseducatius.xtec.cat\/altmaresme\/wp-json\/wp\/v2\/media\/16014"}],"wp:attachment":[{"href":"https:\/\/serveiseducatius.xtec.cat\/altmaresme\/wp-json\/wp\/v2\/media?parent=16016"}],"wp:term":[{"taxonomy":"category","embeddable":true,"href":"https:\/\/serveiseducatius.xtec.cat\/altmaresme\/wp-json\/wp\/v2\/categories?post=16016"},{"taxonomy":"post_tag","embeddable":true,"href":"https:\/\/serveiseducatius.xtec.cat\/altmaresme\/wp-json\/wp\/v2\/tags?post=16016"}],"curies":[{"name":"wp","href":"https:\/\/api.w.org\/{rel}","templated":true}]}}