{"id":16004,"date":"2022-03-07T06:58:05","date_gmt":"2022-03-07T05:58:05","guid":{"rendered":"https:\/\/serveiseducatius.xtec.cat\/altmaresme\/?p=16004"},"modified":"2022-03-04T14:17:28","modified_gmt":"2022-03-04T13:17:28","slug":"v-jornada-dorientacio-professional-de-lalt-maresme","status":"publish","type":"post","link":"https:\/\/serveiseducatius.xtec.cat\/altmaresme\/portada\/v-jornada-dorientacio-professional-de-lalt-maresme\/","title":{"rendered":"V Jornada d&#8217;orientaci\u00f3 professional de l&#8217;Alt Maresme"},"content":{"rendered":"<p>El proper <b>25 de mar\u00e7 de 2022<\/b> es dur\u00e0 a terme la V Jornada d&#8217;orientaci\u00f3 professional de l&#8217;Alt Maresme amb el mateix format que l\u2019anterior edici\u00f3.<\/p>\n<p>La jornada tindr\u00e0 dues parts.<\/p>\n<p>La primera, de 8.30 a 9.20h aproximadament, adre\u00e7ada a personal <b>orientador, docents de l\u2019ESO, equips directius<\/b> i altres professionals que facin tasques d\u2019orientaci\u00f3 educativa. <b>Cal inscripci\u00f3 a l\u2019<\/b><a href=\"https:\/\/forms.gle\/9XaCLAyoiZ9zyUKm9\"><b>enlla\u00e7<\/b><\/a>. <b>Les persones inscrites rebran l\u2019acc\u00e9s a un meet, aproximadament 48 hores abans de l\u2019inici de la pon\u00e8ncia, al correu que hagin introdu\u00eft al formulari d\u2019inscripci\u00f3.<\/b><\/p>\n<p>La segona part, de 9.30 a 14.30h aproximadament, s\u2019<b>adre\u00e7a a l\u2019alumnat, docents de l&#8217;ESO i fam\u00edlies. <\/b>Ser\u00e0 oberta al p\u00fablic en general mitjan\u00e7ant tres canals de youtube. En aquest espai es far\u00e0 la presentaci\u00f3 de l&#8217;oferta formativa de cada centre. Per aquesta part <b>no cal inscripci\u00f3<\/b>. Les persones assistents podran participar als xats dels canals.<\/p>\n<p>Per a assistir a la jornada com a espectadors\/es, com a centre podeu habilitar tres sales per a fer la connexi\u00f3 al youtube amb un projector i una pantalla. Recomanem que, amb anterioritat, el professorat acordi amb cada grup quines presentacions es volen veure. Tamb\u00e9 podeu treballar quin tipus d\u2019intervencions fer pel xat.<\/p>\n<p>Donat que les videoconfer\u00e8ncies s&#8217;emeten en temps real per youtube podreu convidar a la jornada a les fam\u00edlies.<\/p>\n<p>La setmana del 14 al 18, quan disposem de tota la informaci\u00f3 i distribuci\u00f3 de les diverses ofertes formatives dels centres us farem arribar la taula de continguts per tal que els i les vostres alumnes puguin escollir a quines videoconfer\u00e8ncies volen assistir.<\/p>\n","protected":false},"excerpt":{"rendered":"<p>El proper 25 de mar\u00e7 de 2022 es dur\u00e0 a terme la V Jornada d&#8217;orientaci\u00f3 professional de l&#8217;Alt Maresme amb el mateix format que l\u2019anterior edici\u00f3.<br \/>\nLa jornada tindr\u00e0 dues parts.<br \/>\nLa primera, de 8.30 a 9.20h aproximadament, adre\u00e7ada a personal orientador, docents de l\u2019ESO, equips directius&hellip;  <a href=\"https:\/\/serveiseducatius.xtec.cat\/altmaresme\/portada\/v-jornada-dorientacio-professional-de-lalt-maresme\/\" title=\"Read V Jornada d&#8217;orientaci\u00f3 professional de l&#8217;Alt Maresme\">Llegeix m\u00e9s\u00bb<\/a><\/p>\n","protected":false},"author":1,"featured_media":16005,"comment_status":"open","ping_status":"closed","sticky":false,"template":"","format":"standard","meta":{"_bbp_topic_count":0,"_bbp_reply_count":0,"_bbp_total_topic_count":0,"_bbp_total_reply_count":0,"_bbp_voice_count":0,"_bbp_anonymous_reply_count":0,"_bbp_topic_count_hidden":0,"_bbp_reply_count_hidden":0,"_bbp_forum_subforum_count":0,"footnotes":""},"categories":[666,29,1045],"tags":[],"class_list":["post-16004","post","type-post","status-publish","format-standard","has-post-thumbnail","hentry","category-orientacio","category-portada","category-secundaria"],"post_mailing_queue_ids":[],"_links":{"self":[{"href":"https:\/\/serveiseducatius.xtec.cat\/altmaresme\/wp-json\/wp\/v2\/posts\/16004","targetHints":{"allow":["GET"]}}],"collection":[{"href":"https:\/\/serveiseducatius.xtec.cat\/altmaresme\/wp-json\/wp\/v2\/posts"}],"about":[{"href":"https:\/\/serveiseducatius.xtec.cat\/altmaresme\/wp-json\/wp\/v2\/types\/post"}],"author":[{"embeddable":true,"href":"https:\/\/serveiseducatius.xtec.cat\/altmaresme\/wp-json\/wp\/v2\/users\/1"}],"replies":[{"embeddable":true,"href":"https:\/\/serveiseducatius.xtec.cat\/altmaresme\/wp-json\/wp\/v2\/comments?post=16004"}],"version-history":[{"count":1,"href":"https:\/\/serveiseducatius.xtec.cat\/altmaresme\/wp-json\/wp\/v2\/posts\/16004\/revisions"}],"predecessor-version":[{"id":16006,"href":"https:\/\/serveiseducatius.xtec.cat\/altmaresme\/wp-json\/wp\/v2\/posts\/16004\/revisions\/16006"}],"wp:featuredmedia":[{"embeddable":true,"href":"https:\/\/serveiseducatius.xtec.cat\/altmaresme\/wp-json\/wp\/v2\/media\/16005"}],"wp:attachment":[{"href":"https:\/\/serveiseducatius.xtec.cat\/altmaresme\/wp-json\/wp\/v2\/media?parent=16004"}],"wp:term":[{"taxonomy":"category","embeddable":true,"href":"https:\/\/serveiseducatius.xtec.cat\/altmaresme\/wp-json\/wp\/v2\/categories?post=16004"},{"taxonomy":"post_tag","embeddable":true,"href":"https:\/\/serveiseducatius.xtec.cat\/altmaresme\/wp-json\/wp\/v2\/tags?post=16004"}],"curies":[{"name":"wp","href":"https:\/\/api.w.org\/{rel}","templated":true}]}}