{"id":16001,"date":"2022-03-03T16:07:17","date_gmt":"2022-03-03T15:07:17","guid":{"rendered":"https:\/\/serveiseducatius.xtec.cat\/altmaresme\/?p=16001"},"modified":"2022-03-03T16:07:17","modified_gmt":"2022-03-03T15:07:17","slug":"mem-la-consciencia-linguistica-a-lensenyament","status":"publish","type":"post","link":"https:\/\/serveiseducatius.xtec.cat\/altmaresme\/portada\/mem-la-consciencia-linguistica-a-lensenyament\/","title":{"rendered":"MEM: La consci\u00e8ncia ling\u00fc\u00edstica a l&#8217;ensenyament"},"content":{"rendered":"<p>Moviment Educatiu del Maresme:<\/p>\n<p>Donada la situaci\u00f3 que viu la llengua en aquest moments, tant a l\u2019\u00e0mbit educatiu com social i arreu, fem aquesta xerrada per tractar la\u00a0consci\u00e8ncia ling\u00fc\u00edstica que, de ben segur, \u00e9s l\u2019aspecte que tenim menys present.<\/p>\n<div>El proper\u00a0<strong>dimecres 9\/03\/2022 a les 18 h.<\/strong><strong>\u00a0a la seu del MEM<\/strong>, Esmandies Casal de Barri, Rda.O\u2019Donnell, 94 2n,\u00a0Matar\u00f3.<\/div>\n<div>\n<div><\/div>\n<div><strong>Inscripci\u00f3 a\u00a0la xerrada<br \/>\n<a href=\"https:\/\/memcat.us13.list-manage.com\/track\/click?u=a25d87437295c4bc0cc01296f&amp;id=bcbecc1a96&amp;e=4ba48112e4\" target=\"_blank\" rel=\"noopener\" data-saferedirecturl=\"https:\/\/www.google.com\/url?q=https:\/\/memcat.us13.list-manage.com\/track\/click?u%3Da25d87437295c4bc0cc01296f%26id%3Dbcbecc1a96%26e%3D4ba48112e4&amp;source=gmail&amp;ust=1646394577339000&amp;usg=AOvVaw2evuJzSghcw-T6wjv7gnm6\">https:\/\/tuit.cat\/9dyzq<\/a><\/strong><\/div>\n<\/div>\n","protected":false},"excerpt":{"rendered":"<p>Moviment Educatiu del Maresme:<br \/>\nDonada la situaci\u00f3 que viu la llengua en aquest moments, tant a l\u2019\u00e0mbit educatiu com social i arreu, fem aquesta xerrada per tractar la\u00a0consci\u00e8ncia ling\u00fc\u00edstica que, de ben segur, \u00e9s l\u2019aspecte que tenim menys present.<br \/>\nEl proper\u00a0dimecres 9\/03\/2022 a les 18 h.\u00a0a la&hellip;  <a href=\"https:\/\/serveiseducatius.xtec.cat\/altmaresme\/portada\/mem-la-consciencia-linguistica-a-lensenyament\/\" title=\"Read MEM: La consci\u00e8ncia ling\u00fc\u00edstica a l&#8217;ensenyament\">Llegeix m\u00e9s\u00bb<\/a><\/p>\n","protected":false},"author":1,"featured_media":16002,"comment_status":"open","ping_status":"closed","sticky":false,"template":"","format":"standard","meta":{"_bbp_topic_count":0,"_bbp_reply_count":0,"_bbp_total_topic_count":0,"_bbp_total_reply_count":0,"_bbp_voice_count":0,"_bbp_anonymous_reply_count":0,"_bbp_topic_count_hidden":0,"_bbp_reply_count_hidden":0,"_bbp_forum_subforum_count":0,"footnotes":""},"categories":[29,1046,1045],"tags":[],"class_list":["post-16001","post","type-post","status-publish","format-standard","has-post-thumbnail","hentry","category-portada","category-primaria","category-secundaria"],"post_mailing_queue_ids":[],"_links":{"self":[{"href":"https:\/\/serveiseducatius.xtec.cat\/altmaresme\/wp-json\/wp\/v2\/posts\/16001","targetHints":{"allow":["GET"]}}],"collection":[{"href":"https:\/\/serveiseducatius.xtec.cat\/altmaresme\/wp-json\/wp\/v2\/posts"}],"about":[{"href":"https:\/\/serveiseducatius.xtec.cat\/altmaresme\/wp-json\/wp\/v2\/types\/post"}],"author":[{"embeddable":true,"href":"https:\/\/serveiseducatius.xtec.cat\/altmaresme\/wp-json\/wp\/v2\/users\/1"}],"replies":[{"embeddable":true,"href":"https:\/\/serveiseducatius.xtec.cat\/altmaresme\/wp-json\/wp\/v2\/comments?post=16001"}],"version-history":[{"count":1,"href":"https:\/\/serveiseducatius.xtec.cat\/altmaresme\/wp-json\/wp\/v2\/posts\/16001\/revisions"}],"predecessor-version":[{"id":16003,"href":"https:\/\/serveiseducatius.xtec.cat\/altmaresme\/wp-json\/wp\/v2\/posts\/16001\/revisions\/16003"}],"wp:featuredmedia":[{"embeddable":true,"href":"https:\/\/serveiseducatius.xtec.cat\/altmaresme\/wp-json\/wp\/v2\/media\/16002"}],"wp:attachment":[{"href":"https:\/\/serveiseducatius.xtec.cat\/altmaresme\/wp-json\/wp\/v2\/media?parent=16001"}],"wp:term":[{"taxonomy":"category","embeddable":true,"href":"https:\/\/serveiseducatius.xtec.cat\/altmaresme\/wp-json\/wp\/v2\/categories?post=16001"},{"taxonomy":"post_tag","embeddable":true,"href":"https:\/\/serveiseducatius.xtec.cat\/altmaresme\/wp-json\/wp\/v2\/tags?post=16001"}],"curies":[{"name":"wp","href":"https:\/\/api.w.org\/{rel}","templated":true}]}}