{"id":15985,"date":"2022-03-02T12:29:00","date_gmt":"2022-03-02T11:29:00","guid":{"rendered":"https:\/\/serveiseducatius.xtec.cat\/altmaresme\/?p=15985"},"modified":"2022-03-02T12:29:00","modified_gmt":"2022-03-02T11:29:00","slug":"cesire-la-conversa-com-a-motor-de-laprenentatge-amb-sentit","status":"publish","type":"post","link":"https:\/\/serveiseducatius.xtec.cat\/altmaresme\/portada\/cesire-la-conversa-com-a-motor-de-laprenentatge-amb-sentit\/","title":{"rendered":"CESIRE.  La conversa com a motor de l\u2019aprenentatge amb sentit."},"content":{"rendered":"<p>El CESIRE ha publicat a la seva nova p\u00e0gina web els\u00a0continguts del <strong><span class=\"il\">cat\u00e0leg<\/span> 1<\/strong> :\u00a0<a href=\"https:\/\/serveiseducatius.xtec.cat\/cesire\/recerca\/\" target=\"_blank\" rel=\"noopener\" data-saferedirecturl=\"https:\/\/www.google.com\/url?q=https:\/\/serveiseducatius.xtec.cat\/cesire\/recerca\/&amp;source=gmail&amp;ust=1646301632626000&amp;usg=AOvVaw3MT808iNl6hFXRo2dk0JMr\">Acc\u00e9s a la recerca i evid\u00e8ncies d\u2019\u00e8xit educatiu<\/a>. En el\u00a0 marc d&#8217;aquesta iniciativa ofereix\u00a0 un cicle de confer\u00e8ncies sobre <a href=\"https:\/\/serveiseducatius.xtec.cat\/cesire\/category\/monograficsrecerca\/\" target=\"_blank\" rel=\"noopener\" data-saferedirecturl=\"https:\/\/www.google.com\/url?q=https:\/\/serveiseducatius.xtec.cat\/cesire\/category\/monograficsrecerca\/&amp;source=gmail&amp;ust=1646301632626000&amp;usg=AOvVaw0r9pRDJp0YB1tQzIv8k_64\">La conversa com a motor de l\u2019aprenentatge amb sentit<\/a>. Amb l\u2019objectiu de presentar pr\u00e0ctiques educatives on la conversa \u00e9s el centre de l\u2019aprenentatge i de recollir l\u2019opini\u00f3 dels experts, han programat un cicle de confer\u00e8ncies dinamitzades per Fernando Hern\u00e1ndez durant el mes de mar\u00e7. En <a href=\"https:\/\/serveiseducatius.xtec.cat\/cesire\/monografic-la-conversa-com-a-motor-daprenentatge-amb-sentit\/\" target=\"_blank\" rel=\"noopener\" data-saferedirecturl=\"https:\/\/www.google.com\/url?q=https:\/\/serveiseducatius.xtec.cat\/cesire\/monografic-la-conversa-com-a-motor-daprenentatge-amb-sentit\/&amp;source=gmail&amp;ust=1646301632626000&amp;usg=AOvVaw1lmwe4yhAmL1ZE5RlRVAyz\">aquest enlla\u00e7<\/a> trobareu m\u00e9s informaci\u00f3 i l\u2019acc\u00e9s directe a la inscripci\u00f3.<\/p>\n<p>El termini d&#8217;inscripci\u00f3 acab el proper 3 de mar\u00e7!<\/p>\n","protected":false},"excerpt":{"rendered":"<p>El CESIRE ha publicat a la seva nova p\u00e0gina web els\u00a0continguts del cat\u00e0leg 1 :\u00a0<a href=\"https:\/\/serveiseducatius.xtec.cat\/cesire\/recerca\/\" target=\"_blank\" rel=\"noopener\" data-saferedirecturl=\"https:\/\/www.google.com\/url?q=https:\/\/serveiseducatius.xtec.cat\/cesire\/recerca\/&amp;source=gmail&amp;ust=1646301632626000&amp;usg=AOvVaw3MT808iNl6hFXRo2dk0JMr\">Acc\u00e9s a la recerca i evid\u00e8ncies d\u2019\u00e8xit educatiu<\/a>. En el\u00a0 marc d&#8217;aquesta iniciativa ofereix\u00a0 un cicle de confer\u00e8ncies sobre <a href=\"https:\/\/serveiseducatius.xtec.cat\/cesire\/category\/monograficsrecerca\/\" target=\"_blank\" rel=\"noopener\" data-saferedirecturl=\"https:\/\/www.google.com\/url?q=https:\/\/serveiseducatius.xtec.cat\/cesire\/category\/monograficsrecerca\/&amp;source=gmail&amp;ust=1646301632626000&amp;usg=AOvVaw0r9pRDJp0YB1tQzIv8k_64\">La conversa com a&hellip;  <a href=\"https:\/\/serveiseducatius.xtec.cat\/altmaresme\/portada\/cesire-la-conversa-com-a-motor-de-laprenentatge-amb-sentit\/\" title=\"Read CESIRE.  La conversa com a motor de l\u2019aprenentatge amb sentit.\">Llegeix m\u00e9s\u00bb<\/a><\/p>\n","protected":false},"author":73,"featured_media":15986,"comment_status":"open","ping_status":"closed","sticky":false,"template":"","format":"standard","meta":{"_bbp_topic_count":0,"_bbp_reply_count":0,"_bbp_total_topic_count":0,"_bbp_total_reply_count":0,"_bbp_voice_count":0,"_bbp_anonymous_reply_count":0,"_bbp_topic_count_hidden":0,"_bbp_reply_count_hidden":0,"_bbp_forum_subforum_count":0,"footnotes":""},"categories":[29,1046,1045],"tags":[],"class_list":["post-15985","post","type-post","status-publish","format-standard","has-post-thumbnail","hentry","category-portada","category-primaria","category-secundaria"],"post_mailing_queue_ids":[],"_links":{"self":[{"href":"https:\/\/serveiseducatius.xtec.cat\/altmaresme\/wp-json\/wp\/v2\/posts\/15985","targetHints":{"allow":["GET"]}}],"collection":[{"href":"https:\/\/serveiseducatius.xtec.cat\/altmaresme\/wp-json\/wp\/v2\/posts"}],"about":[{"href":"https:\/\/serveiseducatius.xtec.cat\/altmaresme\/wp-json\/wp\/v2\/types\/post"}],"author":[{"embeddable":true,"href":"https:\/\/serveiseducatius.xtec.cat\/altmaresme\/wp-json\/wp\/v2\/users\/73"}],"replies":[{"embeddable":true,"href":"https:\/\/serveiseducatius.xtec.cat\/altmaresme\/wp-json\/wp\/v2\/comments?post=15985"}],"version-history":[{"count":1,"href":"https:\/\/serveiseducatius.xtec.cat\/altmaresme\/wp-json\/wp\/v2\/posts\/15985\/revisions"}],"predecessor-version":[{"id":15989,"href":"https:\/\/serveiseducatius.xtec.cat\/altmaresme\/wp-json\/wp\/v2\/posts\/15985\/revisions\/15989"}],"wp:featuredmedia":[{"embeddable":true,"href":"https:\/\/serveiseducatius.xtec.cat\/altmaresme\/wp-json\/wp\/v2\/media\/15986"}],"wp:attachment":[{"href":"https:\/\/serveiseducatius.xtec.cat\/altmaresme\/wp-json\/wp\/v2\/media?parent=15985"}],"wp:term":[{"taxonomy":"category","embeddable":true,"href":"https:\/\/serveiseducatius.xtec.cat\/altmaresme\/wp-json\/wp\/v2\/categories?post=15985"},{"taxonomy":"post_tag","embeddable":true,"href":"https:\/\/serveiseducatius.xtec.cat\/altmaresme\/wp-json\/wp\/v2\/tags?post=15985"}],"curies":[{"name":"wp","href":"https:\/\/api.w.org\/{rel}","templated":true}]}}