{"id":15969,"date":"2022-02-28T08:00:52","date_gmt":"2022-02-28T07:00:52","guid":{"rendered":"https:\/\/serveiseducatius.xtec.cat\/altmaresme\/?p=15969"},"modified":"2022-02-22T12:33:45","modified_gmt":"2022-02-22T11:33:45","slug":"physicat-el-concurs-de-resolucio-de-problemes-de-fisica-en-equip-adrecat-a-lalumnat-de-4t-deso","status":"publish","type":"post","link":"https:\/\/serveiseducatius.xtec.cat\/altmaresme\/portada\/physicat-el-concurs-de-resolucio-de-problemes-de-fisica-en-equip-adrecat-a-lalumnat-de-4t-deso\/","title":{"rendered":"Physicat, el concurs de resoluci\u00f3 de problemes de f\u00edsica en equip adre\u00e7at a l\u2019alumnat de 4t d\u2019ESO"},"content":{"rendered":"<p dir=\"ltr\">El concurs\u00a0<em>Physicat<\/em>\u00a0va n\u00e9ixer d\u2019un grup de treball format per professorat del seminari de\u00a0<em>F\u00edsica en Context<\/em>\u00a0de les comarques gironines. \u00a0La idea va sorgir de la voluntat de fer participar l\u2019alumnat \u00a0en un concurs\u00a0de f\u00edsica amb l\u2019objectiu de promoure el treball cooperatiu.<\/p>\n<p dir=\"ltr\">Pots consultar tota la informaci\u00f3 del funcionament del concurs, el temari i inscriure\u2019t a:\u00a0\u00a0<a href=\"https:\/\/blocs.xtec.cat\/physicat\/inscripcions\/\" target=\"_blank\" rel=\"noopener\" data-saferedirecturl=\"https:\/\/www.google.com\/url?q=https:\/\/blocs.xtec.cat\/physicat\/inscripcions\/&amp;source=gmail&amp;ust=1645605007159000&amp;usg=AOvVaw1OlNnqoDdrzhgNOgNw2-0E\">http:\/\/blocs.xtec.cat\/<wbr \/>physicat\/<\/a><\/p>\n<p dir=\"ltr\"><span style=\"text-decoration: underline;\"><strong>El per\u00edode d\u2019inscripci\u00f3 \u00e9s del 28 de febrer al 9 de mar\u00e7.<\/strong><\/span><\/p>\n<p dir=\"ltr\">Recordeu que el concurs es realitza sempre telem\u00e0ticament en el vostre centre, el dia i l\u2019hora que escolliu, dins del termini marcat. Aquest any el concurs estar\u00e0 obert del 28 de mar\u00e7 al 8 d\u2019abril.<\/p>\n<p dir=\"ltr\">Per qualsevol dubte o aclariment us podeu adre\u00e7ar al correu de Physicat.\u00a0\u00a0<a href=\"mailto:problemesphysicat@gmail.com\" target=\"_blank\" rel=\"noopener\">problemesphysicat@gmail.com<\/a><\/p>\n","protected":false},"excerpt":{"rendered":"<p>El concurs\u00a0Physicat\u00a0va n\u00e9ixer d\u2019un grup de treball format per professorat del seminari de\u00a0F\u00edsica en Context\u00a0de les comarques gironines. \u00a0La idea va sorgir de la voluntat de fer participar l\u2019alumnat \u00a0en un concurs\u00a0de f\u00edsica amb l\u2019objectiu de promoure el treball cooperatiu.<br \/>\nPots consultar tota la informaci\u00f3 del&hellip;  <a href=\"https:\/\/serveiseducatius.xtec.cat\/altmaresme\/portada\/physicat-el-concurs-de-resolucio-de-problemes-de-fisica-en-equip-adrecat-a-lalumnat-de-4t-deso\/\" title=\"Read Physicat, el concurs de resoluci\u00f3 de problemes de f\u00edsica en equip adre\u00e7at a l\u2019alumnat de 4t d\u2019ESO\">Llegeix m\u00e9s\u00bb<\/a><\/p>\n","protected":false},"author":137,"featured_media":15970,"comment_status":"open","ping_status":"closed","sticky":false,"template":"","format":"standard","meta":{"_bbp_topic_count":0,"_bbp_reply_count":0,"_bbp_total_topic_count":0,"_bbp_total_reply_count":0,"_bbp_voice_count":0,"_bbp_anonymous_reply_count":0,"_bbp_topic_count_hidden":0,"_bbp_reply_count_hidden":0,"_bbp_forum_subforum_count":0,"footnotes":""},"categories":[1057,29,1045],"tags":[],"class_list":["post-15969","post","type-post","status-publish","format-standard","has-post-thumbnail","hentry","category-medi","category-portada","category-secundaria"],"post_mailing_queue_ids":[],"_links":{"self":[{"href":"https:\/\/serveiseducatius.xtec.cat\/altmaresme\/wp-json\/wp\/v2\/posts\/15969","targetHints":{"allow":["GET"]}}],"collection":[{"href":"https:\/\/serveiseducatius.xtec.cat\/altmaresme\/wp-json\/wp\/v2\/posts"}],"about":[{"href":"https:\/\/serveiseducatius.xtec.cat\/altmaresme\/wp-json\/wp\/v2\/types\/post"}],"author":[{"embeddable":true,"href":"https:\/\/serveiseducatius.xtec.cat\/altmaresme\/wp-json\/wp\/v2\/users\/137"}],"replies":[{"embeddable":true,"href":"https:\/\/serveiseducatius.xtec.cat\/altmaresme\/wp-json\/wp\/v2\/comments?post=15969"}],"version-history":[{"count":1,"href":"https:\/\/serveiseducatius.xtec.cat\/altmaresme\/wp-json\/wp\/v2\/posts\/15969\/revisions"}],"predecessor-version":[{"id":15971,"href":"https:\/\/serveiseducatius.xtec.cat\/altmaresme\/wp-json\/wp\/v2\/posts\/15969\/revisions\/15971"}],"wp:featuredmedia":[{"embeddable":true,"href":"https:\/\/serveiseducatius.xtec.cat\/altmaresme\/wp-json\/wp\/v2\/media\/15970"}],"wp:attachment":[{"href":"https:\/\/serveiseducatius.xtec.cat\/altmaresme\/wp-json\/wp\/v2\/media?parent=15969"}],"wp:term":[{"taxonomy":"category","embeddable":true,"href":"https:\/\/serveiseducatius.xtec.cat\/altmaresme\/wp-json\/wp\/v2\/categories?post=15969"},{"taxonomy":"post_tag","embeddable":true,"href":"https:\/\/serveiseducatius.xtec.cat\/altmaresme\/wp-json\/wp\/v2\/tags?post=15969"}],"curies":[{"name":"wp","href":"https:\/\/api.w.org\/{rel}","templated":true}]}}