{"id":15904,"date":"2022-02-15T08:00:38","date_gmt":"2022-02-15T07:00:38","guid":{"rendered":"https:\/\/serveiseducatius.xtec.cat\/altmaresme\/?p=15904"},"modified":"2022-02-11T13:28:05","modified_gmt":"2022-02-11T12:28:05","slug":"visites-virtuals-a-tv-i-catalunya-radio","status":"publish","type":"post","link":"https:\/\/serveiseducatius.xtec.cat\/altmaresme\/general\/visites-virtuals-a-tv-i-catalunya-radio\/","title":{"rendered":"Visites virtuals a TV i Catalunya R\u00e0dio"},"content":{"rendered":"<p>La Corporaci\u00f3 Catalana de Mitjans Audiovisuals ofereix la possibilitat de visitar de manera virtual les instal\u00b7lacions de <strong><a href=\"https:\/\/www.ccma.cat\/visita-les-instalacions\/\">Televisi\u00f3 de Catalunya<\/a> i <a href=\"https:\/\/www.ccma.cat\/visita-les-instalacions\/catradio\/\">Catalunya R\u00e0dio<\/a><\/strong> per descobrir de prop la televisi\u00f3 i r\u00e0dio p\u00fabliques. Aquest nou format de visita, adaptat a la situaci\u00f3 actual, permetr\u00e0 veure des de dins com s\u00f3n i com es treballa en aquests mitjans de comunicaci\u00f3, des de qualsevol lloc on us trobeu.<\/p>\n<p>\ud83d\udcc6 <strong>CALENDARI:<\/strong><\/p>\n<p>De dilluns a divendres des de l\u20191 de febrer al 30 de juny de 2022<\/p>\n<p>\ud83d\udcb0 <strong>PREUS:<\/strong><\/p>\n<p>Activitat gratu\u00efta<\/p>\n<p>\ud83d\udcdd\u00a0<strong>INSCRIPCIONS:<\/strong><\/p>\n<p>M\u00e9s informaci\u00f3 i inscripcions a\u00a0<a href=\"https:\/\/www.ccma.cat\/visita-les-instalacions\/\" target=\"_blank\" rel=\"noopener\">TV3<\/a>\u00a0i\u00a0<a href=\"https:\/\/www.ccma.cat\/visita-les-instalacions\/catradio\/\" target=\"_blank\" rel=\"noopener\">Catalunya R\u00e0dio<\/a><\/p>\n","protected":false},"excerpt":{"rendered":"<p>La Corporaci\u00f3 Catalana de Mitjans Audiovisuals ofereix la possibilitat de visitar de manera virtual les instal\u00b7lacions de <a href=\"https:\/\/www.ccma.cat\/visita-les-instalacions\/\">Televisi\u00f3 de Catalunya<\/a> i <a href=\"https:\/\/www.ccma.cat\/visita-les-instalacions\/catradio\/\">Catalunya R\u00e0dio<\/a> per descobrir de prop la televisi\u00f3 i r\u00e0dio p\u00fabliques. Aquest nou format de visita, adaptat a la situaci\u00f3 actual, permetr\u00e0&hellip;  <a href=\"https:\/\/serveiseducatius.xtec.cat\/altmaresme\/general\/visites-virtuals-a-tv-i-catalunya-radio\/\" title=\"Read Visites virtuals a TV i Catalunya R\u00e0dio\">Llegeix m\u00e9s\u00bb<\/a><\/p>\n","protected":false},"author":1,"featured_media":15905,"comment_status":"open","ping_status":"closed","sticky":false,"template":"","format":"standard","meta":{"_bbp_topic_count":0,"_bbp_reply_count":0,"_bbp_total_topic_count":0,"_bbp_total_reply_count":0,"_bbp_voice_count":0,"_bbp_anonymous_reply_count":0,"_bbp_topic_count_hidden":0,"_bbp_reply_count_hidden":0,"_bbp_forum_subforum_count":0,"footnotes":""},"categories":[1059,1054,1,29,1046,1045],"tags":[],"class_list":["post-15904","post","type-post","status-publish","format-standard","has-post-thumbnail","hentry","category-artistic","category-ambitdigital","category-general","category-portada","category-primaria","category-secundaria"],"post_mailing_queue_ids":[],"_links":{"self":[{"href":"https:\/\/serveiseducatius.xtec.cat\/altmaresme\/wp-json\/wp\/v2\/posts\/15904","targetHints":{"allow":["GET"]}}],"collection":[{"href":"https:\/\/serveiseducatius.xtec.cat\/altmaresme\/wp-json\/wp\/v2\/posts"}],"about":[{"href":"https:\/\/serveiseducatius.xtec.cat\/altmaresme\/wp-json\/wp\/v2\/types\/post"}],"author":[{"embeddable":true,"href":"https:\/\/serveiseducatius.xtec.cat\/altmaresme\/wp-json\/wp\/v2\/users\/1"}],"replies":[{"embeddable":true,"href":"https:\/\/serveiseducatius.xtec.cat\/altmaresme\/wp-json\/wp\/v2\/comments?post=15904"}],"version-history":[{"count":1,"href":"https:\/\/serveiseducatius.xtec.cat\/altmaresme\/wp-json\/wp\/v2\/posts\/15904\/revisions"}],"predecessor-version":[{"id":15906,"href":"https:\/\/serveiseducatius.xtec.cat\/altmaresme\/wp-json\/wp\/v2\/posts\/15904\/revisions\/15906"}],"wp:featuredmedia":[{"embeddable":true,"href":"https:\/\/serveiseducatius.xtec.cat\/altmaresme\/wp-json\/wp\/v2\/media\/15905"}],"wp:attachment":[{"href":"https:\/\/serveiseducatius.xtec.cat\/altmaresme\/wp-json\/wp\/v2\/media?parent=15904"}],"wp:term":[{"taxonomy":"category","embeddable":true,"href":"https:\/\/serveiseducatius.xtec.cat\/altmaresme\/wp-json\/wp\/v2\/categories?post=15904"},{"taxonomy":"post_tag","embeddable":true,"href":"https:\/\/serveiseducatius.xtec.cat\/altmaresme\/wp-json\/wp\/v2\/tags?post=15904"}],"curies":[{"name":"wp","href":"https:\/\/api.w.org\/{rel}","templated":true}]}}