{"id":15875,"date":"2022-02-08T09:30:50","date_gmt":"2022-02-08T08:30:50","guid":{"rendered":"https:\/\/serveiseducatius.xtec.cat\/altmaresme\/?p=15875"},"modified":"2022-02-08T09:21:24","modified_gmt":"2022-02-08T08:21:24","slug":"cicle-de-conferencies-steam-a-les-aules","status":"publish","type":"post","link":"https:\/\/serveiseducatius.xtec.cat\/altmaresme\/general\/cicle-de-conferencies-steam-a-les-aules\/","title":{"rendered":"Cicle de confer\u00e8ncies: STEAM a les aules."},"content":{"rendered":"<p>Des del CRP Vall\u00e8s Oriental I volen compartir amb tots i totes vosaltres aquest nou cicle de confer\u00e8ncies que comen\u00e7a el 15 de febrer. Va adre\u00e7at a professorat i centres de secund\u00e0ria que vulguin comen\u00e7ar o aprofundir en projectes de centre que millorin ensenyaments STEAM.<\/p>\n<p>Hi ha previstes quatre xerrades, on es tractaran temes relacionats amb metodologies, organitzaci\u00f3 de centre, exemples reals, recursos disponibles i programes del Departament per afavorir el treball d&#8217;aquestes disciplines. Totes\u00a0les\u00a0sessions seran en dimarts, en horari de\u00a016 a 18 h, via MEET.\u00a0Les\u00a0persones inscrites rebran l&#8217;enlla\u00e7 per poder-s&#8217;hi connectar. El calendari ser\u00e0 el seg\u00fcent:<\/p>\n<p class=\"gmail_default\">&#8211; 15 de febrer: &#8220;ABP-STEM i organitzaci\u00f3 de centre&#8221; (Jordi Dom\u00e8nech)<\/p>\n<p class=\"gmail_default\">&#8211; 22 de febrer: &#8220;Per qu\u00e8 fem STEAM?&#8221; (Eul\u00e0lia Serrano)<\/p>\n<p class=\"gmail_default\">&#8211; 1 de mar\u00e7: &#8220;Recursos disponibles al CRP per treballar\u00a0les\u00a0STEAM&#8221; (Servei Educatiu VOI)<\/p>\n<p class=\"gmail_default\">&#8211; 8 de mar\u00e7: &#8220;Programa STEAMcat i altres recursos del Departament&#8221; (Olga Monta\u00f1a i Carmen Olivares)<\/p>\n<p class=\"gmail_default\">Els\/les\u00a0interessades es poden apuntar en aquest enlla\u00e7:<\/p>\n<div class=\"gmail_default\"><\/div>\n<div class=\"gmail_default\">\n<table border=\"0\" width=\"675\" cellspacing=\"2\" cellpadding=\"0\">\n<tbody>\n<tr>\n<td><\/td>\n<td valign=\"TOP\"><img loading=\"lazy\" decoding=\"async\" class=\"CToWUd\" src=\"https:\/\/ci4.googleusercontent.com\/proxy\/gW1_NLirMvzno666jJTHCeIRSZ7_TxjW17a1M4pW4kKLjJenHHz0mdApAXfGJDog6oYGUchr3K75GzrTxxL6yMacmlKSWzIzYGvlZSTykAivDnr9HoCG=s0-d-e1-ft#https:\/\/aplicacions.gestioeducativa.gencat.cat\/est\/gafadm\/img\/ins_ok.gif\" alt=\"Inscripci\u00f3 oberta\" width=\"16\" height=\"16\" border=\"0\" \/><\/td>\n<td valign=\"TOP\"><span style=\"font-family: arial, helvetica, geneva; font-size: small;\">A130671A13<\/span><\/td>\n<td valign=\"TOP\"><span style=\"font-family: arial, helvetica, geneva; font-size: small;\"><b><a href=\"https:\/\/aplicacions.gestioeducativa.gencat.cat\/pls\/soloas\/pk_for_mod_ins.p_for_detall_activitat?p_header=Selecci%F3^pk_for_mod_ins.p_for_form_cons_act?p_excloure_crp_rec=T*Llista%20d%27activitats^pk_for_mod_ins.p_for_cons_activitats?p_crp=A13%26p_crp_txt=Vall%E8s%20Oriental%20I.%20Granollers%26p_totes=S%26p_inici=61%26p_excloure_crp_rec=T&amp;p_codi=A130671A13&amp;p_curs=2021-2022&amp;p_excloure_crp_rec=T\" target=\"_blank\" rel=\"noopener\" data-saferedirecturl=\"https:\/\/www.google.com\/url?q=https:\/\/aplicacions.gestioeducativa.gencat.cat\/pls\/soloas\/pk_for_mod_ins.p_for_detall_activitat?p_header%3DSelecci%25F3%255Epk_for_mod_ins.p_for_form_cons_act?p_excloure_crp_rec%3DT*Llista%2520d%2527activitats%255Epk_for_mod_ins.p_for_cons_activitats?p_crp%3DA13%2526p_crp_txt%3DVall%25E8s%2520Oriental%2520I.%2520Granollers%2526p_totes%3DS%2526p_inici%3D61%2526p_excloure_crp_rec%3DT%26p_codi%3DA130671A13%26p_curs%3D2021-2022%26p_excloure_crp_rec%3DT&amp;source=gmail&amp;ust=1644317945451000&amp;usg=AOvVaw333gDcxYut4BcgWRGTdk_5\">STEAM\u00a0a\u00a0les\u00a0aules<\/a><\/b><\/span><\/td>\n<\/tr>\n<tr>\n<td colspan=\"3\"><\/td>\n<td valign=\"TOP\"><span style=\"font-family: arial, helvetica, geneva; font-size: xx-small;\">Cicle de confer\u00e8ncies. CRP del Vall\u00e8s Oriental I (Granollers). Del dimarts 15\/2\/2022 al 8\/3\/2022 de 16:00 a 18:00<\/span><\/td>\n<\/tr>\n<\/tbody>\n<\/table>\n<\/div>\n<div class=\"gmail_default\"><\/div>\n<div class=\"gmail_default\"><\/div>\n","protected":false},"excerpt":{"rendered":"<p>Des del CRP Vall\u00e8s Oriental I volen compartir amb tots i totes vosaltres aquest nou cicle de confer\u00e8ncies que comen\u00e7a el 15 de febrer. Va adre\u00e7at a professorat i centres de secund\u00e0ria que vulguin comen\u00e7ar o aprofundir en projectes de centre que millorin ensenyaments STEAM.<br \/>\nHi&hellip;  <a href=\"https:\/\/serveiseducatius.xtec.cat\/altmaresme\/general\/cicle-de-conferencies-steam-a-les-aules\/\" title=\"Read Cicle de confer\u00e8ncies: STEAM a les aules.\">Llegeix m\u00e9s\u00bb<\/a><\/p>\n","protected":false},"author":1,"featured_media":15885,"comment_status":"open","ping_status":"closed","sticky":false,"template":"","format":"standard","meta":{"_bbp_topic_count":0,"_bbp_reply_count":0,"_bbp_total_topic_count":0,"_bbp_total_reply_count":0,"_bbp_voice_count":0,"_bbp_anonymous_reply_count":0,"_bbp_topic_count_hidden":0,"_bbp_reply_count_hidden":0,"_bbp_forum_subforum_count":0,"footnotes":""},"categories":[1,29,1045],"tags":[],"class_list":["post-15875","post","type-post","status-publish","format-standard","has-post-thumbnail","hentry","category-general","category-portada","category-secundaria"],"post_mailing_queue_ids":[],"_links":{"self":[{"href":"https:\/\/serveiseducatius.xtec.cat\/altmaresme\/wp-json\/wp\/v2\/posts\/15875","targetHints":{"allow":["GET"]}}],"collection":[{"href":"https:\/\/serveiseducatius.xtec.cat\/altmaresme\/wp-json\/wp\/v2\/posts"}],"about":[{"href":"https:\/\/serveiseducatius.xtec.cat\/altmaresme\/wp-json\/wp\/v2\/types\/post"}],"author":[{"embeddable":true,"href":"https:\/\/serveiseducatius.xtec.cat\/altmaresme\/wp-json\/wp\/v2\/users\/1"}],"replies":[{"embeddable":true,"href":"https:\/\/serveiseducatius.xtec.cat\/altmaresme\/wp-json\/wp\/v2\/comments?post=15875"}],"version-history":[{"count":3,"href":"https:\/\/serveiseducatius.xtec.cat\/altmaresme\/wp-json\/wp\/v2\/posts\/15875\/revisions"}],"predecessor-version":[{"id":15886,"href":"https:\/\/serveiseducatius.xtec.cat\/altmaresme\/wp-json\/wp\/v2\/posts\/15875\/revisions\/15886"}],"wp:featuredmedia":[{"embeddable":true,"href":"https:\/\/serveiseducatius.xtec.cat\/altmaresme\/wp-json\/wp\/v2\/media\/15885"}],"wp:attachment":[{"href":"https:\/\/serveiseducatius.xtec.cat\/altmaresme\/wp-json\/wp\/v2\/media?parent=15875"}],"wp:term":[{"taxonomy":"category","embeddable":true,"href":"https:\/\/serveiseducatius.xtec.cat\/altmaresme\/wp-json\/wp\/v2\/categories?post=15875"},{"taxonomy":"post_tag","embeddable":true,"href":"https:\/\/serveiseducatius.xtec.cat\/altmaresme\/wp-json\/wp\/v2\/tags?post=15875"}],"curies":[{"name":"wp","href":"https:\/\/api.w.org\/{rel}","templated":true}]}}