{"id":15868,"date":"2022-02-09T09:00:20","date_gmt":"2022-02-09T08:00:20","guid":{"rendered":"https:\/\/serveiseducatius.xtec.cat\/altmaresme\/?p=15868"},"modified":"2022-02-07T13:45:41","modified_gmt":"2022-02-07T12:45:41","slug":"conferencia-virtual-el-catala-i-la-diversitat-linguistica","status":"publish","type":"post","link":"https:\/\/serveiseducatius.xtec.cat\/altmaresme\/general\/conferencia-virtual-el-catala-i-la-diversitat-linguistica\/","title":{"rendered":"Confer\u00e8ncia virtual: el catal\u00e0 i la diversitat ling\u00fc\u00edstica."},"content":{"rendered":"<p dir=\"ltr\"><span style=\"font-family: verdana, sans-serif;\">Us informem que el 23 de febrer a les 18h tindr\u00e0 lloc de manera virtual una <span class=\"gmail_default\">confer\u00e8ncia<\/span> de conscienciaci\u00f3 ling\u00fc\u00edstica: El catal\u00e0 i la diversitat ling\u00fc\u00edstica, a<span class=\"gmail_default\">mb la col\u00b7laboraci\u00f3<\/span> de Carme Junyent, ling\u00fcista UB i membre del GELA (Grup d\u2019estudi de lleng\u00fces amena\u00e7ades) i Antoni Farriols, inspector del <span class=\"gmail_default\">V<\/span>all\u00e8s Nord. <\/span><\/p>\n<p dir=\"ltr\"><span style=\"font-family: verdana, sans-serif;\"><span class=\"gmail_default\"><a href=\"https:\/\/docs.google.com\/forms\/d\/e\/1FAIpQLSddSMgbg7lwN54VbBMrtxOP-uBQtaM8DayQ3jVaM5-eYlsA9g\/viewform\" target=\"_blank\" rel=\"noopener\" data-saferedirecturl=\"https:\/\/www.google.com\/url?q=https:\/\/docs.google.com\/forms\/d\/e\/1FAIpQLSddSMgbg7lwN54VbBMrtxOP-uBQtaM8DayQ3jVaM5-eYlsA9g\/viewform?usp%3Dsf_link&amp;source=gmail&amp;ust=1644322640976000&amp;usg=AOvVaw0VtAg5CBEpReTPyVz-jfLR\">\u00a0\u00a0\u00a0\u00a0\u00a0\u00a0\u00a0\u00a0\u00a0\u00a0\u00a0\u00a0\u00a0\u00a0\u00a0\u00a0\u00a0\u00a0\u00a0\u00a0\u00a0\u00a0\u00a0\u00a0\u00a0 <img decoding=\"async\" class=\"an1\" src=\"https:\/\/fonts.gstatic.com\/s\/e\/notoemoji\/14.0\/1f449\/72.png\" alt=\"\ud83d\udc49\" data-emoji=\"\ud83d\udc49\" aria-label=\"\ud83d\udc49\" \/> \u00a0\u00a0\u00a0\u00a0\u00a0\u00a0\u00a0 INSCRIPCI\u00d3 NECESS\u00c0RIA<\/a><\/span><\/span><\/p>\n<p dir=\"ltr\"><span style=\"font-family: verdana, sans-serif;\">Des del CRP Vall\u00e8s Oriental III fan extensiva la invitaci\u00f3 a tots els i les docents de la zona Maresme-Vall\u00e8s Oriental. Esperem que us animeu a assistir-hi!<br \/>\n<\/span><\/p>\n<p dir=\"ltr\">\n","protected":false},"excerpt":{"rendered":"<p>Us informem que el 23 de febrer a les 18h tindr\u00e0 lloc de manera virtual una confer\u00e8ncia de conscienciaci\u00f3 ling\u00fc\u00edstica: El catal\u00e0 i la diversitat ling\u00fc\u00edstica, amb la col\u00b7laboraci\u00f3 de Carme Junyent, ling\u00fcista UB i membre del GELA (Grup d\u2019estudi de lleng\u00fces amena\u00e7ades) i Antoni&hellip;  <a href=\"https:\/\/serveiseducatius.xtec.cat\/altmaresme\/general\/conferencia-virtual-el-catala-i-la-diversitat-linguistica\/\" title=\"Read Confer\u00e8ncia virtual: el catal\u00e0 i la diversitat ling\u00fc\u00edstica.\">Llegeix m\u00e9s\u00bb<\/a><\/p>\n","protected":false},"author":1,"featured_media":15871,"comment_status":"open","ping_status":"closed","sticky":false,"template":"","format":"standard","meta":{"_bbp_topic_count":0,"_bbp_reply_count":0,"_bbp_total_topic_count":0,"_bbp_total_reply_count":0,"_bbp_voice_count":0,"_bbp_anonymous_reply_count":0,"_bbp_topic_count_hidden":0,"_bbp_reply_count_hidden":0,"_bbp_forum_subforum_count":0,"footnotes":""},"categories":[1,29,1046,1045],"tags":[],"class_list":["post-15868","post","type-post","status-publish","format-standard","has-post-thumbnail","hentry","category-general","category-portada","category-primaria","category-secundaria"],"post_mailing_queue_ids":[],"_links":{"self":[{"href":"https:\/\/serveiseducatius.xtec.cat\/altmaresme\/wp-json\/wp\/v2\/posts\/15868","targetHints":{"allow":["GET"]}}],"collection":[{"href":"https:\/\/serveiseducatius.xtec.cat\/altmaresme\/wp-json\/wp\/v2\/posts"}],"about":[{"href":"https:\/\/serveiseducatius.xtec.cat\/altmaresme\/wp-json\/wp\/v2\/types\/post"}],"author":[{"embeddable":true,"href":"https:\/\/serveiseducatius.xtec.cat\/altmaresme\/wp-json\/wp\/v2\/users\/1"}],"replies":[{"embeddable":true,"href":"https:\/\/serveiseducatius.xtec.cat\/altmaresme\/wp-json\/wp\/v2\/comments?post=15868"}],"version-history":[{"count":3,"href":"https:\/\/serveiseducatius.xtec.cat\/altmaresme\/wp-json\/wp\/v2\/posts\/15868\/revisions"}],"predecessor-version":[{"id":15874,"href":"https:\/\/serveiseducatius.xtec.cat\/altmaresme\/wp-json\/wp\/v2\/posts\/15868\/revisions\/15874"}],"wp:featuredmedia":[{"embeddable":true,"href":"https:\/\/serveiseducatius.xtec.cat\/altmaresme\/wp-json\/wp\/v2\/media\/15871"}],"wp:attachment":[{"href":"https:\/\/serveiseducatius.xtec.cat\/altmaresme\/wp-json\/wp\/v2\/media?parent=15868"}],"wp:term":[{"taxonomy":"category","embeddable":true,"href":"https:\/\/serveiseducatius.xtec.cat\/altmaresme\/wp-json\/wp\/v2\/categories?post=15868"},{"taxonomy":"post_tag","embeddable":true,"href":"https:\/\/serveiseducatius.xtec.cat\/altmaresme\/wp-json\/wp\/v2\/tags?post=15868"}],"curies":[{"name":"wp","href":"https:\/\/api.w.org\/{rel}","templated":true}]}}