{"id":15834,"date":"2022-02-04T08:59:57","date_gmt":"2022-02-04T07:59:57","guid":{"rendered":"https:\/\/serveiseducatius.xtec.cat\/altmaresme\/?p=15834"},"modified":"2022-02-04T08:59:57","modified_gmt":"2022-02-04T07:59:57","slug":"ix-jocs-florals-escolars-de-catalunya","status":"publish","type":"post","link":"https:\/\/serveiseducatius.xtec.cat\/altmaresme\/general\/ix-jocs-florals-escolars-de-catalunya\/","title":{"rendered":"IX Jocs Florals Escolars de Catalunya"},"content":{"rendered":"<p><span lang=\"CA\">El Departament d\u2019Educaci\u00f3 convoca els <a href=\"https:\/\/eur03.safelinks.protection.outlook.com\/?url=http%3A%2F%2Fxtec.gencat.cat%2Fca%2Fcentres%2Falscentres%2Fpremis%2Fjocsflorals%2F2122%2F&amp;data=04%7C01%7Cserveis_edu_mvo.educacio%40gencat.cat%7Cf743a0032f1d4c9463b508d9e6e5ca19%7C3b9427dcd30e43bc8c06ff7253676fec%7C1%7C0%7C637794696904264418%7CUnknown%7CTWFpbGZsb3d8eyJWIjoiMC4wLjAwMDAiLCJQIjoiV2luMzIiLCJBTiI6Ik1haWwiLCJXVCI6Mn0%3D%7C3000&amp;sdata=tA4N2bO5VFAaKX0oeYhzqlqUeHZ9%2FeMj0%2Be9XYMTke4%3D&amp;reserved=0\" target=\"_blank\" rel=\"noopener\" data-saferedirecturl=\"https:\/\/www.google.com\/url?q=https:\/\/eur03.safelinks.protection.outlook.com\/?url%3Dhttp%253A%252F%252Fxtec.gencat.cat%252Fca%252Fcentres%252Falscentres%252Fpremis%252Fjocsflorals%252F2122%252F%26data%3D04%257C01%257Cserveis_edu_mvo.educacio%2540gencat.cat%257Cf743a0032f1d4c9463b508d9e6e5ca19%257C3b9427dcd30e43bc8c06ff7253676fec%257C1%257C0%257C637794696904264418%257CUnknown%257CTWFpbGZsb3d8eyJWIjoiMC4wLjAwMDAiLCJQIjoiV2luMzIiLCJBTiI6Ik1haWwiLCJXVCI6Mn0%253D%257C3000%26sdata%3DtA4N2bO5VFAaKX0oeYhzqlqUeHZ9%252FeMj0%252Be9XYMTke4%253D%26reserved%3D0&amp;source=gmail&amp;ust=1644045086079000&amp;usg=AOvVaw2roQcdTYgZFNWZ-yy-tjoL\">IX Jocs\u00a0Florals\u00a0Escolars\u00a0de Catalunya<\/a> amb l&#8217;objectiu de promoure l&#8217;escriptura tant en prosa com en poesia en infants i joves de sis a divuit anys. Us adjuntem les bases de participaci\u00f3:<\/span><\/p>\n<ul>\n<li><a href=\"https:\/\/drive.google.com\/file\/d\/15yGe2mujNWOZ1rOd2DfXwhgNv9WYtP6u\/view?usp=sharing\">Bases IX Jocs Florals<\/a><\/li>\n<\/ul>\n<p><span lang=\"CA\"> Com podreu veure hi ha diferents categories de participaci\u00f3 per a Educaci\u00f3 Prim\u00e0ria i Educaci\u00f3 Secund\u00e0ria.<\/span><\/p>\n<p><span lang=\"CA\">Disposeu d&#8217;un recull de recursos i eines a la <a href=\"http:\/\/xtec.gencat.cat\/ca\/centres\/alscentres\/premis\/jocsflorals\/2122\/\">mateixa web<\/a> que podeu fer servir:<\/span><\/p>\n<table style=\"border-collapse: collapse; width: 100%;\">\n<tbody>\n<tr>\n<td style=\"width: 33.3333%;\">ARAESCRIC:<\/p>\n<p><a href=\"http:\/\/xtec.gencat.cat\/ca\/projectes\/escriptura\/ara-escric\/eines-per-al-professorat\/decaleg-descriptura\/\">Dec\u00e0leg d&#8217;escriptura<\/a> i <a href=\"http:\/\/xtec.gencat.cat\/ca\/projectes\/escriptura\/ara-escric\/conferencies\/\">Confer\u00e8ncies d&#8217;escriptura<\/a><\/td>\n<td style=\"width: 33.3333%;\">POSSEIR LA POESIA<\/p>\n<p><a href=\"https:\/\/projectes.xtec.cat\/bescat\/wp-content\/uploads\/usu793\/2020\/04\/poesia_r.pdf?_ga=2.9762869.1072926237.1643959267-948360219.1600099587\">Dossier d&#8217;activitats<\/a><\/td>\n<td style=\"width: 33.3333%;\">GUST PER LA LECTURA<\/p>\n<p><a href=\"http:\/\/xtec.gencat.cat\/web\/.content\/projectes\/lectura\/gustperlalectura\/materialdidactic\/documents\/primaria\/endevinalles_CS_dossier.pdf\">Endevinalles<\/a><\/td>\n<\/tr>\n<\/tbody>\n<\/table>\n<p>DESTAQUEM LA CATEGORIA H DEL CONTE IL\u00b7LUSTRAT!<a href=\"https:\/\/serveiseducatius.xtec.cat\/altmaresme\/wp-content\/uploads\/usu1140\/2022\/02\/jocsflorals.jpg\"><img loading=\"lazy\" decoding=\"async\" class=\" wp-image-15835 alignright\" src=\"https:\/\/serveiseducatius.xtec.cat\/altmaresme\/wp-content\/uploads\/usu1140\/2022\/02\/jocsflorals.jpg\" alt=\"\" width=\"357\" height=\"359\" srcset=\"https:\/\/serveiseducatius.xtec.cat\/altmaresme\/wp-content\/uploads\/usu1140\/2022\/02\/jocsflorals.jpg 471w, https:\/\/serveiseducatius.xtec.cat\/altmaresme\/wp-content\/uploads\/usu1140\/2022\/02\/jocsflorals-150x150.jpg 150w\" sizes=\"auto, (max-width: 357px) 100vw, 357px\" \/><\/a><\/p>\n<p>Adre\u00e7ada a tot l&#8217;alumnat de prim\u00e0ria i tamb\u00e9 d\u2019educaci\u00f3 especial. El prop\u00f2sit \u00e9s promoure la creaci\u00f3 liter\u00e0ria potenciant el treball interdisciplinari des de l&#8217;\u00e0mbit ling\u00fc\u00edstic, l&#8217;\u00e0mbit digital i l&#8217;\u00e0mbit art\u00edstic. En aquesta categoria s\u2019han d\u2019abordar noves t\u00e8cniques narratives com el gui\u00f3, la llengua oral, la banda sonora i la dimensi\u00f3 visual i pl\u00e0stica.<\/p>\n<p><span lang=\"CA\">En el blog<\/span><span lang=\"CA\">\u00a0<a href=\"https:\/\/eur03.safelinks.protection.outlook.com\/?url=https%3A%2F%2Fblocs.xtec.cat%2Fjocsflorals-conteaudiovisual%2Fprojecte%2F%23_ga%3D2.55315179.192357894.1580657198-217959981.1497171735&amp;data=04%7C01%7Cserveis_edu_mvo.educacio%40gencat.cat%7Cf743a0032f1d4c9463b508d9e6e5ca19%7C3b9427dcd30e43bc8c06ff7253676fec%7C1%7C0%7C637794696904264418%7CUnknown%7CTWFpbGZsb3d8eyJWIjoiMC4wLjAwMDAiLCJQIjoiV2luMzIiLCJBTiI6Ik1haWwiLCJXVCI6Mn0%3D%7C3000&amp;sdata=FzQ40no5pW9dIoQ6l%2FYFWkTeHIQVfscFOreodEwZvbM%3D&amp;reserved=0\" target=\"_blank\" rel=\"noopener\" data-saferedirecturl=\"https:\/\/www.google.com\/url?q=https:\/\/eur03.safelinks.protection.outlook.com\/?url%3Dhttps%253A%252F%252Fblocs.xtec.cat%252Fjocsflorals-conteaudiovisual%252Fprojecte%252F%2523_ga%253D2.55315179.192357894.1580657198-217959981.1497171735%26data%3D04%257C01%257Cserveis_edu_mvo.educacio%2540gencat.cat%257Cf743a0032f1d4c9463b508d9e6e5ca19%257C3b9427dcd30e43bc8c06ff7253676fec%257C1%257C0%257C637794696904264418%257CUnknown%257CTWFpbGZsb3d8eyJWIjoiMC4wLjAwMDAiLCJQIjoiV2luMzIiLCJBTiI6Ik1haWwiLCJXVCI6Mn0%253D%257C3000%26sdata%3DFzQ40no5pW9dIoQ6l%252FYFWkTeHIQVfscFOreodEwZvbM%253D%26reserved%3D0&amp;source=gmail&amp;ust=1644045086079000&amp;usg=AOvVaw34iZ92Kfu8G6QUtsXCHKyP\">Conte audiovisual il\u00b7lustrat\u00a0<\/a>\u00a0<\/span><span lang=\"CA\">podeu trobar una proposta per treballar el conte audiovisual com a projecte de treball interdisciplinari, aix\u00ed com un llistat de recursos d&#8217;\u00e0udio i v\u00eddeo que es pot utilitzar per a l\u2019elaboraci\u00f3 del conte audiovisual. Consulteu aqu\u00ed les bases d&#8217;aquesta categoria:<\/span><\/p>\n<ul>\n<li><a href=\"https:\/\/drive.google.com\/file\/d\/1rn9SaEa9cK78A-UYkBm1Xq_YAqO6vVjo\/view?usp=sharing\">Bases Categoria H &#8211; Conte Audiovisual<\/a><\/li>\n<\/ul>\n<p><span lang=\"CA\">Totes les\u00a0<b>categories de prim\u00e0ria<\/b>\u00a0s\u00f3n\u00a0<b><u>col\u00b7lectives<\/u><\/b> i han de participar-hi, com a <b>m\u00ednim<\/b>, tres alumnes; a partir d\u2019aquest nombre, cada centre pot decidir el total d\u2019alumnes que hi participar\u00e0.<\/span><\/p>\n<p>&nbsp;<\/p>\n<p><span lang=\"CA\">Podeu fer les inscripcions fins <b>dilluns 21 de febrer <\/b>mitjan\u00e7ant aquest formulari\u00a0<a href=\"https:\/\/eur03.safelinks.protection.outlook.com\/?url=https%3A%2F%2Fdocs.google.com%2Fforms%2Fd%2Fe%2F1FAIpQLScGkvpZMrbEnduw8XgWVzrMEeJpF41RkcT0m7oaZB3pduHnXQ%2Fviewform%3Fusp%3Dsf_link&amp;data=04%7C01%7Cserveis_edu_mvo.educacio%40gencat.cat%7Cf743a0032f1d4c9463b508d9e6e5ca19%7C3b9427dcd30e43bc8c06ff7253676fec%7C1%7C0%7C637794696904264418%7CUnknown%7CTWFpbGZsb3d8eyJWIjoiMC4wLjAwMDAiLCJQIjoiV2luMzIiLCJBTiI6Ik1haWwiLCJXVCI6Mn0%3D%7C3000&amp;sdata=L7dbDHFhvpaNX%2FwLoC03720yflV6epdZy2LhyZLD%2Fn8%3D&amp;reserved=0\" target=\"_blank\" rel=\"noopener\" data-saferedirecturl=\"https:\/\/www.google.com\/url?q=https:\/\/eur03.safelinks.protection.outlook.com\/?url%3Dhttps%253A%252F%252Fdocs.google.com%252Fforms%252Fd%252Fe%252F1FAIpQLScGkvpZMrbEnduw8XgWVzrMEeJpF41RkcT0m7oaZB3pduHnXQ%252Fviewform%253Fusp%253Dsf_link%26data%3D04%257C01%257Cserveis_edu_mvo.educacio%2540gencat.cat%257Cf743a0032f1d4c9463b508d9e6e5ca19%257C3b9427dcd30e43bc8c06ff7253676fec%257C1%257C0%257C637794696904264418%257CUnknown%257CTWFpbGZsb3d8eyJWIjoiMC4wLjAwMDAiLCJQIjoiV2luMzIiLCJBTiI6Ik1haWwiLCJXVCI6Mn0%253D%257C3000%26sdata%3DL7dbDHFhvpaNX%252FwLoC03720yflV6epdZy2LhyZLD%252Fn8%253D%26reserved%3D0&amp;source=gmail&amp;ust=1644045086079000&amp;usg=AOvVaw2J4QKcCZ1HJR_o2YmX7mh5\">INSCRIPCI\u00d3 IX JOCS FLORALS ESCOLARS DE CATALUNYA 2022<\/a><\/span><\/p>\n<table style=\"border-collapse: collapse; width: 100%;\">\n<tbody>\n<tr>\n<td style=\"width: 100%;\">Recordeu que\u00a0Els Jocs Florals Escolars de Catalunya s\u2019organitzen en dues fases:<\/td>\n<\/tr>\n<tr>\n<td style=\"width: 100%;\">\n<p dir=\"ltr\"><strong>Fase Territorial<\/strong>, consta de dos moments:<\/p>\n<ul>\n<li dir=\"ltr\">\n<p dir=\"ltr\" role=\"presentation\">Els Serveis Educatius realitzen la fase de preselecci\u00f3 de la qual surten els treballs que es presentaran a la semifinal.<\/p>\n<\/li>\n<li dir=\"ltr\">\n<p dir=\"ltr\" role=\"presentation\">El veredicte de la fase Territorial dels IX Jocs Florals, que esperem fer p\u00fablic en un format presencial, si les circumst\u00e0ncies ho permeten. Els treballs premiats passaran a participar en\u00a0 la Fase Nacional.<\/p>\n<\/li>\n<\/ul>\n<\/td>\n<\/tr>\n<tr>\n<td style=\"width: 100%;\">\n<p dir=\"ltr\"><strong>Fase Nacional<\/strong>:<\/p>\n<ul>\n<li dir=\"ltr\">\n<p dir=\"ltr\" role=\"presentation\">Els finalistes de la Fase Territorial de Maresme &#8211; Vall\u00e8s Oriental participaran en l\u2019acte final dels IX Jocs Florals Escolars de Catalunya.<\/p>\n<\/li>\n<\/ul>\n<\/td>\n<\/tr>\n<\/tbody>\n<\/table>\n<p><b>M\u00e9s endavant es facilitar\u00e0 m\u00e9s informaci\u00f3 als centres inscrits i es concretar\u00e0 el calendari.\u00a0<\/b><\/p>\n","protected":false},"excerpt":{"rendered":"<p>El Departament d\u2019Educaci\u00f3 convoca els <a href=\"https:\/\/eur03.safelinks.protection.outlook.com\/?url=http%3A%2F%2Fxtec.gencat.cat%2Fca%2Fcentres%2Falscentres%2Fpremis%2Fjocsflorals%2F2122%2F&amp;data=04%7C01%7Cserveis_edu_mvo.educacio%40gencat.cat%7Cf743a0032f1d4c9463b508d9e6e5ca19%7C3b9427dcd30e43bc8c06ff7253676fec%7C1%7C0%7C637794696904264418%7CUnknown%7CTWFpbGZsb3d8eyJWIjoiMC4wLjAwMDAiLCJQIjoiV2luMzIiLCJBTiI6Ik1haWwiLCJXVCI6Mn0%3D%7C3000&amp;sdata=tA4N2bO5VFAaKX0oeYhzqlqUeHZ9%2FeMj0%2Be9XYMTke4%3D&amp;reserved=0\" target=\"_blank\" rel=\"noopener\" data-saferedirecturl=\"https:\/\/www.google.com\/url?q=https:\/\/eur03.safelinks.protection.outlook.com\/?url%3Dhttp%253A%252F%252Fxtec.gencat.cat%252Fca%252Fcentres%252Falscentres%252Fpremis%252Fjocsflorals%252F2122%252F%26data%3D04%257C01%257Cserveis_edu_mvo.educacio%2540gencat.cat%257Cf743a0032f1d4c9463b508d9e6e5ca19%257C3b9427dcd30e43bc8c06ff7253676fec%257C1%257C0%257C637794696904264418%257CUnknown%257CTWFpbGZsb3d8eyJWIjoiMC4wLjAwMDAiLCJQIjoiV2luMzIiLCJBTiI6Ik1haWwiLCJXVCI6Mn0%253D%257C3000%26sdata%3DtA4N2bO5VFAaKX0oeYhzqlqUeHZ9%252FeMj0%252Be9XYMTke4%253D%26reserved%3D0&amp;source=gmail&amp;ust=1644045086079000&amp;usg=AOvVaw2roQcdTYgZFNWZ-yy-tjoL\">IX Jocs\u00a0Florals\u00a0Escolars\u00a0de Catalunya<\/a> amb l&#8217;objectiu de promoure l&#8217;escriptura tant en prosa com en poesia en infants i joves de sis a divuit anys. Us adjuntem les bases de participaci\u00f3:<\/p>\n<ul>\n<li><a href=\"https:\/\/drive.google.com\/file\/d\/15yGe2mujNWOZ1rOd2DfXwhgNv9WYtP6u\/view?usp=sharing\">Bases IX Jocs Florals<\/a><\/li>\n<\/ul>\n<p> Com podreu veure&hellip;  <a href=\"https:\/\/serveiseducatius.xtec.cat\/altmaresme\/general\/ix-jocs-florals-escolars-de-catalunya\/\" title=\"Read IX Jocs Florals Escolars de Catalunya\">Llegeix m\u00e9s\u00bb<\/a><\/p>\n","protected":false},"author":1,"featured_media":15838,"comment_status":"open","ping_status":"closed","sticky":false,"template":"","format":"standard","meta":{"_bbp_topic_count":0,"_bbp_reply_count":0,"_bbp_total_topic_count":0,"_bbp_total_reply_count":0,"_bbp_voice_count":0,"_bbp_anonymous_reply_count":0,"_bbp_topic_count_hidden":0,"_bbp_reply_count_hidden":0,"_bbp_forum_subforum_count":0,"footnotes":""},"categories":[1,71,29,1046,1045],"tags":[],"class_list":["post-15834","post","type-post","status-publish","format-standard","has-post-thumbnail","hentry","category-general","category-jocs-florals","category-portada","category-primaria","category-secundaria"],"post_mailing_queue_ids":[],"_links":{"self":[{"href":"https:\/\/serveiseducatius.xtec.cat\/altmaresme\/wp-json\/wp\/v2\/posts\/15834","targetHints":{"allow":["GET"]}}],"collection":[{"href":"https:\/\/serveiseducatius.xtec.cat\/altmaresme\/wp-json\/wp\/v2\/posts"}],"about":[{"href":"https:\/\/serveiseducatius.xtec.cat\/altmaresme\/wp-json\/wp\/v2\/types\/post"}],"author":[{"embeddable":true,"href":"https:\/\/serveiseducatius.xtec.cat\/altmaresme\/wp-json\/wp\/v2\/users\/1"}],"replies":[{"embeddable":true,"href":"https:\/\/serveiseducatius.xtec.cat\/altmaresme\/wp-json\/wp\/v2\/comments?post=15834"}],"version-history":[{"count":3,"href":"https:\/\/serveiseducatius.xtec.cat\/altmaresme\/wp-json\/wp\/v2\/posts\/15834\/revisions"}],"predecessor-version":[{"id":15839,"href":"https:\/\/serveiseducatius.xtec.cat\/altmaresme\/wp-json\/wp\/v2\/posts\/15834\/revisions\/15839"}],"wp:featuredmedia":[{"embeddable":true,"href":"https:\/\/serveiseducatius.xtec.cat\/altmaresme\/wp-json\/wp\/v2\/media\/15838"}],"wp:attachment":[{"href":"https:\/\/serveiseducatius.xtec.cat\/altmaresme\/wp-json\/wp\/v2\/media?parent=15834"}],"wp:term":[{"taxonomy":"category","embeddable":true,"href":"https:\/\/serveiseducatius.xtec.cat\/altmaresme\/wp-json\/wp\/v2\/categories?post=15834"},{"taxonomy":"post_tag","embeddable":true,"href":"https:\/\/serveiseducatius.xtec.cat\/altmaresme\/wp-json\/wp\/v2\/tags?post=15834"}],"curies":[{"name":"wp","href":"https:\/\/api.w.org\/{rel}","templated":true}]}}